{"id":157529,"date":"2025-12-18T09:12:14","date_gmt":"2025-12-18T09:12:14","guid":{"rendered":"https:\/\/www.europesays.com\/pl\/157529\/"},"modified":"2025-12-18T09:12:14","modified_gmt":"2025-12-18T09:12:14","slug":"360-tys-rosyjskich-zolnierzy-na-bialorusi-nato-reaguje-gotowe-bronic-kazdego-centymetra","status":"publish","type":"post","link":"https:\/\/www.europesays.com\/pl\/157529\/","title":{"rendered":"360 tys. rosyjskich \u017co\u0142nierzy na Bia\u0142orusi? NATO reaguje. 'Gotowe broni\u0107 ka\u017cdego centymetra&#8217;"},"content":{"rendered":"<p> Niemiecki polityk m\u00f3wi\u0142 o 360 tys. rosyjskich \u017co\u0142nierzy. NATO\u00a0reaguje<\/p>\n<p class=\"art_paragraph\">Kilka dni temu niemiecki ekspert ds. zagranicznych i <a href=\"https:\/\/wiadomosci.gazeta.pl\/polityka\/0,0.html#anchorLink\" rel=\"nofollow noopener\" target=\"_blank\">polityk<\/a> CDU\u00a0Roderich Kiesewetter powiedzia\u0142, \u017ce\u00a0na Bia\u0142orusi stacjonuje obecnie oko\u0142o 360 tysi\u0119cy rosyjskich \u017co\u0142nierzy, kt\u00f3rzy nie zostali skierowani do walk\u00a0w Ukrainie. Do tych s\u0142\u00f3w w rozmowie z Wirtualn\u0105 Polsk\u0105 odni\u00f3s\u0142 si\u0119 urz\u0119dnik Sojuszu P\u00f3\u0142nocnoatlantyckiego. &#8211;\u00a0Zgodnie z d\u0142ugoletni\u0105 polityk\u0105 NATO nie komentuje konkretnych kwestii wywiadowczych ani nie podaje do wiadomo\u015bci publicznej szczeg\u00f3\u0142owych ocen dotycz\u0105cych liczebno\u015bci si\u0142 zbrojnych &#8211; przekaza\u0142.\u00a0<\/p>\n<p> &#8222;NATO nieustannie monitoruje dzia\u0142ania wojskowe Rosji&#8221;<\/p>\n<p class=\"art_paragraph\">Jak podkre\u015bli\u0142, &#8222;NATO nieustannie monitoruje dzia\u0142ania wojskowe Rosji i jej bliskiego sojusznika, <a href=\"https:\/\/wiadomosci.gazeta.pl\/bialorus#anchorLink\" rel=\"nofollow noopener\" target=\"_blank\">Bia\u0142orusi<\/a>, w oparciu o <a href=\"https:\/\/wiadomosci.gazeta.pl\/wiadomosci\/0,0.html#anchorLink\" rel=\"nofollow noopener\" target=\"_blank\">informacje<\/a> wywiadowcze uzyskane od r\u00f3\u017cnych cz\u0142onk\u00f3w Sojuszu&#8221;. &#8211;\u00a0NATO pozostaje czujne wobec wszelkich potencjalnych zagro\u017ce\u0144 dla bezpiecze\u0144stwa Sojuszu i jest gotowe broni\u0107 ka\u017cdego centymetra terytorium cz\u0142onk\u00f3w Sojuszu &#8211; przekaza\u0142 Wirtualnej Polsce urz\u0119dnik.\u00a0<\/p>\n<p>\n    Zobacz wideo Strategia (nie)bezpiecze\u0144stwa narodowego\n  <\/p>\n<p> Litwa odpowiada na niemieckie doniesienia. &#8222;Zastraszanie spo\u0142ecze\u0144stwa&#8221;<\/p>\n<p class=\"art_paragraph\">Tymczasem litewskie s\u0142u\u017cby wywiadowcze poinformowa\u0142y, \u017ce\u00a0doniesienia o 360 tysi\u0105cach rosyjskich \u017co\u0142nierzy na Bia\u0142orusi, kt\u00f3rzy\u00a0gotowi\u00a0s\u0105 w ka\u017cdej chwili zaatakowa\u0107 NATO, to &#8222;ca\u0142kowita dezinformacja&#8221;. &#8222;Kr\u00f3tko m\u00f3wi\u0105c, na Bia\u0142orusi nie ma niczego, co by\u0142oby zbli\u017cone do tych liczb&#8221; &#8211; podkre\u015blono w komunikacie. Wed\u0142ug litewskiego <a href=\"https:\/\/wiadomosci.gazeta.pl\/ministerstwo-obrony#anchorLink\" rel=\"nofollow noopener\" target=\"_blank\">Ministerstwa Obrony<\/a> Rosja rozmie\u015bci\u0142a na Bia\u0142orusi kilka tysi\u0119cy \u017co\u0142nierzy, ale nie s\u0105 to znacz\u0105ce jednostki. Z kolei Narodowe Centrum Zarz\u0105dzania Kryzysowego Litwy wyrazi\u0142o ubolewanie, \u017ce powa\u017cne zagraniczne media rozpowszechniaj\u0105 publikacje niezgodne z rzeczywisto\u015bci\u0105, szerz\u0105c nieprawdziwe informacje. &#8222;Ta ca\u0142kowita dezinformacja ma na celu zastraszenie spo\u0142ecze\u0144stwa i wywo\u0142anie paniki. Niesprawdzone i ju\u017c obalone przez analityk\u00f3w oraz s\u0142u\u017cby wywiadowcze informacje podwa\u017caj\u0105 wiarygodno\u015b\u0107 publikacji i os\u0142abiaj\u0105 zaufanie, kt\u00f3re jest szczeg\u00f3lnie wa\u017cne w przypadku tradycyjnych medi\u00f3w&#8221; &#8211; napisa\u0142a litewska instytucja.<\/p>\n<p class=\"art_paragraph\">Czytaj tak\u017ce: <a href=\"https:\/\/wiadomosci.gazeta.pl\/swiat\/7,198076,32478656,niemieccy-zolnierze-w-ukrainie-merz-wymijajaco-putin-powiedzial.html\" class=\"art_link\" rel=\"dofollow noopener\" target=\"_blank\">Niemieccy \u017co\u0142nierze w Ukrainie? Merz wymijaj\u0105co: Putin powiedzia\u0142 &#8222;niet&#8221;<\/a>.<\/p>\n<p class=\"art_paragraph\">\u0179r\u00f3d\u0142a: Wirtualna Polska, IAR<\/p>\n","protected":false},"excerpt":{"rendered":"Niemiecki polityk m\u00f3wi\u0142 o 360 tys. rosyjskich \u017co\u0142nierzy. NATO\u00a0reaguje Kilka dni temu niemiecki ekspert ds. zagranicznych i polityk&hellip;\n","protected":false},"author":2,"featured_media":157530,"comment_status":"","ping_status":"","sticky":false,"template":"","format":"standard","meta":{"footnotes":""},"categories":[14],"tags":[32,33,27,34,35,28,31,25,40,41,80,29,30,26,82,83,84],"class_list":{"0":"post-157529","1":"post","2":"type-post","3":"status-publish","4":"format-standard","5":"has-post-thumbnail","7":"category-swiat","8":"tag-breaking-news","9":"tag-breakingnews","10":"tag-headlines","11":"tag-latest-news","12":"tag-latestnews","13":"tag-naglowki","14":"tag-najwazniejsze-artykuly","15":"tag-news","16":"tag-polish","17":"tag-polski","18":"tag-swiat","19":"tag-top-stories","20":"tag-topstories","21":"tag-wiadomosci","22":"tag-world","23":"tag-world-news","24":"tag-worldnews"},"share_on_mastodon":{"url":"https:\/\/pubeurope.com\/@pl\/115739803414951513","error":""},"_links":{"self":[{"href":"https:\/\/www.europesays.com\/pl\/wp-json\/wp\/v2\/posts\/157529","targetHints":{"allow":["GET"]}}],"collection":[{"href":"https:\/\/www.europesays.com\/pl\/wp-json\/wp\/v2\/posts"}],"about":[{"href":"https:\/\/www.europesays.com\/pl\/wp-json\/wp\/v2\/types\/post"}],"author":[{"embeddable":true,"href":"https:\/\/www.europesays.com\/pl\/wp-json\/wp\/v2\/users\/2"}],"replies":[{"embeddable":true,"href":"https:\/\/www.europesays.com\/pl\/wp-json\/wp\/v2\/comments?post=157529"}],"version-history":[{"count":0,"href":"https:\/\/www.europesays.com\/pl\/wp-json\/wp\/v2\/posts\/157529\/revisions"}],"wp:featuredmedia":[{"embeddable":true,"href":"https:\/\/www.europesays.com\/pl\/wp-json\/wp\/v2\/media\/157530"}],"wp:attachment":[{"href":"https:\/\/www.europesays.com\/pl\/wp-json\/wp\/v2\/media?parent=157529"}],"wp:term":[{"taxonomy":"category","embeddable":true,"href":"https:\/\/www.europesays.com\/pl\/wp-json\/wp\/v2\/categories?post=157529"},{"taxonomy":"post_tag","embeddable":true,"href":"https:\/\/www.europesays.com\/pl\/wp-json\/wp\/v2\/tags?post=157529"}],"curies":[{"name":"wp","href":"https:\/\/api.w.org\/{rel}","templated":true}]}}