{"id":157545,"date":"2025-12-18T09:21:10","date_gmt":"2025-12-18T09:21:10","guid":{"rendered":"https:\/\/www.europesays.com\/pl\/157545\/"},"modified":"2025-12-18T09:21:10","modified_gmt":"2025-12-18T09:21:10","slug":"szpital-zamkniety-po-smierci-pacjentki-szokujace-ustalenia-sledczych","status":"publish","type":"post","link":"https:\/\/www.europesays.com\/pl\/157545\/","title":{"rendered":"Szpital zamkni\u0119ty po \u015bmierci pacjentki. Szokuj\u0105ce ustalenia \u015bledczych"},"content":{"rendered":"<p>SPIS TRE\u015aCI<\/p>\n<ol class=\"ods-a-table-of-content__items\">\n<li class=\"ods-a-table-of-content__item\"><a href=\"#toc-esculap-w-bielsku-bialej-uchybienia-i-brak-personelu\" class=\"ods-a-table-of-content__link\">Esculap w Bielsku-Bia\u0142ej: uchybienia i brak personelu<\/a><\/li>\n<li class=\"ods-a-table-of-content__item\"><a href=\"#toc-esculap-prokuratura-prowadzi-sledztwo\" class=\"ods-a-table-of-content__link\">Esculap: prokuratura prowadzi \u015bledztwo<\/a><\/li>\n<li class=\"ods-a-table-of-content__item\"><a href=\"#toc-sejmowa-komisja-zdrowia-beda-kontrole\" class=\"ods-a-table-of-content__link\">Sejmowa Komisja Zdrowia: b\u0119d\u0105 kontrole<\/a><\/li>\n<\/ol>\n<p class=\"ods-c-paragraph \">Od 12 grudnia prywatny szpital Esculap w Bielsku-Bia\u0142ej przesta\u0142 dzia\u0142a\u0107. W rejestrze pojawi\u0142a si\u0119 oficjalna informacja o zako\u0144czeniu dzia\u0142alno\u015bci plac\u00f3wki z tym dniem.<\/p>\n<p class=\"ods-c-paragraph \">Zamkni\u0119cie szpitala to efekt kontroli przeprowadzonej przez urz\u0119dnik\u00f3w wojewody po <a rel=\"nofollow noopener\" href=\"https:\/\/dziecko.medonet.pl\/ciaza\/pacjentka-w-wysokiej-ciazy-zmarla-lekarze-z-zarzutami\/g3rg7wq\" id=\"e376d6a9-d477-45da-8781-540cc97e5c76\" target=\"_blank\">\u015bmierci pacjentki, u kt\u00f3rej w maju wykonano cesarskie ci\u0119cie<\/a>. Protok\u00f3\u0142 pokontrolny z zaleceniami sporz\u0105dzono 20 listopada, a szpital mia\u0142 dwa tygodnie na ich wdro\u017cenie. Poniewa\u017c zalece\u0144 nie zrealizowano, wojewoda wszcz\u0105\u0142 post\u0119powanie administracyjne, kt\u00f3re zako\u0144czy\u0142o si\u0119 wykre\u015bleniem plac\u00f3wki z rejestru.<\/p>\n<p>   Esculap w Bielsku-Bia\u0142ej: uchybienia i brak personelu<\/p>\n<p class=\"ods-c-paragraph \">W\u015br\u00f3d wykrytych przez kontroler\u00f3w nieprawid\u0142owo\u015bci znalaz\u0142y si\u0119 m.in. brak aktualnych przegl\u0105d\u00f3w technicznych dla kilkudziesi\u0119ciu urz\u0105dze\u0144 medycznych, brak uprawnie\u0144 do wykonywania zawodu u jednej z po\u0142o\u017cnych oraz obecno\u015b\u0107 na sali operacyjnej piel\u0119gniarki, kt\u00f3ra nie by\u0142a zatrudniona w plac\u00f3wce, ale podawa\u0142a \u015brodki znieczulaj\u0105ce podczas porodu.<\/p>\n<p class=\"ods-c-paragraph \">Ponadto trzech lekarzy nie potrafi\u0142o przedstawi\u0107 dokument\u00f3w potwierdzaj\u0105cych prawo do wykonywania zawodu, a czwarty nie mia\u0142 umowy o prac\u0119. A\u017c 21 pracownik\u00f3w nie posiada\u0142o dokument\u00f3w potwierdzaj\u0105cych spe\u0142nienie wymaga\u0144 zdrowotnych. Dokumentacja medyczna pacjentki by\u0142a prowadzona wy\u0142\u0105cznie w formie papierowej, by\u0142a nieczytelna, zawiera\u0142a liczne braki i poprawki bez odpowiednich adnotacji.<\/p>\n<p class=\"ods-c-paragraph \">Najpowa\u017cniejszym zarzutem, na kt\u00f3ry wskaza\u0142 wojewoda, by\u0142 brak ginekologa na oddziale po\u0142o\u017cniczym w dniu porodu pani Anny. Wed\u0142ug informacji przekazanych przez TVN 24, urz\u0119dnicy stwierdzili, \u017ce szpital nie zapewni\u0142 dy\u017curu lekarza po\u0142o\u017cnika, kt\u00f3ry powinien sprawowa\u0107 opiek\u0119 nad pacjentkami po cesarskim ci\u0119ciu przynajmniej w dniu i w nocy po zabiegu. Takie s\u0105 zalecenia Polskiego Towarzystwa Ginekolog\u00f3w i Po\u0142o\u017cnik\u00f3w w przypadku wyst\u0105pienia krwotok\u00f3w oko\u0142oporodowych.<\/p>\n<p>Dalszy ci\u0105g artyku\u0142u pod materia\u0142em wideo<\/p>\n<p> Jakie by\u0142y przyczyny zamkni\u0119cia szpitala Esculap? <\/p>\n<p> Kiedy dok\u0142adnie przesta\u0142 dzia\u0142a\u0107 szpital Esculap? <\/p>\n<p> Jakie nieprawid\u0142owo\u015bci wykryto w szpitalu? <\/p>\n<p> Co wydarzy\u0142o si\u0119 po \u015bmierci pacjentki w Esculapie? <\/p>\n<p class=\"ods-c-paragraph \">Narodowy Fundusz Zdrowia, ze wzgl\u0119du na zagro\u017cenie dla \u017cycia i zdrowia pacjent\u00f3w, ju\u017c 1 grudnia rozwi\u0105za\u0142 umow\u0119 ze szpitalem ze skutkiem natychmiastowym.<\/p>\n<p>Esculap: prokuratura prowadzi \u015bledztwo<\/p>\n<p class=\"ods-c-paragraph \">Spraw\u0105 \u015bmierci pacjentki w Esculapie od kilku miesi\u0119cy zajmuje si\u0119 prokuratura. W listopadzie prokurator postawi\u0142 zarzuty dw\u00f3m lekarzom \u2014 ginekologowi i anestezjologowi \u2014 oraz dw\u00f3m piel\u0119gniarkom. Lekarzom i jednej z piel\u0119gniarek zawieszono prawo wykonywania zawodu. Prezes plac\u00f3wki, b\u0119d\u0105cy jednym z lekarzy, otrzyma\u0142 tak\u017ce zakaz wykonywania jakichkolwiek czynno\u015bci zwi\u0105zanych z funkcjonowaniem szpitala.<\/p>\n<p class=\"ods-c-paragraph \">Nieprawid\u0142owo\u015bci wykryte przez kontroler\u00f3w i b\u0119d\u0105ce podstaw\u0105 do postawienia zarzut\u00f3w mia\u0142y przyczyni\u0107 si\u0119 do \u015bmierci pani Anny z \u017bywiecczyzny. 28 maja tego roku kobieta rodzi\u0142a w Esculapie swoje drugie dziecko przez <a href=\"https:\/\/www.medonet.pl\/t\/cesarskie-ciecie\/10153\" id=\"87c9c113-5736-4909-b76e-245018c33713\" rel=\"nofollow noopener\" target=\"_blank\">cesarskie ci\u0119cie<\/a>. Po kilku godzinach pojawi\u0142y si\u0119 powik\u0142ania, a kolejna operacja nie przynios\u0142a poprawy. Pacjentka zosta\u0142a przewieziona do szpitala w Cieszynie zbyt p\u00f3\u017ano i tam zmar\u0142a.<\/p>\n<p class=\"ods-c-paragraph \">Rodzina zmar\u0142ej kobiety zg\u0142osi\u0142a spraw\u0119 do prokuratury. Ustalenia \u015bledczych s\u0105 wstrz\u0105saj\u0105ce \u2014 tego samego dnia w szpitalu przeprowadzono sze\u015b\u0107 cesarskich ci\u0119\u0107, jednak na oddziale nie by\u0142o ginekologa. Pacjentka po operacji nie by\u0142a monitorowana, przez co nie rozpoznano powik\u0142a\u0144. Wed\u0142ug informacji TVN 24, ginekologa nie by\u0142o tak\u017ce podczas rozpocz\u0119cia drugiej operacji pani Anny.<\/p>\n<p>   <a href=\"https:\/\/csr.onet.pl\/1746213\/trk\/adclick\/das,1824309,0?CS=tracking\" title=\"MedonetPRO OnetPremium\" data-astro-prefetch=\"tap\" rel=\"nofollow noopener\" target=\"_blank\"> <img decoding=\"async\" src=\"https:\/\/www.europesays.com\/pl\/wp-content\/uploads\/2025\/10\/1760947870_673_9xOk9lBaHR0cHM6Ly9vY2RuLmV1L3B1bHNjbXMvTURBXy9hMGY5NWNmMDcwYzA5MjFiZDc2NTFlYzU4MDEzNGIzNy5wbmeSlQMAA.jpeg\" height=\"200\" width=\"840\" alt=\"MedonetPRO OnetPremium\" loading=\"lazy\" class=\"ods-c-image__img ods-c-image__img--viewport-width\"\/> <\/a><\/p>\n<p>MedonetPRO OnetPremiumMedonet<\/p>\n<p class=\"ods-c-paragraph \">W listopadzie prokurator postawi\u0142 zarzuty anestezjologowi i prezesowi szpitala Andrzejowi W., ginekologowi Jaros\u0142awowi K., piel\u0119gniarce instrumentariuszce Alinie W. oraz piel\u0119gniarce Darii D., kt\u00f3ra tego dnia pracowa\u0142a w Esculapie bez umowy o prac\u0119. Lekarzom i jednej piel\u0119gniarce zawieszono prawo wykonywania zawodu.<\/p>\n<p>Sejmowa Komisja Zdrowia: b\u0119d\u0105 kontrole<\/p>\n<p class=\"ods-c-paragraph \">Sprawa wywo\u0142a\u0142a og\u00f3lnopolsk\u0105 dyskusj\u0119 o bezpiecze\u0144stwie porod\u00f3w w ma\u0142ych oddzia\u0142ach. Podczas posiedzenia sejmowej Komisji Zdrowia wiceminister Tomasz Maciejewski przyzna\u0142: &#8222;Takie tragedie dziej\u0105 si\u0119 na ma\u0142ych porod\u00f3wkach. Ale teraz ka\u017ce sprawdzi\u0107 wszystkie&#8221; i zapowiedzia\u0142 kontrol\u0119 wszystkich oddzia\u0142\u00f3w po\u0142o\u017cniczo-ginekologicznych w kraju, szczeg\u00f3lnie tych z liczb\u0105 porod\u00f3w poni\u017cej 1000 rocznie, co \u2014 jak wskazuj\u0105 normy WHO \u2014 mo\u017ce wp\u0142ywa\u0107 na bezpiecze\u0144stwo pacjentek.<\/p>\n<p class=\"ods-c-paragraph \">Sprawa pokazuje, jak brak odpowiedniego nadzoru i oszcz\u0119dno\u015bci w ma\u0142ych plac\u00f3wkach mog\u0105 prowadzi\u0107 do dramatycznych konsekwencji.<\/p>\n<p> Tre\u015bci z serwisu Medonet maj\u0105 na celu polepszenie, a nie zast\u0105pienie, kontaktu pomi\u0119dzy U\u017cytkownikiem a jego lekarzem. Serwis ma charakter wy\u0142\u0105cznie informacyjno-edukacyjny. Przed zastosowaniem si\u0119 do porad z zakresu wiedzy specjalistycznej, w szczeg\u00f3lno\u015bci medycznych, zawartych w Serwisie nale\u017cy bezwzgl\u0119dnie skonsultowa\u0107 si\u0119 z lekarzem. <\/p>\n","protected":false},"excerpt":{"rendered":"SPIS TRE\u015aCI Esculap w Bielsku-Bia\u0142ej: uchybienia i brak personelu Esculap: prokuratura prowadzi \u015bledztwo Sejmowa Komisja Zdrowia: b\u0119d\u0105 kontrole&hellip;\n","protected":false},"author":2,"featured_media":157546,"comment_status":"","ping_status":"","sticky":false,"template":"","format":"standard","meta":{"footnotes":""},"categories":[5],"tags":[16335,32,33,23519,36,37,7689,27,34,35,28,31,48,25,46,42,38,40,39,41,5430,31339,47,5602,29,30,26],"class_list":{"0":"post-157545","1":"post","2":"type-post","3":"status-publish","4":"format-standard","5":"has-post-thumbnail","7":"category-naglowki","8":"tag-bielsko_biala","9":"tag-breaking-news","10":"tag-breakingnews","11":"tag-cesarskie_ciecie","12":"tag-featured-news","13":"tag-featurednews","14":"tag-ginekologia","15":"tag-headlines","16":"tag-latest-news","17":"tag-latestnews","18":"tag-naglowki","19":"tag-najwazniejsze-artykuly","20":"tag-nat_styl","21":"tag-news","22":"tag-omp","23":"tag-pl","24":"tag-poland","25":"tag-polish","26":"tag-polska","27":"tag-polski","28":"tag-porod","29":"tag-porodowka","30":"tag-screening_general","31":"tag-szpital","32":"tag-top-stories","33":"tag-topstories","34":"tag-wiadomosci"},"share_on_mastodon":{"url":"https:\/\/pubeurope.com\/@pl\/115739838964162627","error":""},"_links":{"self":[{"href":"https:\/\/www.europesays.com\/pl\/wp-json\/wp\/v2\/posts\/157545","targetHints":{"allow":["GET"]}}],"collection":[{"href":"https:\/\/www.europesays.com\/pl\/wp-json\/wp\/v2\/posts"}],"about":[{"href":"https:\/\/www.europesays.com\/pl\/wp-json\/wp\/v2\/types\/post"}],"author":[{"embeddable":true,"href":"https:\/\/www.europesays.com\/pl\/wp-json\/wp\/v2\/users\/2"}],"replies":[{"embeddable":true,"href":"https:\/\/www.europesays.com\/pl\/wp-json\/wp\/v2\/comments?post=157545"}],"version-history":[{"count":0,"href":"https:\/\/www.europesays.com\/pl\/wp-json\/wp\/v2\/posts\/157545\/revisions"}],"wp:featuredmedia":[{"embeddable":true,"href":"https:\/\/www.europesays.com\/pl\/wp-json\/wp\/v2\/media\/157546"}],"wp:attachment":[{"href":"https:\/\/www.europesays.com\/pl\/wp-json\/wp\/v2\/media?parent=157545"}],"wp:term":[{"taxonomy":"category","embeddable":true,"href":"https:\/\/www.europesays.com\/pl\/wp-json\/wp\/v2\/categories?post=157545"},{"taxonomy":"post_tag","embeddable":true,"href":"https:\/\/www.europesays.com\/pl\/wp-json\/wp\/v2\/tags?post=157545"}],"curies":[{"name":"wp","href":"https:\/\/api.w.org\/{rel}","templated":true}]}}