{"id":15762,"date":"2025-09-25T17:15:08","date_gmt":"2025-09-25T17:15:08","guid":{"rendered":"https:\/\/www.europesays.com\/pl\/15762\/"},"modified":"2025-09-25T17:15:08","modified_gmt":"2025-09-25T17:15:08","slug":"razem-chce-darmowych-obiadow-w-szkolach","status":"publish","type":"post","link":"https:\/\/www.europesays.com\/pl\/15762\/","title":{"rendered":"Razem chce darmowych obiad\u00f3w w szko\u0142ach"},"content":{"rendered":"\n<p>&#13;<br \/>\nW czwartek pos\u0142owie partii Razem zorganizowali konferencj\u0119 prasow\u0105, na\u00a0kt\u00f3rej przedstawili postulat wprowadzenia darmowych obiad\u00f3w w\u00a0polskich szko\u0142ach. Jak przekonywa\u0142a Marcelina Zawisza, projekt jest ju\u017c gotowy. &#13;\n<\/p>\n<p>&#13;<br \/>\n\u2013 Mamy projekt, kt\u00f3ry mo\u017ce zmieni\u0107 to, jak funkcjonuje polska szko\u0142a. S\u0105 badania, kt\u00f3re wprost pokazuj\u0105 zale\u017cno\u015b\u0107 mi\u0119dzy niedo\u017cywieniem dzieci, a\u00a0ich wynikami w\u00a0nauce. Mamy do\u00a0czynienia z\u00a0p\u00f3\u0142toramilionow\u0105 grup\u0105, kt\u00f3ra boryka si\u0119 z\u00a0ub\u00f3stwem, w\u00a0tym p\u00f3\u0142milionow\u0105 \u2013\u00a0z\u00a0ub\u00f3stwem skrajnym. M\u00f3wimy o\u00a0dzieciakach, kt\u00f3re powinny przynajmniej raz dziennie zje\u015b\u0107 jeden ciep\u0142y posi\u0142ek \u2013\u00a0m\u00f3wi\u0142a. &#13;\n<\/p>\n<p>Razem chce darmowych posi\u0142k\u00f3w w\u00a0szko\u0142ach<\/p>\n<p>&#13;<br \/>\nPose\u0142 argumentowa\u0142a, \u017ce\u00a0pa\u0144stwo ma\u00a0obowi\u0105zek dbania o\u00a0przysz\u0142o\u015b\u0107 dzieci. Przypomnia\u0142a r\u00f3wnie\u017c, \u017ce\u00a0obecnie posi\u0142ki w\u00a0szko\u0142ach s\u0105 dost\u0119pne za\u00a0op\u0142at\u0105. Wt\u00f3rowa\u0142 jej Adrian Zandberg. Polityk wskazywa\u0142, \u017ce\u00a0skoro <a href=\"https:\/\/dorzeczy.pl\/ekonomia\/773619\/tusk-o-gospodarce-polska-trafila-do-grona-panstw-bilionerow.html\" rel=\"nofollow noopener\" target=\"_blank\">Polska jest obecnie 20. gospodark\u0105 \u015bwiata<\/a>, to\u00a0sfinansowanie darmowych obiad\u00f3w dla\u00a0dzieci nie\u00a0powinno stanowi\u0107 problemu dla\u00a0bud\u017cetu pa\u0144stwa. &#13;\n<\/p>\n<p>&#13;<br \/>\n\u2013 Jak s\u0142yszeli\u015bmy niedawno od\u00a0ministra Sikorskiego i\u00a0premiera Tuska, wzrost gospodarczy w\u00a0Polsce jest imponuj\u0105cy\/ Polska idzie do\u00a0przodu. Skoro tak, to\u00a0naprawd\u0119 sta\u0107 nas na\u00a0to, \u017ceby w\u00a0ko\u0144cu raz na\u00a0zawsze zamkn\u0105\u0107 kwesti\u0119 g\u0142odnych dzieci w\u00a0szkole. Naprawd\u0119 sta\u0107 Polsk\u0119 na\u00a0to, \u017ceby wprowadzi\u0107 rozwi\u0105zanie, kt\u00f3re funkcjonuje w\u00a0wielu krajach europejskich, czyli powszechne prawo do\u00a0bezp\u0142atnego, ciep\u0142ego posi\u0142ku w\u00a0szkole \u2013\u00a0przekonywa\u0142. &#13;\n<\/p>\n<p>&#13;<br \/>\nZandberg stwierdzi\u0142, \u017ce\u00a0obecnie polski rz\u0105d wydaje &#8222;bardzo du\u017ce pieni\u0105dze na\u00a0w\u0105tpliwe rzeczy&#8221; i\u00a0przypomnia\u0142 afer\u0119 ze\u00a0\u015brodkami z\u00a0Krajowego Planu Odbudowy. Z\u00a0kolei wprowadzenie bezp\u0142atnych posi\u0142k\u00f3w w\u00a0szkole to\u00a0koszt ok. 6\u00a0mld z\u0142otych rocznie. &#13;\n<\/p>\n<p>&#13;<br \/>\n\u2013 W\u00a0skali polskiego bud\u017cetu to\u00a0nie s\u0105 wielkie pieni\u0105dze, kt\u00f3re pozwoli\u0142yby na\u00a0to, \u017ceby wprowadzi\u0107 w\u00a0Polsce powszechny, bezp\u0142atny, ciep\u0142y posi\u0142ek w\u00a0szkole \u2013\u00a0podsumowa\u0142. &#13;\n<\/p>\n<p>&#13;<br \/>\nCzytaj te\u017c:<br \/><a href=\"https:\/\/dorzeczy.pl\/opinie\/782466\/najwyzszy-czas-adrian-zandberg-chce-radykalnych-zmian.html\" rel=\"follow nofollow noopener\" data-schema=\"DORZECZY\" data-image=\"https:\/\/img.dorzeczy.pl\/_thumb\/3f\/66\/dcef3fe146790e309eb70e493ea4.jpeg\" target=\"_blank\">&#8222;Najwy\u017cszy czas&#8221;. Zandberg chce radykalnych zmian<\/a>Czytaj te\u017c:<br \/><a href=\"https:\/\/dorzeczy.pl\/opinie\/779862\/co-dalej-z-placa-minimalna-zandberg-uderza-w-dziemianowicz-bak.html\" rel=\"follow nofollow noopener\" data-schema=\"DORZECZY\" data-image=\"https:\/\/img.dorzeczy.pl\/_thumb\/69\/5c\/0ef78a8ddbc654b174fd68ac80b5.jpeg\" target=\"_blank\">Zandberg: Dziwi\u0119 si\u0119, \u017ce\u00a0Dziemianowicz-B\u0105k si\u0119 na\u00a0to\u00a0zgodzi\u0142a<\/a>&#13;<\/p>\n","protected":false},"excerpt":{"rendered":"&#13; W czwartek pos\u0142owie partii Razem zorganizowali konferencj\u0119 prasow\u0105, na\u00a0kt\u00f3rej przedstawili postulat wprowadzenia darmowych obiad\u00f3w w\u00a0polskich szko\u0142ach. Jak&hellip;\n","protected":false},"author":2,"featured_media":15763,"comment_status":"","ping_status":"","sticky":false,"template":"","format":"standard","meta":{"footnotes":""},"categories":[5],"tags":[32,33,5648,98,36,37,27,49,34,35,601,28,31,25,5647,102,42,38,40,39,41,5646,5643,5360,29,30,26,5645,5644],"class_list":{"0":"post-15762","1":"post","2":"type-post","3":"status-publish","4":"format-standard","5":"has-post-thumbnail","7":"category-naglowki","8":"tag-breaking-news","9":"tag-breakingnews","10":"tag-darmowe","11":"tag-dorzeczy","12":"tag-featured-news","13":"tag-featurednews","14":"tag-headlines","15":"tag-kraj","16":"tag-latest-news","17":"tag-latestnews","18":"tag-marcin-bugaj","19":"tag-naglowki","20":"tag-najwazniejsze-artykuly","21":"tag-news","22":"tag-obiady","23":"tag-opinie","24":"tag-pl","25":"tag-poland","26":"tag-polish","27":"tag-polska","28":"tag-polski","29":"tag-posilki","30":"tag-razem","31":"tag-szkoly","32":"tag-top-stories","33":"tag-topstories","34":"tag-wiadomosci","35":"tag-zandberg","36":"tag-zawisa"},"share_on_mastodon":{"url":"","error":""},"_links":{"self":[{"href":"https:\/\/www.europesays.com\/pl\/wp-json\/wp\/v2\/posts\/15762","targetHints":{"allow":["GET"]}}],"collection":[{"href":"https:\/\/www.europesays.com\/pl\/wp-json\/wp\/v2\/posts"}],"about":[{"href":"https:\/\/www.europesays.com\/pl\/wp-json\/wp\/v2\/types\/post"}],"author":[{"embeddable":true,"href":"https:\/\/www.europesays.com\/pl\/wp-json\/wp\/v2\/users\/2"}],"replies":[{"embeddable":true,"href":"https:\/\/www.europesays.com\/pl\/wp-json\/wp\/v2\/comments?post=15762"}],"version-history":[{"count":0,"href":"https:\/\/www.europesays.com\/pl\/wp-json\/wp\/v2\/posts\/15762\/revisions"}],"wp:featuredmedia":[{"embeddable":true,"href":"https:\/\/www.europesays.com\/pl\/wp-json\/wp\/v2\/media\/15763"}],"wp:attachment":[{"href":"https:\/\/www.europesays.com\/pl\/wp-json\/wp\/v2\/media?parent=15762"}],"wp:term":[{"taxonomy":"category","embeddable":true,"href":"https:\/\/www.europesays.com\/pl\/wp-json\/wp\/v2\/categories?post=15762"},{"taxonomy":"post_tag","embeddable":true,"href":"https:\/\/www.europesays.com\/pl\/wp-json\/wp\/v2\/tags?post=15762"}],"curies":[{"name":"wp","href":"https:\/\/api.w.org\/{rel}","templated":true}]}}