{"id":157623,"date":"2025-12-18T10:11:09","date_gmt":"2025-12-18T10:11:09","guid":{"rendered":"https:\/\/www.europesays.com\/pl\/157623\/"},"modified":"2025-12-18T10:11:09","modified_gmt":"2025-12-18T10:11:09","slug":"frustracja-w-usa-wyciekl-list-na-temat-ukrainy-termin-nie-jest-przypadkowy","status":"publish","type":"post","link":"https:\/\/www.europesays.com\/pl\/157623\/","title":{"rendered":"Frustracja w USA. Wyciek\u0142 list na temat Ukrainy. Termin nie jest przypadkowy"},"content":{"rendered":"<p>W li\u015bcie przes\u0142anym do belgijskiego ambasadora w Waszyngtonie, tu\u017c przed wa\u017cnym europejskim spotkaniem zaplanowanym na czwartek, Michael Bennet, demokratyczny senator z Kolorado wraz z sze\u015bcioma kolegami wzywaj\u0105 Belgi\u0119 i przyw\u00f3dc\u00f3w Unii Europejskiej do szybkiego dzia\u0142ania w sprawie planu wykorzystania zamro\u017conych rosyjskich aktyw\u00f3w pa\u0144stwowych jako zabezpieczenia ogromnej po\u017cyczki dla Ukrainy \u2014 wynika z kopii pisma, do kt\u00f3rej dotar\u0142 &#8222;Kyiv Post&#8221;.<\/p>\n<p>List podpisany przez przedstawicieli obu partii pojawi\u0142 si\u0119 tu\u017c przed wa\u017cnymi rozmowami europejskimi na temat finansowania Kijowa. Amerykanie ostrzegaj\u0105, \u017ce op\u00f3\u017anienie mo\u017ce o\u015bmieli\u0107 Putina i wystawi\u0107 na pr\u00f3b\u0119 determinacj\u0119 NATO.<\/p>\n<p class=\"ods-c-paragraph \">Jeszcze w tym tygodniu europejscy liderzy finansowi i polityczni spotkaj\u0105 si\u0119, by rozwa\u017cy\u0107 kolejne kroki w sprawie propozycji Komisji Europejskiej, kt\u00f3ra zak\u0142ada pozyskanie nawet 244 mld dol. [874 mld z\u0142, po obecnym kursie], wykorzystuj\u0105c do tego zamro\u017cone rosyjskie aktywa pa\u0144stwowe ulokowane w Europie \u2014 z czego wi\u0119kszo\u015b\u0107 znajduje si\u0119 w belgijskim centrum rozliczeniowym Euroclear.<\/p>\n<p>Dalszy ci\u0105g artyku\u0142u pod materia\u0142em wideo<\/p>\n<p class=\"ods-c-paragraph \">\u015arodki te mia\u0142yby pos\u0142u\u017cy\u0107 jako natychmiastowa po\u017cyczka dla Ukrainy, z obowi\u0105zkiem sp\u0142aty tylko w przypadku, gdy Moskwa w przysz\u0142o\u015bci wyp\u0142aci reparacje wojenne.<\/p>\n<p class=\"ods-c-paragraph \"><a href=\"https:\/\/wiadomosci.onet.pl\/swiat\/ryzykowna-propozycja-dla-ukrainy-jeden-ruch-radykalnie-zmieni-sytuacje-na-froncie\/p456b3g\" id=\"d14d5f3f-5cf4-41ed-9dce-b7d49d77f6e6\" rel=\"nofollow noopener\" target=\"_blank\">Ryzykowna propozycja dla Ukrainy. Jeden ruch radykalnie zmieni sytuacj\u0119 na froncie<\/a><\/p>\n<p class=\"ods-c-paragraph \">Termin publikacji jest nieprzypadkowy. Europejscy przyw\u00f3dcy s\u0105 pod presj\u0105, by pokaza\u0107 post\u0119py w kwestii d\u0142ugofalowego finansowania Ukrainy, a list przygotowany pod kierownictwem Benneta ma wp\u0142yn\u0105\u0107 na debat\u0119 jeszcze przed czwartkowym spotkaniem.<\/p>\n<p class=\"ods-c-paragraph \">&#8222;Kiedy prezydent Rosji W\u0142adimir Putin kontynuuje swoj\u0105 niesprawiedliw\u0105 i nieuzasadnion\u0105 wojn\u0119 przeciwko Ukrainie \u2014 prowadz\u0105c jednocze\u015bnie r\u00f3\u017cnorodne ataki hybrydowe przeciwko Europie i Stanom Zjednoczonym \u2014 zwracamy si\u0119 z poparciem dla propozycji Komisji Europejskiej \u2014 by odblokowa\u0107 te aktywa&#8221; \u2014 napisali senatorowie.<\/p>\n<p class=\"ods-c-paragraph \">Pod listem podpisali si\u0119 r\u00f3wnie\u017c senatorowie Dick Durbin [demokrata z Illinois], John Kennedy [republikanin z Luizjany], Amy Klobuchar [demokratka z Minnesoty], Adam Schiff [demokrata z Kalifornii], Peter Welch [demokrata z Vermontu] oraz Sheldon Whitehouse [demokrata z Rhode Island], co podkre\u015bla rzadk\u0105 ponadpartyjn\u0105 zgodno\u015b\u0107 w obliczu politycznych napi\u0119\u0107 wok\u00f3\u0142 pomocy dla Ukrainy w Waszyngtonie.<\/p>\n<p class=\"ods-c-paragraph \">Przekaz jest jasny: Waszyngton uwa\u017cnie si\u0119 przygl\u0105da \u2014 i oczekuje dzia\u0142ania.<\/p>\n<p>Belgijskie obawy prawne, ameryka\u0144ska niecierpliwo\u015b\u0107<\/p>\n<p class=\"ods-c-paragraph \">Tre\u015b\u0107 listu odzwierciedla rosn\u0105c\u0105 frustracj\u0119 Waszyngtonu z powodu tempa europejskich ustale\u0144. W mi\u0119dzyczasie Ukraina mierzy si\u0119 z nasilaj\u0105c\u0105 si\u0119 presj\u0105 militarn\u0105 i coraz wi\u0119ksz\u0105 dziur\u0105 bud\u017cetow\u0105.<\/p>\n<blockquote class=\"ods-o-quota\">\n<p class=\"ods-o-quota__paragraph\">Cho\u0107 Stany Zjednoczone i pa\u0144stwa G7 zgodzi\u0142y si\u0119 ju\u017c przekaza\u0107 Kijowowi zyski z zamro\u017conych rosyjskich aktyw\u00f3w, plan Komisji Europejskiej idzie o krok dalej \u2014 zak\u0142ada bowiem wykorzystanie samych aktyw\u00f3w jako zabezpieczenia.<\/p>\n<\/blockquote>\n<p class=\"ods-c-paragraph \">Ten krok <a href=\"https:\/\/wiadomosci.onet.pl\/swiat\/ukraina-na-ostatnich-rezerwach-a-bruksela-wciaz-kreci-sie-w-kolko-w-sprawie-miliardow\/3hdrhbz\" id=\"4e7699b3-f1ff-4db3-98d1-a8583dc62472\" rel=\"nofollow noopener\" target=\"_blank\">wywo\u0142a\u0142 obawy prawne i polityczne w Belgii<\/a>, kt\u00f3ra martwi si\u0119 ryzykiem pozw\u00f3w s\u0105dowych oraz trwa\u0142ym uszczerbkiem dla wiarygodno\u015bci finansowej Europy.<\/p>\n<p class=\"ods-c-paragraph \">Senatorowie odnosz\u0105 si\u0119 bezpo\u015brednio do tych w\u0105tpliwo\u015bci, podkre\u015blaj\u0105c, \u017ce unijni urz\u0119dnicy wypracowali rozwi\u0105zania maj\u0105ce &#8222;zminimalizowa\u0107 ewentualne ryzyka prawne dla Belgii&#8221; oraz argumentuj\u0105, \u017ce szybkie porozumienie &#8222;mog\u0142oby przynie\u015b\u0107 znacz\u0105ce korzy\u015bci Ukrainie i bezpiecze\u0144stwu transatlantyckiemu&#8221;, je\u015bli Bruksela i Komisja Europejska podejm\u0105 odpowiednie dzia\u0142ania.<\/p>\n<p>   Test dla NATO \u2014 i determinacji Zachodu<\/p>\n<p class=\"ods-c-paragraph \">Bennet, zasiadaj\u0105cy w senackiej Komisji do spraw Wywiadu, przedstawia t\u0119 spraw\u0119 jako szerszy, geopolityczny punkt zwrotny.<\/p>\n<p class=\"ods-c-paragraph \">&#8222;Putin nie zatrzyma si\u0119, je\u015bli wygra na Ukrainie, lecz b\u0119dzie dalej testowa\u0142 determinacj\u0119 NATO&#8221; \u2014 ostrzegaj\u0105 senatorowie, wskazuj\u0105c, \u017ce dodatkowe wsparcie finansowe jest kluczowe &#8222;dla Europy zjednoczonej i wolnej \u2014 oraz dla obrony demokracji na ca\u0142ym \u015bwiecie&#8221;.<\/p>\n<p class=\"ods-c-paragraph \">Dla ameryka\u0144skich ustawodawc\u00f3w sp\u00f3r o aktywa nie sprowadza si\u0119 ju\u017c tylko do przetrwania Ukrainy \u2014 chodzi tak\u017ce o odstraszanie przeciwnika.<\/p>\n<p class=\"ods-c-paragraph \">W li\u015bcie podkre\u015blono r\u00f3wnie\u017c, \u017ce europejska debata toczy si\u0119 na tle zmieniaj\u0105cej si\u0119 sytuacji politycznej w Stanach Zjednoczonych.<\/p>\n<p class=\"ods-c-paragraph \">W ub.r. Kongres USA uchwali\u0142 ustaw\u0119 Rebuilding Economic Prosperity and Opportunity for Ukrainians Act [Ustawa o odbudowie dobrobytu gospodarczego i mo\u017cliwo\u015bci dla Ukrai\u0144c\u00f3w] jako cz\u0119\u015b\u0107 pakietu bezpiecze\u0144stwa narodowego, zezwalaj\u0105c prezydentowi na przej\u0119cie rosyjskich aktyw\u00f3w pa\u0144stwowych ulokowanych w USA.<\/p>\n<p class=\"ods-c-paragraph \">Cz\u0119\u015b\u0107 sygnatariuszy podkre\u015bla, \u017ce obecnie forsuje ustawodawstwo pozwalaj\u0105ce rozpocz\u0105\u0107 przekierowanie tych \u015brodk\u00f3w \u2014 co \u015bwiadczy o coraz wi\u0119kszej gotowo\u015bci na Kapitolu do krok\u00f3w, kt\u00f3re wcze\u015bniej wydawa\u0142y si\u0119 prawnie i politycznie nie do przyj\u0119cia.<\/p>\n<p class=\"ods-c-paragraph \">Poza wsparciem zbrojeniowym senatorowie argumentuj\u0105, \u017ce \u015brodki te mog\u0105 pom\u00f3c Ukrainie za\u0142ata\u0107 zbli\u017caj\u0105c\u0105 si\u0119 luk\u0119 bud\u017cetow\u0105, sfinansowa\u0107 pilnie potrzebne systemy obrony powietrznej poprzez mechanizmy takie jak <a href=\"https:\/\/wiadomosci.onet.pl\/swiat\/polska-i-niemcy-oglaszaja-wspolny-pakiet-dla-ukrainy-radoslaw-sikorski-podal-kwote\/fwhysl9\" id=\"ba5c0bd9-8406-4c76-a16a-129cedf8b427\" rel=\"nofollow noopener\" target=\"_blank\">Prioritized Ukraine Requirements List<\/a> [PURL, czyli lista priorytetowych wymaga\u0144 Ukrainy], a tak\u017ce umo\u017cliwi\u0107 uzyskanie ostatecznej umowy z Mi\u0119dzynarodowym Funduszem Walutowym, kluczowej dla funkcjonowania ukrai\u0144skiego rz\u0105du.<\/p>\n<p class=\"ods-c-paragraph \">Tu\u017c przed czwartkowym spotkaniem europejskich przyw\u00f3dc\u00f3w przekaz z Kapitolu jest czytelny: pieni\u0105dze s\u0105 ju\u017c zamro\u017cone, podstawa prawna si\u0119 kszta\u0142tuje \u2014 a zw\u0142oka, ostrzegaj\u0105 senatorowie, dzia\u0142a tylko na korzy\u015b\u0107 Putina.<\/p>\n","protected":false},"excerpt":{"rendered":"W li\u015bcie przes\u0142anym do belgijskiego ambasadora w Waszyngtonie, tu\u017c przed wa\u017cnym europejskim spotkaniem zaplanowanym na czwartek, Michael Bennet,&hellip;\n","protected":false},"author":2,"featured_media":157624,"comment_status":"","ping_status":"","sticky":false,"template":"","format":"standard","meta":{"footnotes":""},"categories":[5],"tags":[56,942,32,33,2761,36,37,27,76,2178,34,35,28,31,48,160,25,46,42,38,40,39,41,47,80,29,30,26,408],"class_list":{"0":"post-157623","1":"post","2":"type-post","3":"status-publish","4":"format-standard","5":"has-post-thumbnail","7":"category-naglowki","8":"tag-article_premium","9":"tag-belgia","10":"tag-breaking-news","11":"tag-breakingnews","12":"tag-bruksela","13":"tag-featured-news","14":"tag-featurednews","15":"tag-headlines","16":"tag-inwazja_rosji_na_ukraine","17":"tag-komisja_europejska","18":"tag-latest-news","19":"tag-latestnews","20":"tag-naglowki","21":"tag-najwazniejsze-artykuly","22":"tag-nat_styl","23":"tag-nato","24":"tag-news","25":"tag-omp","26":"tag-pl","27":"tag-poland","28":"tag-polish","29":"tag-polska","30":"tag-polski","31":"tag-screening_general","32":"tag-swiat","33":"tag-top-stories","34":"tag-topstories","35":"tag-wiadomosci","36":"tag-wladimir_putin"},"share_on_mastodon":{"url":"https:\/\/pubeurope.com\/@pl\/115740035421031939","error":""},"_links":{"self":[{"href":"https:\/\/www.europesays.com\/pl\/wp-json\/wp\/v2\/posts\/157623","targetHints":{"allow":["GET"]}}],"collection":[{"href":"https:\/\/www.europesays.com\/pl\/wp-json\/wp\/v2\/posts"}],"about":[{"href":"https:\/\/www.europesays.com\/pl\/wp-json\/wp\/v2\/types\/post"}],"author":[{"embeddable":true,"href":"https:\/\/www.europesays.com\/pl\/wp-json\/wp\/v2\/users\/2"}],"replies":[{"embeddable":true,"href":"https:\/\/www.europesays.com\/pl\/wp-json\/wp\/v2\/comments?post=157623"}],"version-history":[{"count":0,"href":"https:\/\/www.europesays.com\/pl\/wp-json\/wp\/v2\/posts\/157623\/revisions"}],"wp:featuredmedia":[{"embeddable":true,"href":"https:\/\/www.europesays.com\/pl\/wp-json\/wp\/v2\/media\/157624"}],"wp:attachment":[{"href":"https:\/\/www.europesays.com\/pl\/wp-json\/wp\/v2\/media?parent=157623"}],"wp:term":[{"taxonomy":"category","embeddable":true,"href":"https:\/\/www.europesays.com\/pl\/wp-json\/wp\/v2\/categories?post=157623"},{"taxonomy":"post_tag","embeddable":true,"href":"https:\/\/www.europesays.com\/pl\/wp-json\/wp\/v2\/tags?post=157623"}],"curies":[{"name":"wp","href":"https:\/\/api.w.org\/{rel}","templated":true}]}}