{"id":157636,"date":"2025-12-18T10:18:06","date_gmt":"2025-12-18T10:18:06","guid":{"rendered":"https:\/\/www.europesays.com\/pl\/157636\/"},"modified":"2025-12-18T10:18:06","modified_gmt":"2025-12-18T10:18:06","slug":"tsue-wydal-wyrok-w-sprawie-tk-narusza-podstawowe-zasady-prawa-ue","status":"publish","type":"post","link":"https:\/\/www.europesays.com\/pl\/157636\/","title":{"rendered":"TSUE wyda\u0142 wyrok w sprawie TK. &#8222;Narusza podstawowe zasady prawa UE&#8221;"},"content":{"rendered":"<p class=\"ods-c-paragraph \">Trybuna\u0142 Sprawiedliwo\u015bci UE orzek\u0142 w czwartek, \u017ce polski Trybuna\u0142 Konstytucyjny naruszy\u0142 prawo Unii nie respektuj\u0105c wyrok\u00f3w TSUE. TK nie spe\u0142nia tak\u017ce wymog\u00f3w niezawis\u0142ego i bezstronnego s\u0105du, ustanowionego uprzednio ustaw\u0105, z powodu nieprawid\u0142owo\u015bci w powo\u0142aniu trzech jego cz\u0142onk\u00f3w oraz prezesa.<\/p>\n<p> Jakie podstawowe zasady prawa UE naruszy\u0142 TK? <\/p>\n<p> Kiedy zapad\u0142y wyroki podwa\u017caj\u0105ce prymat prawa unijnego? <\/p>\n<p> Co uzna\u0142 TK w wyroku z 7 pa\u017adziernika 2021 r.? <\/p>\n<p> Jakie nieprawid\u0142owo\u015bci wskaza\u0142 TSUE w powo\u0142aniu cz\u0142onk\u00f3w TK? <\/p>\n<p class=\"ods-c-paragraph \">W swoim wyroku TSUE w pe\u0142ni uwzgl\u0119dni\u0142 skarg\u0119 Komisji Europejskiej z\u0142o\u017con\u0105 po wydaniu przez TK dw\u00f3ch wyrok\u00f3w uderzaj\u0105cych w pierwsze\u0144stwo prawa unijnego przed prawem krajowym we Wsp\u00f3lnocie.<\/p>\n<p class=\"ods-c-paragraph \">TSUE stwierdzi\u0142 uchybienia Polski wzgl\u0119dem prawa UE.<\/p>\n<p class=\"ods-c-paragraph \">W swoim wyroku TSUE podkre\u015bli\u0142, \u017ce Polska nie mo\u017ce powo\u0142ywa\u0107 si\u0119 na swoj\u0105 to\u017csamo\u015b\u0107 konstytucyjn\u0105, aby uchyli\u0107 si\u0119 od respektowania wsp\u00f3lnych warto\u015bci zapisanych w art. 2 Traktatu o UE, takich jak pa\u0144stwo prawne, skuteczna ochrona s\u0105dowa i niezale\u017cno\u015b\u0107 wymiaru sprawiedliwo\u015bci.<\/p>\n<p class=\"ods-c-paragraph \">&#8222;Warto\u015bci te stanowi\u0105 bowiem podstaw\u0119 samej to\u017csamo\u015bci Unii, do kt\u00f3rej Polska przyst\u0105pi\u0142a dobrowolnie. Po akcesji (Polski do UE \u2014 PAP) warto\u015bci te znajduj\u0105 sw\u00f3j konkretny wyraz w prawnie wi\u0105\u017c\u0105cych zobowi\u0105zaniach, od kt\u00f3rych pa\u0144stwa cz\u0142onkowskie nie mog\u0105 si\u0119 uchyli\u0107&#8221; \u2014 uzna\u0142 TSUE.<\/p>\n<p>   Polski trybuna\u0142 podwa\u017cy\u0142 prymat prawa unijnego. Zapad\u0142y dwa wyroki<\/p>\n<p class=\"ods-c-paragraph \">Wyroki podwa\u017caj\u0105ce prymat prawa unijnego polski trybuna\u0142 wyda\u0142 14 lipca i 7 pa\u017adziernika 2021 r. By\u0142o to nast\u0119pstwem zmian w polskim s\u0105downictwie, uchwalonych przez \u00f3wczesny rz\u0105d Prawa i Sprawiedliwo\u015bci i kwestionowanych przez KE, a potem TSUE.<\/p>\n<p class=\"ods-c-paragraph \">Wyrok z 14 lipca 2021 r. odnosi\u0142 si\u0119 do stosowania przez TSUE \u015brodk\u00f3w tymczasowych dotycz\u0105cych polskiego s\u0105downictwa. TK uzna\u0142 za niezgodny z konstytucj\u0105 zapis w unijnym traktacie, na podstawie kt\u00f3rego TSUE nakaza\u0142 w ramach zabezpieczenia zawieszenie dzia\u0142ania Izby Dyscyplinarnej w S\u0105dzie Najwy\u017cszym do czasu wydania ostatecznego wyroku przez trybuna\u0142 w Luksemburgu. P\u00f3\u017aniej TSUE na\u0142o\u017cy\u0142 na Polsk\u0119 kary dzienne za niezastosowanie si\u0119 do tego nakazu.<\/p>\n<p class=\"ods-c-paragraph \">Wyrok z 7 pa\u017adziernika 2021 r. odpowiada\u0142 na pytanie \u00f3wczesnego premiera Mateusza Morawieckiego, kt\u00f3ry chcia\u0142 kompleksowego rozstrzygni\u0119cia kwestii kolizji norm prawa europejskiego z polsk\u0105 konstytucj\u0105. TK stwierdzi\u0142, \u017ce przepisy europejskie uprawniaj\u0105ce s\u0105dy krajowe do pomijania przepis\u00f3w konstytucji lub orzekania na podstawie uchylonych norm s\u0105 niezgodne z Konstytucj\u0105 RP. &#8222;Unijne traktaty \u2014 jako akty prawa mi\u0119dzynarodowego \u2014 maj\u0105 pierwsze\u0144stwo przed prawem krajowym rangi ustawowej, nie mog\u0105 jednak wyprzedza\u0107 konstytucji&#8221; \u2014 uzna\u0142 TK.<\/p>\n","protected":false},"excerpt":{"rendered":"Trybuna\u0142 Sprawiedliwo\u015bci UE orzek\u0142 w czwartek, \u017ce polski Trybuna\u0142 Konstytucyjny naruszy\u0142 prawo Unii nie respektuj\u0105c wyrok\u00f3w TSUE. TK&hellip;\n","protected":false},"author":2,"featured_media":157637,"comment_status":"","ping_status":"","sticky":false,"template":"","format":"standard","meta":{"footnotes":""},"categories":[5],"tags":[32,33,36,37,27,49,34,35,28,31,48,25,46,42,38,40,39,41,47,29,30,4423,8652,26],"class_list":{"0":"post-157636","1":"post","2":"type-post","3":"status-publish","4":"format-standard","5":"has-post-thumbnail","7":"category-naglowki","8":"tag-breaking-news","9":"tag-breakingnews","10":"tag-featured-news","11":"tag-featurednews","12":"tag-headlines","13":"tag-kraj","14":"tag-latest-news","15":"tag-latestnews","16":"tag-naglowki","17":"tag-najwazniejsze-artykuly","18":"tag-nat_styl","19":"tag-news","20":"tag-omp","21":"tag-pl","22":"tag-poland","23":"tag-polish","24":"tag-polska","25":"tag-polski","26":"tag-screening_general","27":"tag-top-stories","28":"tag-topstories","29":"tag-trybunal_konstytucyjny_tk","30":"tag-tsue","31":"tag-wiadomosci"},"share_on_mastodon":{"url":"https:\/\/pubeurope.com\/@pl\/115740063018697944","error":""},"_links":{"self":[{"href":"https:\/\/www.europesays.com\/pl\/wp-json\/wp\/v2\/posts\/157636","targetHints":{"allow":["GET"]}}],"collection":[{"href":"https:\/\/www.europesays.com\/pl\/wp-json\/wp\/v2\/posts"}],"about":[{"href":"https:\/\/www.europesays.com\/pl\/wp-json\/wp\/v2\/types\/post"}],"author":[{"embeddable":true,"href":"https:\/\/www.europesays.com\/pl\/wp-json\/wp\/v2\/users\/2"}],"replies":[{"embeddable":true,"href":"https:\/\/www.europesays.com\/pl\/wp-json\/wp\/v2\/comments?post=157636"}],"version-history":[{"count":0,"href":"https:\/\/www.europesays.com\/pl\/wp-json\/wp\/v2\/posts\/157636\/revisions"}],"wp:featuredmedia":[{"embeddable":true,"href":"https:\/\/www.europesays.com\/pl\/wp-json\/wp\/v2\/media\/157637"}],"wp:attachment":[{"href":"https:\/\/www.europesays.com\/pl\/wp-json\/wp\/v2\/media?parent=157636"}],"wp:term":[{"taxonomy":"category","embeddable":true,"href":"https:\/\/www.europesays.com\/pl\/wp-json\/wp\/v2\/categories?post=157636"},{"taxonomy":"post_tag","embeddable":true,"href":"https:\/\/www.europesays.com\/pl\/wp-json\/wp\/v2\/tags?post=157636"}],"curies":[{"name":"wp","href":"https:\/\/api.w.org\/{rel}","templated":true}]}}