{"id":157640,"date":"2025-12-18T10:20:16","date_gmt":"2025-12-18T10:20:16","guid":{"rendered":"https:\/\/www.europesays.com\/pl\/157640\/"},"modified":"2025-12-18T10:20:16","modified_gmt":"2025-12-18T10:20:16","slug":"tuz-przed-swietami-arkadiusz-i-julia-z-rolnik-szuka-zony-przekazali-wiesci-mozemy-powiedziec-ze-rmf-fm","status":"publish","type":"post","link":"https:\/\/www.europesays.com\/pl\/157640\/","title":{"rendered":"Tu\u017c przed \u015bwi\u0119tami Arkadiusz i Julia z \u201eRolnik szuka \u017cony\u201d przekazali wie\u015bci. \u201eMo\u017cemy powiedzie\u0107, \u017ce\u2026\u201d :: RMF FM"},"content":{"rendered":"<p>Po finale programu \u201eRolnik szuka \u017cony\u201d fani telewizyjnego formatu zastanawiaj\u0105 si\u0119, kt\u00f3re pary przetrwa\u0142y. Czy Arkadiusz i Julia \u2013 uczestnicy 12. edycji \u2013 s\u0105 razem? Tak odpowiedzieli na pytanie nurtuj\u0105ce widz\u00f3w. <\/p>\n<p><img decoding=\"async\" alt=\"\" src=\"https:\/\/www.europesays.com\/pl\/wp-content\/uploads\/2025\/12\/81fd8fb14d6ab9ab2221b5e6feac0452.jpg\" class=\"w-100\"\/><\/p>\n<p>Uczestnicy programu \u201eRolnik szuka \u017cony\u201d. Fot. materia\u0142y prasowe TVP<\/p>\n<p>&#13;<br \/>\n\tOgl\u0105daj\u0105c fina\u0142 12. edycji programu \u201eRolnik szuka \u017cony\u201d, widzowie TVP1 dowiedzieli si\u0119, kt\u00f3re pary przetrwa\u0142y. Okazuje si\u0119, \u017ce trwa\u0142e zwi\u0105zki stworzyli: Arkadiusz i Julia, Weronika i Gabriel oraz Barbara i Mateusz. Jak donosz\u0105 media, ostatnia z wymienionych relacji nale\u017cy ju\u017c do przesz\u0142o\u015bci.<\/p>\n<p><a href=\"https:\/\/www.rmf.fm\/magazyn\/news,86419,barbara-i-mateusz-z-rolnik-szuka-zony-rozstali-sie-nowe-wiesci-ws-relacji-uczestnikow-show.html\" rel=\"nofollow noopener\" target=\"_blank\"><img decoding=\"async\" src=\"https:\/\/www.europesays.com\/pl\/wp-content\/uploads\/2025\/12\/e06d64a232ba0a2b5fafe45d037a6513.jpg\" width=\"290\"\/><\/a><a href=\"https:\/\/www.rmf.fm\/magazyn\/news,86419,barbara-i-mateusz-z-rolnik-szuka-zony-rozstali-sie-nowe-wiesci-ws-relacji-uczestnikow-show.html\" rel=\"nofollow noopener\" target=\"_blank\">Barbara i Mateusz z \u201eRsz\u017b\u201d rozstali si\u0119? Nowe wie\u015bci ws. relacji uczestnik\u00f3w<\/a><\/p>\n<p>Czy Barbara i Mateusz z programu \u201eRolnik szuka \u017cony\u201d s\u0105 razem? Kilka dni po emisji fina\u0142owego odcinka 12. edycji w mediach zacz\u0119\u0142y pojawia\u0107 si\u0119 doniesienia o tym, jak obecnie wygl\u0105da sytuacja mi\u0119dzy uczestnikami show. Ta wiadomo\u015b\u0107&#8230;<\/p>\n<p>&#13;<br \/>\n\tA co s\u0142ycha\u0107 u Julii i Arkadiusza? Uczestnicy show pojawili si\u0119 na nagraniach \u015bwi\u0105tecznej ods\u0142ony \u201eRsz\u017b\u201d, a za kulisami ch\u0119tnie odpowiadali na pytania. Na oficjalne profile projektu trafi\u0142 kr\u00f3tki filmik, w kt\u00f3rym potwierdzaj\u0105, \u017ce ich uczucie wci\u0105\u017c ro\u015bnie.<\/p>\n<p>&#13;<br \/>\n\tCzy Arkadiusz i Julia z \u201eRolnik szuka \u017cony 12\u201d s\u0105 razem po programie?<\/p>\n<p>&#13;<br \/>\n\tArkadiusz zg\u0142osi\u0142 si\u0119 do 12. edycji programu \u201eRolnik szuka \u017cony\u201d, by nawi\u0105za\u0107 nowe znajomo\u015bci. Chocia\u017c do swojego gospodarstwa zaprosi\u0142 a\u017c trzy kandydatki, to przed kamerami nie ukrywa\u0142, \u017ce jego serce mocniej zabi\u0142o na widok Julii. Nie przyzna\u0142 si\u0119 jednak do swoich uczu\u0107 przed pozosta\u0142ymi paniami, co wzbudzi\u0142o mieszane uczucia widz\u00f3w.<\/p>\n<blockquote class=\"instagram-media\" data-instgrm-captioned=\"\" data-instgrm-permalink=\"https:\/\/www.instagram.com\/p\/DR-fUe7l2jk\/?utm_source=ig_embed&amp;utm_campaign=loading\" data-instgrm-version=\"14\" style=\" background:#FFF; border:0; border-radius:3px; box-shadow:0 0 1px 0 rgba(0,0,0,0.5),0 1px 10px 0 rgba(0,0,0,0.15); margin: 1px; max-width:540px; min-width:326px; padding:0; width:99.375%; width:-webkit-calc(100% - 2px); width:calc(100% - 2px);\"\/>\n<p>&#13;<br \/>\n\t25-latek i jego nowa znajoma poznawali si\u0119 wzajemnie, a ich pierwsze wsp\u00f3lne momenty pojawia\u0142y si\u0119 w odcinkach \u201eRolnika\u2026\u201d. W finale obydwoje zgodnie przyznali, \u017ce razem patrz\u0105 w przysz\u0142o\u015b\u0107. Od momentu realizacji nagra\u0144 do wspomnianej ods\u0142ony show TVP min\u0119\u0142o ju\u017c kilka tygodni. Niedawno Julia i Arkadiusz pojawili si\u0119 na nagraniach do \u015bwi\u0105tecznego odcinka programu. Na wideo prosto z planu potwierdzili, \u017ce ich relacja ma si\u0119 bardzo dobrze.<\/p>\n<blockquote><p>&#13;<\/p>\n<p>&#13;<br \/>\n\t\tMo\u017cemy powiedzie\u0107, \u017ce jeste\u015bmy razem \u2013 wyzna\u0142 Arkadiusz.<\/p>\n<p>&#13;\n<\/p><\/blockquote>\n<p>&#13;<br \/>\n\tZakochani podzielili si\u0119 r\u00f3wnie\u017c planami na nadchodz\u0105ce \u015bwi\u0119ta. Ten wyj\u0105tkowy czas zamierzaj\u0105 sp\u0119dzi\u0107 wsp\u00f3lnie:<\/p>\n<p>&#13;<br \/>\n\t\u201eNa pewno \u015bwi\u0119ta sp\u0119dzimy ka\u017cdy ze swoj\u0105 rodzin\u0105, ale prawdopodobnie ja przyjad\u0119 na pierwszy lub na drugi dzie\u0144 \u015bwi\u0105t do Arka.\u201d<\/p>\n<p>&#13;<br \/>\n\tKibicowali\u015bcie tej parze, ogl\u0105daj\u0105c odcinki programu \u201eRolnik szuka \u017cony\u201d?<\/p>\n<blockquote class=\"instagram-media\" data-instgrm-captioned=\"\" data-instgrm-permalink=\"https:\/\/www.instagram.com\/p\/DSYIcGWgtEw\/?utm_source=ig_embed&amp;utm_campaign=loading\" data-instgrm-version=\"14\" style=\" background:#FFF; border:0; border-radius:3px; box-shadow:0 0 1px 0 rgba(0,0,0,0.5),0 1px 10px 0 rgba(0,0,0,0.15); margin: 1px; max-width:540px; min-width:326px; padding:0; width:99.375%; width:-webkit-calc(100% - 2px); width:calc(100% - 2px);\"\/>\n<p>\t\t\t\t\t\t<script async src=\"\/\/www.instagram.com\/embed.js\"><\/script><\/p>\n","protected":false},"excerpt":{"rendered":"Po finale programu \u201eRolnik szuka \u017cony\u201d fani telewizyjnego formatu zastanawiaj\u0105 si\u0119, kt\u00f3re pary przetrwa\u0142y. Czy Arkadiusz i Julia&hellip;\n","protected":false},"author":2,"featured_media":157641,"comment_status":"","ping_status":"","sticky":false,"template":"","format":"standard","meta":{"footnotes":""},"categories":[22],"tags":[31343,17456,122,42,38,40,39,41,17453,31342,20293,123],"class_list":{"0":"post-157640","1":"post","2":"type-post","3":"status-publish","4":"format-standard","5":"has-post-thumbnail","7":"category-rozrywka","8":"tag-arkadiusz-z-rolnik-szuka-zony","9":"tag-czy-sa-razem","10":"tag-entertainment","11":"tag-pl","12":"tag-poland","13":"tag-polish","14":"tag-polska","15":"tag-polski","16":"tag-rolnik-szuka-zony","17":"tag-rolnik-szuka-zony-pary","18":"tag-rolnik-szuka-zony-uczestnicy","19":"tag-rozrywka"},"share_on_mastodon":{"url":"https:\/\/pubeurope.com\/@pl\/115740071000569764","error":""},"_links":{"self":[{"href":"https:\/\/www.europesays.com\/pl\/wp-json\/wp\/v2\/posts\/157640","targetHints":{"allow":["GET"]}}],"collection":[{"href":"https:\/\/www.europesays.com\/pl\/wp-json\/wp\/v2\/posts"}],"about":[{"href":"https:\/\/www.europesays.com\/pl\/wp-json\/wp\/v2\/types\/post"}],"author":[{"embeddable":true,"href":"https:\/\/www.europesays.com\/pl\/wp-json\/wp\/v2\/users\/2"}],"replies":[{"embeddable":true,"href":"https:\/\/www.europesays.com\/pl\/wp-json\/wp\/v2\/comments?post=157640"}],"version-history":[{"count":0,"href":"https:\/\/www.europesays.com\/pl\/wp-json\/wp\/v2\/posts\/157640\/revisions"}],"wp:featuredmedia":[{"embeddable":true,"href":"https:\/\/www.europesays.com\/pl\/wp-json\/wp\/v2\/media\/157641"}],"wp:attachment":[{"href":"https:\/\/www.europesays.com\/pl\/wp-json\/wp\/v2\/media?parent=157640"}],"wp:term":[{"taxonomy":"category","embeddable":true,"href":"https:\/\/www.europesays.com\/pl\/wp-json\/wp\/v2\/categories?post=157640"},{"taxonomy":"post_tag","embeddable":true,"href":"https:\/\/www.europesays.com\/pl\/wp-json\/wp\/v2\/tags?post=157640"}],"curies":[{"name":"wp","href":"https:\/\/api.w.org\/{rel}","templated":true}]}}