{"id":157645,"date":"2025-12-18T10:28:07","date_gmt":"2025-12-18T10:28:07","guid":{"rendered":"https:\/\/www.europesays.com\/pl\/157645\/"},"modified":"2025-12-18T10:28:07","modified_gmt":"2025-12-18T10:28:07","slug":"bedzie-nowa-fifa-wielki-powrot-na-rynek-gier","status":"publish","type":"post","link":"https:\/\/www.europesays.com\/pl\/157645\/","title":{"rendered":"B\u0119dzie nowa FIFA. Wielki powr\u00f3t na rynek gier"},"content":{"rendered":"<p>Wielki powr\u00f3t na rynek gier. Po czterech latach seria FIFA doczeka si\u0119 nast\u0119pnej cz\u0119\u015bci. I to za spraw\u0105 samej federacji.<\/p>\n<p>FIFA przez lata by\u0142a jedn\u0105 z najpopularniejszych serii gier komputerowych na \u015bwiecie. W latach 1993-2022 wydano 30 cz\u0119\u015bci. Ostatni\u0105 by\u0142a za\u015b FIFA 23.<\/p>\n<p>Dalsza cz\u0119\u015b\u0107 tekstu pod wideo<\/p>\n<p>P\u00f3\u017aniej producent, EA Sports, nie dogada\u0142 si\u0119 z FIFA w sprawie przed\u0142u\u017cenia licencji na wykorzystanie znaku towarowego. Zacz\u0105\u0142 wydawa\u0107 kolejne cz\u0119\u015bci pod nazw\u0105 EA FC.<\/p>\n<p>Ju\u017c w\u00f3wczas spekulowano, \u017ce organizacja b\u0119dzie stara\u0142a si\u0119 samodzielnie stworzy\u0107 seri\u0119 gier kontynuuj\u0105c\u0105 tradycj\u0119 marki. Po niemal czterech latach plotki si\u0119 potwierdzi\u0142y.<\/p>\n<p>W \u015brod\u0119 FIFA i Netflix wyda\u0142y komunikat, w kt\u00f3rym poinformowa\u0142y o powstaniu 31. cz\u0119\u015bci gry. B\u0119dzie ona dost\u0119pna jedynie w serwisie streamingowym.<\/p>\n<p>Gra b\u0119dzie po\u015bwi\u0119cona nadchodz\u0105cym mistrzostwom \u015bwiata. Jej producentem b\u0119dzie za to studio Delphi Interactive. Nie ujawniono konkretnej daty premiery.<\/p>\n<p>Gra pozwoli na zabaw\u0119 w trybach single player i multiplayer. Do rozgrywki maj\u0105 wystarczy\u0107 konto w Netfliksie oraz telefon, kt\u00f3ry pos\u0142u\u017cy jako kontroler.<\/p>\n<p>Nie przekazano, jaki b\u0119dzie finalny tytu\u0142 gry. Graczy z pewno\u015bci\u0105 ucieszy jednak informacja, \u017ce po latach kto\u015b postanowi\u0142 stan\u0105\u0107 do konkurencji z EA FC.<\/p>\n","protected":false},"excerpt":{"rendered":"Wielki powr\u00f3t na rynek gier. Po czterech latach seria FIFA doczeka si\u0119 nast\u0119pnej cz\u0119\u015bci. I to za spraw\u0105&hellip;\n","protected":false},"author":2,"featured_media":157646,"comment_status":"","ping_status":"","sticky":false,"template":"","format":"standard","meta":{"footnotes":""},"categories":[20],"tags":[120,118,119,42,38,40,39,41,116,114,115,121,117],"class_list":{"0":"post-157645","1":"post","2":"type-post","3":"status-publish","4":"format-standard","5":"has-post-thumbnail","7":"category-nauka-i-technika","8":"tag-nauka","9":"tag-nauka-i-technika","10":"tag-naukatechnika","11":"tag-pl","12":"tag-poland","13":"tag-polish","14":"tag-polska","15":"tag-polski","16":"tag-science","17":"tag-science-and-technology","18":"tag-sciencetechnology","19":"tag-technika","20":"tag-technology"},"share_on_mastodon":{"url":"https:\/\/pubeurope.com\/@pl\/115740102215237561","error":""},"_links":{"self":[{"href":"https:\/\/www.europesays.com\/pl\/wp-json\/wp\/v2\/posts\/157645","targetHints":{"allow":["GET"]}}],"collection":[{"href":"https:\/\/www.europesays.com\/pl\/wp-json\/wp\/v2\/posts"}],"about":[{"href":"https:\/\/www.europesays.com\/pl\/wp-json\/wp\/v2\/types\/post"}],"author":[{"embeddable":true,"href":"https:\/\/www.europesays.com\/pl\/wp-json\/wp\/v2\/users\/2"}],"replies":[{"embeddable":true,"href":"https:\/\/www.europesays.com\/pl\/wp-json\/wp\/v2\/comments?post=157645"}],"version-history":[{"count":0,"href":"https:\/\/www.europesays.com\/pl\/wp-json\/wp\/v2\/posts\/157645\/revisions"}],"wp:featuredmedia":[{"embeddable":true,"href":"https:\/\/www.europesays.com\/pl\/wp-json\/wp\/v2\/media\/157646"}],"wp:attachment":[{"href":"https:\/\/www.europesays.com\/pl\/wp-json\/wp\/v2\/media?parent=157645"}],"wp:term":[{"taxonomy":"category","embeddable":true,"href":"https:\/\/www.europesays.com\/pl\/wp-json\/wp\/v2\/categories?post=157645"},{"taxonomy":"post_tag","embeddable":true,"href":"https:\/\/www.europesays.com\/pl\/wp-json\/wp\/v2\/tags?post=157645"}],"curies":[{"name":"wp","href":"https:\/\/api.w.org\/{rel}","templated":true}]}}