{"id":157713,"date":"2025-12-18T11:03:14","date_gmt":"2025-12-18T11:03:14","guid":{"rendered":"https:\/\/www.europesays.com\/pl\/157713\/"},"modified":"2025-12-18T11:03:14","modified_gmt":"2025-12-18T11:03:14","slug":"hdmi-2-2-i-next-genowe-kable-ultrahdmi-96-juz-wkrotce-nintendo-switch-2-i-xbox-series-x-na-prezentacji","status":"publish","type":"post","link":"https:\/\/www.europesays.com\/pl\/157713\/","title":{"rendered":"HDMI 2.2 i next-genowe kable UltraHDMI 96 ju\u017c wkr\u00f3tce. Nintendo Switch 2 i Xbox Series X na prezentacji"},"content":{"rendered":"<p>Ju\u017c w styczniu ma odby\u0107 si\u0119 prezentacja next-genowych kabli, kt\u00f3re zaoferuj\u0105 wsparcie HDMI 2.2. Do\u015b\u0107 niespodziewanie na pokazie pojawi si\u0119 mi\u0119dzy innymi Nintendo Switch 2.<\/p>\n<p>Nowy standard HDMI wchodzi na ostatni\u0105 prost\u0105. HDMI Licensing Administrator potwierdzi\u0142o, \u017ce podczas CES 2026 zobaczymy pierwsze prototypy kabli nowej generacji UltraHDMI 96, opartych na specyfikacji HDMI 2.2, kt\u00f3ra zosta\u0142a oficjalnie zatwierdzona w czerwcu 2025 roku. M\u00f3wimy tu o naprawd\u0119 du\u017cym skoku technologicznym &#8211; przepustowo\u015b\u0107 interfejsu ro\u015bnie z 48 Gb\/s do a\u017c 96 Gb\/s.<\/p>\n<p>    Dalsza cz\u0119\u015b\u0107 tekstu pod wideo<\/p>\n<p>HDMI 2.2 zosta\u0142o zaprojektowane z my\u015bl\u0105 o sprz\u0119cie, kt\u00f3ry dopiero zacznie pojawia\u0107 si\u0119 w kolejnych latach. Nowy standard ma obs\u0142ugiwa\u0107 ekstremalne rozdzielczo\u015bci i od\u015bwie\u017canie, kt\u00f3re dotychczas by\u0142y czyst\u0105 teori\u0105. W\u015br\u00f3d kluczowych mo\u017cliwo\u015bci wymienia si\u0119 mi\u0119dzy innymi obraz 16K przy 60 Hz (z wykorzystaniem kompresji DSC), nieskompresowane 4K przy 240 Hz oraz 8K przy 60 Hz z pe\u0142nym pr\u00f3bkowaniem kolor\u00f3w 4:4:4. Do tego dochodzi obs\u0142uga 12-bitowej g\u0142\u0119bi kolor\u00f3w bez utraty jako\u015bci oraz nowy Latency Indication Protocol (LIP), kt\u00f3ry ma zapewni\u0107 niezwykle precyzyjn\u0105 synchronizacj\u0119 obrazu i d\u017awi\u0119ku w rozbudowanych zestawach z soundbarami i amplitunerami.<\/p>\n<p>        <img loading=\"lazy\" decoding=\"async\" src=\"https:\/\/www.europesays.com\/pl\/wp-content\/uploads\/2025\/12\/1766043252_217_B32963402.414688363;dc_trk_aid=607216972;dc_trk_cid=228291445;ord=[timestamp];dc_lat=;dc_rdid=;tag_f.gif\" attributionsrc=\"\" border=\"0\" height=\"1\" width=\"1\" alt=\"Advertisement\"\/><\/p>\n<p>Podczas CES 2026 stoisko HDMI LA ma oferowa\u0107 interaktywne pokazy, kt\u00f3re w praktyce zaprezentuj\u0105 mo\u017cliwo\u015bci nowego standardu. Jednym z nich b\u0119dzie monitor gamingowy dzia\u0142aj\u0105cy z od\u015bwie\u017caniem 500 Hz, pod\u0142\u0105czony do pot\u0119\u017cnego PC oraz&#8230; Xbox Series X. Cho\u0107 konsola Microsoftu jest ograniczona do HDMI 2.1, organizatorzy chc\u0105 w ten spos\u00f3b pokaza\u0107 stabilno\u015b\u0107 sygna\u0142u i przewag\u0119 nowych kabli Ultra96, nawet przy bardzo wymagaj\u0105cych konfiguracjach.<\/p>\n<p>Sporo uwagi po\u015bwi\u0119cono tak\u017ce graniu mobilnemu. Na pokazie zobaczymy Nintendo Switch 2 oraz Atari Gamestation Go, pod\u0142\u0105czone do du\u017cych ekran\u00f3w przy u\u017cyciu nowoczesnych rozwi\u0105za\u0144 HDMI z obs\u0142ug\u0105 eARC. To wyra\u017any sygna\u0142, \u017ce producenci traktuj\u0105 przysz\u0142e hybrydy i sprz\u0119t przeno\u015bny jako wa\u017cny element ekosystemu HDMI 2.2.<\/p>\n<p>Je\u015bli chodzi o sprz\u0119towe wsparcie nowego standardu, wszystko wskazuje na to, \u017ce HDMI 2.2 trafi do kolejnej generacji kart graficznych. Przecieki sugeruj\u0105 ju\u017c obs\u0142ug\u0119 tego interfejsu (w wariantach 64 i 80 Gb\/s) w architekturze AMD RDNA 5. Z kolei pierwsze certyfikowane kable UltraHDMI 96 maj\u0105 trafi\u0107 do sprzeda\u017cy w 2026 roku.<\/p>\n","protected":false},"excerpt":{"rendered":"Ju\u017c w styczniu ma odby\u0107 si\u0119 prezentacja next-genowych kabli, kt\u00f3re zaoferuj\u0105 wsparcie HDMI 2.2. Do\u015b\u0107 niespodziewanie na pokazie&hellip;\n","protected":false},"author":2,"featured_media":157714,"comment_status":"","ping_status":"","sticky":false,"template":"","format":"standard","meta":{"footnotes":""},"categories":[20],"tags":[120,118,119,42,38,40,39,41,116,114,115,121,117],"class_list":{"0":"post-157713","1":"post","2":"type-post","3":"status-publish","4":"format-standard","5":"has-post-thumbnail","7":"category-nauka-i-technika","8":"tag-nauka","9":"tag-nauka-i-technika","10":"tag-naukatechnika","11":"tag-pl","12":"tag-poland","13":"tag-polish","14":"tag-polska","15":"tag-polski","16":"tag-science","17":"tag-science-and-technology","18":"tag-sciencetechnology","19":"tag-technika","20":"tag-technology"},"share_on_mastodon":{"url":"https:\/\/pubeurope.com\/@pl\/115740239970895712","error":""},"_links":{"self":[{"href":"https:\/\/www.europesays.com\/pl\/wp-json\/wp\/v2\/posts\/157713","targetHints":{"allow":["GET"]}}],"collection":[{"href":"https:\/\/www.europesays.com\/pl\/wp-json\/wp\/v2\/posts"}],"about":[{"href":"https:\/\/www.europesays.com\/pl\/wp-json\/wp\/v2\/types\/post"}],"author":[{"embeddable":true,"href":"https:\/\/www.europesays.com\/pl\/wp-json\/wp\/v2\/users\/2"}],"replies":[{"embeddable":true,"href":"https:\/\/www.europesays.com\/pl\/wp-json\/wp\/v2\/comments?post=157713"}],"version-history":[{"count":0,"href":"https:\/\/www.europesays.com\/pl\/wp-json\/wp\/v2\/posts\/157713\/revisions"}],"wp:featuredmedia":[{"embeddable":true,"href":"https:\/\/www.europesays.com\/pl\/wp-json\/wp\/v2\/media\/157714"}],"wp:attachment":[{"href":"https:\/\/www.europesays.com\/pl\/wp-json\/wp\/v2\/media?parent=157713"}],"wp:term":[{"taxonomy":"category","embeddable":true,"href":"https:\/\/www.europesays.com\/pl\/wp-json\/wp\/v2\/categories?post=157713"},{"taxonomy":"post_tag","embeddable":true,"href":"https:\/\/www.europesays.com\/pl\/wp-json\/wp\/v2\/tags?post=157713"}],"curies":[{"name":"wp","href":"https:\/\/api.w.org\/{rel}","templated":true}]}}