{"id":157723,"date":"2025-12-18T11:08:09","date_gmt":"2025-12-18T11:08:09","guid":{"rendered":"https:\/\/www.europesays.com\/pl\/157723\/"},"modified":"2025-12-18T11:08:09","modified_gmt":"2025-12-18T11:08:09","slug":"jest-ogloszenie-sabalenka-zostala-mistrzynia-swiata","status":"publish","type":"post","link":"https:\/\/www.europesays.com\/pl\/157723\/","title":{"rendered":"Jest og\u0142oszenie. Sabalenka zosta\u0142a mistrzyni\u0105 \u015bwiata"},"content":{"rendered":"\n<p class=\"contentpart contentpart--default contentpart--text\" data-position=\"0\"><a href=\"https:\/\/sportowefakty.wp.pl\/tenis\/aryna-sabalenka\" rel=\"nofollow noopener\" target=\"_blank\">Aryna Sabalenka<\/a>\u00a0zdominowa\u0142a poprzedni sezon w kobiecym tenisie i po raz drugi zosta\u0142a uhonorowana tytu\u0142em mistrzyni \u015bwiata przez organizacj\u0119\u00a0<a href=\"https:\/\/sportowefakty.wp.pl\/tenis\/itf\" rel=\"nofollow noopener\" target=\"_blank\">ITF<\/a>. Po raz pierwszy by\u0142a najlepsza w 2023 roku.<\/p>\n<p class=\"contentpart contentpart--default contentpart--text\" data-position=\"1\">Sportsmenka z\u00a0<a href=\"https:\/\/sportowefakty.wp.pl\/bialorus\" rel=\"nofollow noopener\" target=\"_blank\">Bia\u0142orusi<\/a>\u00a0wygra\u0142a w 2025 roku sw\u00f3j czwarty turniej wielkoszlemowy, triumfuj\u0105c w <a href=\"https:\/\/sportowefakty.wp.pl\/tenis\/us-open\" rel=\"nofollow noopener\" target=\"_blank\">US Open<\/a>. Dodatkowo, Aryna Sabalenka zagra\u0142a w fina\u0142ach <a href=\"https:\/\/sportowefakty.wp.pl\/tenis\/australian-open\" rel=\"nofollow noopener\" target=\"_blank\">Australian Open<\/a>\u00a0i <a href=\"https:\/\/sportowefakty.wp.pl\/tenis\/roland-garros\" rel=\"nofollow noopener\" target=\"_blank\">Roland Garros<\/a>. W ca\u0142ym sezonie wygra\u0142a 63 mecze i ponios\u0142a pora\u017ck\u0119 w 12 spotkaniach. Wyst\u0105pi\u0142a w dziewi\u0119ciu fina\u0142ach imprez <a href=\"https:\/\/sportowefakty.wp.pl\/tenis\/wta\" rel=\"nofollow noopener\" target=\"_blank\">WTA<\/a>\u00a0i zdoby\u0142a cztery tytu\u0142y.<\/p>\n<p> <img role=\"presentation\" src=\"https:\/\/std.wpcdn.pl\/images\/adv\/placeholder_wp.svg\" loading=\"lazy\" alt=\"\" decoding=\"async\"\/>  <\/p>\n<p class=\"contentpart contentpart--default contentpart--text\" data-position=\"2\">Aryna Sabalena rywalizowa\u0142a o miano najlepszej z <a href=\"https:\/\/sportowefakty.wp.pl\/tenis\/iga-swiatek\" rel=\"nofollow noopener\" target=\"_blank\">Ig\u0105 \u015awi\u0105tek<\/a>. Wyprzedzi\u0142a <a href=\"https:\/\/sportowefakty.wp.pl\/polska\" rel=\"nofollow noopener\" target=\"_blank\">Polk\u0119<\/a>\u00a0zar\u00f3wno w rankingu WTA, jak i w walce o nagrod\u0119 ITF. Inaczej wygl\u0105da sytuacja w\u015br\u00f3d m\u0119\u017cczyzn, poniewa\u017c <a href=\"https:\/\/sportowefakty.wp.pl\/tenis\/jannik-sinner\" rel=\"nofollow noopener\" target=\"_blank\">Jannik Sinner<\/a>\u00a0zdoby\u0142 wyr\u00f3\u017cnienie ITF, cho\u0107 liderem w klasyfikacji <a href=\"https:\/\/sportowefakty.wp.pl\/tenis\/atp\" rel=\"nofollow noopener\" target=\"_blank\">ATP<\/a>\u00a0jest <a href=\"https:\/\/sportowefakty.wp.pl\/tenis\/carlos-alcaraz\" rel=\"nofollow noopener\" target=\"_blank\">Carlos Alcaraz<\/a>.<\/p>\n<p class=\"contentpart contentpart--default contentpart--text\" data-position=\"3\">ZOBACZ WIDEO: #dziejesiewsporcie: Gol z po\u0142owy boiska. Mo\u017cna ogl\u0105da\u0107 i ogl\u0105da\u0107<\/p>\n<p class=\"contentpart contentpart--default contentpart--text\" data-position=\"5\">Organizacja ITF podkre\u015bla, \u017ce premiuje przy przyznawaniu wyr\u00f3\u017cnie\u0144 wysok\u0105 form\u0119 na przestrzeni ca\u0142ego sezonu, a tak\u017ce sukcesy w najwa\u017cniejszych turniejach.<\/p>\n<p class=\"contentpart contentpart--default contentpart--text\" data-position=\"6\">Jannik Sinner by\u0142 najlepszy w sze\u015bciu turniejach, w tym w Australian Open i w <a href=\"https:\/\/sportowefakty.wp.pl\/tenis\/wimbledon\" rel=\"nofollow noopener\" target=\"_blank\">Wimbledonie<\/a>, a zako\u0144czy\u0142 rok 2025 z 58 wygranymi meczami i sze\u015bcioma pora\u017ckami w bilansie. Cho\u0107 przez trzy miesi\u0105ce pauzowa\u0142, do samego ko\u0144ca walczy\u0142 o prowadzenie w rankingu ATP. O wy\u017cszo\u015bci w nim Alcaraza zdecydowa\u0142y dopiero wyniki w <a href=\"https:\/\/sportowefakty.wp.pl\/tenis\/finaly-atp-world-tour\" rel=\"nofollow noopener\" target=\"_blank\">ATP Finals<\/a>.<\/p>\n<p> <img role=\"presentation\" src=\"https:\/\/std.wpcdn.pl\/images\/adv\/placeholder_wp.svg\" loading=\"lazy\" alt=\"\" decoding=\"async\"\/>  <\/p>\n<p class=\"contentpart contentpart--default contentpart--text\" data-position=\"7\">Ciekawe, \u017ce Sinner przegra\u0142 cztery z sze\u015bciu mecz\u00f3w z Alcarazem, mimo to ITF wybra\u0142a <a href=\"https:\/\/sportowefakty.wp.pl\/wlochy\" rel=\"nofollow noopener\" target=\"_blank\">W\u0142ocha<\/a>\u00a0na mistrza \u015bwiata.<\/p>\n<p class=\"contentpart contentpart--default contentpart--text\" data-position=\"8\">Poza Aryn\u0105 Sabalenk\u0105 i Jannikiem Sinnerem wyr\u00f3\u017cnieni zostali mi\u0119dzy innymi debli\u015bci <a href=\"https:\/\/sportowefakty.wp.pl\/tenis\/marcel-granollers-pujol\" rel=\"nofollow noopener\" target=\"_blank\">Marcel Granollers<\/a>\u00a0oraz <a href=\"https:\/\/sportowefakty.wp.pl\/tenis\/horacio-zeballos\" rel=\"nofollow noopener\" target=\"_blank\">Horacio Zeballos<\/a>\u00a0oraz deblistki <a href=\"https:\/\/sportowefakty.wp.pl\/tenis\/sara-errani\" rel=\"nofollow noopener\" target=\"_blank\">Sara Errani<\/a>\u00a0i <a href=\"https:\/\/sportowefakty.wp.pl\/tenis\/jasmine-paolini\" rel=\"nofollow noopener\" target=\"_blank\">Jasmine Paolini<\/a>.<\/p>\n","protected":false},"excerpt":{"rendered":"Aryna Sabalenka\u00a0zdominowa\u0142a poprzedni sezon w kobiecym tenisie i po raz drugi zosta\u0142a uhonorowana tytu\u0142em mistrzyni \u015bwiata przez organizacj\u0119\u00a0ITF.&hellip;\n","protected":false},"author":2,"featured_media":157724,"comment_status":"","ping_status":"","sticky":false,"template":"","format":"standard","meta":{"footnotes":""},"categories":[24],"tags":[517,699,14105,10389,42,38,40,39,41,127,126,156,898],"class_list":{"0":"post-157723","1":"post","2":"type-post","3":"status-publish","4":"format-standard","5":"has-post-thumbnail","7":"category-sport","8":"tag-aryna-sabalenka","9":"tag-bialorus","10":"tag-itf","11":"tag-jannik-sinner","12":"tag-pl","13":"tag-poland","14":"tag-polish","15":"tag-polska","16":"tag-polski","17":"tag-sport","18":"tag-sports","19":"tag-tenis","20":"tag-wlochy"},"share_on_mastodon":{"url":"https:\/\/pubeurope.com\/@pl\/115740259580881109","error":""},"_links":{"self":[{"href":"https:\/\/www.europesays.com\/pl\/wp-json\/wp\/v2\/posts\/157723","targetHints":{"allow":["GET"]}}],"collection":[{"href":"https:\/\/www.europesays.com\/pl\/wp-json\/wp\/v2\/posts"}],"about":[{"href":"https:\/\/www.europesays.com\/pl\/wp-json\/wp\/v2\/types\/post"}],"author":[{"embeddable":true,"href":"https:\/\/www.europesays.com\/pl\/wp-json\/wp\/v2\/users\/2"}],"replies":[{"embeddable":true,"href":"https:\/\/www.europesays.com\/pl\/wp-json\/wp\/v2\/comments?post=157723"}],"version-history":[{"count":0,"href":"https:\/\/www.europesays.com\/pl\/wp-json\/wp\/v2\/posts\/157723\/revisions"}],"wp:featuredmedia":[{"embeddable":true,"href":"https:\/\/www.europesays.com\/pl\/wp-json\/wp\/v2\/media\/157724"}],"wp:attachment":[{"href":"https:\/\/www.europesays.com\/pl\/wp-json\/wp\/v2\/media?parent=157723"}],"wp:term":[{"taxonomy":"category","embeddable":true,"href":"https:\/\/www.europesays.com\/pl\/wp-json\/wp\/v2\/categories?post=157723"},{"taxonomy":"post_tag","embeddable":true,"href":"https:\/\/www.europesays.com\/pl\/wp-json\/wp\/v2\/tags?post=157723"}],"curies":[{"name":"wp","href":"https:\/\/api.w.org\/{rel}","templated":true}]}}