{"id":157727,"date":"2025-12-18T11:10:14","date_gmt":"2025-12-18T11:10:14","guid":{"rendered":"https:\/\/www.europesays.com\/pl\/157727\/"},"modified":"2025-12-18T11:10:14","modified_gmt":"2025-12-18T11:10:14","slug":"gracze-narzekaja-a-the-game-awards-2025-wykreca-kolejny-rekord-tegoroczna-edycja-przyciagnela-uwage-mas","status":"publish","type":"post","link":"https:\/\/www.europesays.com\/pl\/157727\/","title":{"rendered":"Gracze narzekaj\u0105, a&#8230; The Game Awards 2025 wykr\u0119ca kolejny rekord. Tegoroczna edycja przyci\u0105gn\u0119\u0142a uwag\u0119 mas"},"content":{"rendered":"<p>Kolejne The Game Awards odczucia za nami. Gala ponownie wywo\u0142a\u0142a r\u00f3\u017cne odczucia, lecz nie zmieniaj\u0105 one faktu, \u017ce wydarzenie organizowane przez Geoffa Keighleya jest chetnie ogl\u0105dane przez ogromn\u0105 rzesz\u0119 mi\u0142o\u015bnik\u00f3w gier wideo.\u00a0<\/p>\n<p>Min\u0105\u0142 ju\u017c tydzie\u0144 od The Game Awards 2025, kt\u00f3re po raz kolejny by\u0142o gwarancj\u0105 mieszanych wra\u017ce\u0144. Jedni si\u0119 zachwycili i dopisali \u015bwie\u017co pokazane gry do swojej listy \u017cycze\u0144, inni narzekali i toczyli dyskusje o tym, \u017ce zabrak\u0142o wi\u0119kszej bomby, zw\u0142aszcza na ko\u0144cu pokazu czy o tym, \u017ce debiutancka produkcja francuskiego studia zdoby\u0142a ogromn\u0105 liczb\u0119 nagr\u00f3d, w tym Gr\u0119 Roku.<\/p>\n<p>    Dalsza cz\u0119\u015b\u0107 tekstu pod wideo<\/p>\n<p>Jednak to jest celem organizator\u00f3w \u2013 zapewnienie jak najwi\u0119kszej uwagi i powod\u00f3w, dla kt\u00f3rych nast\u0119pna edycja TGA b\u0119dzie gor\u0105cym tematem przez dni i tygodnie. W tym roku nie by\u0142o inaczej.\u00a0\u00a0<\/p>\n<p>        <img loading=\"lazy\" decoding=\"async\" src=\"https:\/\/www.europesays.com\/pl\/wp-content\/uploads\/2025\/12\/1766043252_217_B32963402.414688363;dc_trk_aid=607216972;dc_trk_cid=228291445;ord=[timestamp];dc_lat=;dc_rdid=;tag_f.gif\" attributionsrc=\"\" border=\"0\" height=\"1\" width=\"1\" alt=\"Advertisement\"\/><\/p>\n<p>Po blisko tygodniu od wydarzenia, Geoff Keighley og\u0142osi\u0142, \u017ce The Game Awards 2025 by\u0142o najch\u0119tniej ogl\u0105dan\u0105 edycj\u0105 w historii plebiscytu. Gala zdoby\u0142a 171 milion\u00f3w wy\u015bwietle\u0144, co jest wynikiem o 11% lepszym od rezultat\u00f3w z zesz\u0142ego roku.<\/p>\n<p>Na taki wynik z\u0142o\u017cy\u0142 si\u0119 nie tylko stream nadawany na g\u0142\u00f3wnych kana\u0142ach (z pomini\u0119ciem pierwszej emisji na Prime Video), ale te\u017c 23 tysi\u0105ce wsp\u00f3\u0142transmisji (co-stream\u00f3w) organizowanych przez innych w serwisach Youtube i Twitch, co jest wzrostem a\u017c o po\u0142ow\u0119. Ponadto liczba konwersacji na temat The Game Awards w serwisie X zwi\u0119kszy\u0142a si\u0119 o 12%.\u00a0<\/p>\n<blockquote class=\"twitter-tweet\"><p>&#13;<\/p>\n<p lang=\"en\" dir=\"ltr\">Thank you for making 2025 the most-watched <a href=\"https:\/\/twitter.com\/hashtag\/TheGameAwards?src=hash&amp;ref_src=twsrc%5Etfw\" rel=\"nofollow noopener\" target=\"_blank\">#TheGameAwards<\/a> ever.<\/p>\n<p>\ud83d\udcc8 Viewership up 11% YoY<br \/>\ud83c\udf0d 171M+ global livestreams of the full show<br \/>\ud83d\udcac Conversation on X up 12% YoY<br \/>\ud83c\udfa5 23,000 co-streams on Twitch &amp; YouTube (+50% YoY) <a href=\"https:\/\/t.co\/mTcdUT95ou\" rel=\"nofollow\">pic.twitter.com\/mTcdUT95ou<\/a><\/p>\n<p>&#13;<br \/>\n\u2014 Geoff Keighley (@geoffkeighley) <a href=\"https:\/\/twitter.com\/geoffkeighley\/status\/2001381987278581942?ref_src=twsrc%5Etfw\" rel=\"nofollow noopener\" target=\"_blank\">December 17, 2025<\/a><\/p><\/blockquote>\n<p>                <script async src=\"https:\/\/platform.twitter.com\/widgets.js\" charset=\"utf-8\"><\/script><\/p>\n","protected":false},"excerpt":{"rendered":"Kolejne The Game Awards odczucia za nami. Gala ponownie wywo\u0142a\u0142a r\u00f3\u017cne odczucia, lecz nie zmieniaj\u0105 one faktu, \u017ce&hellip;\n","protected":false},"author":2,"featured_media":55921,"comment_status":"","ping_status":"","sticky":false,"template":"","format":"standard","meta":{"footnotes":""},"categories":[20],"tags":[120,118,119,42,38,40,39,41,116,114,115,121,117],"class_list":{"0":"post-157727","1":"post","2":"type-post","3":"status-publish","4":"format-standard","5":"has-post-thumbnail","7":"category-nauka-i-technika","8":"tag-nauka","9":"tag-nauka-i-technika","10":"tag-naukatechnika","11":"tag-pl","12":"tag-poland","13":"tag-polish","14":"tag-polska","15":"tag-polski","16":"tag-science","17":"tag-science-and-technology","18":"tag-sciencetechnology","19":"tag-technika","20":"tag-technology"},"share_on_mastodon":{"url":"https:\/\/pubeurope.com\/@pl\/115740267896147044","error":""},"_links":{"self":[{"href":"https:\/\/www.europesays.com\/pl\/wp-json\/wp\/v2\/posts\/157727","targetHints":{"allow":["GET"]}}],"collection":[{"href":"https:\/\/www.europesays.com\/pl\/wp-json\/wp\/v2\/posts"}],"about":[{"href":"https:\/\/www.europesays.com\/pl\/wp-json\/wp\/v2\/types\/post"}],"author":[{"embeddable":true,"href":"https:\/\/www.europesays.com\/pl\/wp-json\/wp\/v2\/users\/2"}],"replies":[{"embeddable":true,"href":"https:\/\/www.europesays.com\/pl\/wp-json\/wp\/v2\/comments?post=157727"}],"version-history":[{"count":0,"href":"https:\/\/www.europesays.com\/pl\/wp-json\/wp\/v2\/posts\/157727\/revisions"}],"wp:featuredmedia":[{"embeddable":true,"href":"https:\/\/www.europesays.com\/pl\/wp-json\/wp\/v2\/media\/55921"}],"wp:attachment":[{"href":"https:\/\/www.europesays.com\/pl\/wp-json\/wp\/v2\/media?parent=157727"}],"wp:term":[{"taxonomy":"category","embeddable":true,"href":"https:\/\/www.europesays.com\/pl\/wp-json\/wp\/v2\/categories?post=157727"},{"taxonomy":"post_tag","embeddable":true,"href":"https:\/\/www.europesays.com\/pl\/wp-json\/wp\/v2\/tags?post=157727"}],"curies":[{"name":"wp","href":"https:\/\/api.w.org\/{rel}","templated":true}]}}