{"id":157743,"date":"2025-12-18T11:19:11","date_gmt":"2025-12-18T11:19:11","guid":{"rendered":"https:\/\/www.europesays.com\/pl\/157743\/"},"modified":"2025-12-18T11:19:11","modified_gmt":"2025-12-18T11:19:11","slug":"negocjacje-pokojowe-w-usa-wolodymyr-zelenski-potwierdza-termin","status":"publish","type":"post","link":"https:\/\/www.europesays.com\/pl\/157743\/","title":{"rendered":"Negocjacje pokojowe w USA. Wo\u0142odymyr Ze\u0142enski potwierdza termin"},"content":{"rendered":"<ul class=\"UnorderedList_container__nmfSl\">\n<li class=\"UnorderedList_listElement__Py7xi\" data-id=\"ai-summary-link\">Du\u017co czytania, a ma\u0142o czasu? Sprawd\u017a\u00a0skr\u00f3t\u00a0artyku\u0142u<\/li>\n<\/ul>\n<p class=\"Paragraph_desktopParagraph__U31Gm\">Podczas czwartkowego spotkania z dziennikarzami Ze\u0142enski przekaza\u0142, \u017ce przedstawiciele Ukrainy s\u0105 ju\u017c w drodze do USA. \u2014 W pi\u0105tek i sobot\u0119 nasza ekipa b\u0119dzie w Stanach Zjednoczonych. Ju\u017c tam lec\u0105, a Amerykanie na nich czekaj\u0105. Nie wiem, kto jeszcze mo\u017ce by\u0107 obecny. Mo\u017ce Europejczycy \u2014 powiedzia\u0142 Ze\u0142enski.<\/p>\n<p class=\"VideoPlayerText_videoPlayerText__iDwyz\">Dalszy ci\u0105g materia\u0142u pod wideo<\/p>\n<p class=\"Paragraph_desktopParagraph__U31Gm\">W poniedzia\u0142ek zako\u0144czy\u0142a si\u0119 dwudniowa runda negocjacji w Berlinie, w kt\u00f3rej uczestniczy\u0142a delegacja Ukrainy wraz z prezydentem Wo\u0142odymyrem Ze\u0142enskim, a tak\u017ce m.in. wys\u0142annicy prezydenta USA Donalda Trumpa, Steve Witkoff i Jared Kushner. Gospodarzem rozm\u00f3w by\u0142 kanclerz Niemiec Friedrich Merz, kt\u00f3ry po zako\u0144czeniu spotkania oceni\u0142, \u017ce po raz pierwszy od pocz\u0105tku wojny pojawi\u0142y si\u0119 realne szanse na rozejm w Ukrainie.<\/p>\n<ul class=\"OchatFollowUps_wrapper__1ry7X\">\n<li class=\"OchatFollowUps_item__Dhyly OchatFollowUps_itemDesktop__R6aBv\">Kiedy odb\u0119d\u0105 si\u0119 negocjacje w USA?<\/li>\n<li class=\"OchatFollowUps_item__Dhyly OchatFollowUps_itemDesktop__R6aBv\">Kto bierze udzia\u0142 w negocjacjach w Berlinie?<\/li>\n<li class=\"OchatFollowUps_item__Dhyly OchatFollowUps_itemDesktop__R6aBv\">Co ostrzeg\u0142 Wo\u0142odymyr Ze\u0142enski w swoim przem\u00f3wieniu?<\/li>\n<li class=\"OchatFollowUps_item__Dhyly OchatFollowUps_itemDesktop__R6aBv\">Jakie s\u0105 plany Rosji na przysz\u0142y rok wed\u0142ug Ze\u0142enskiego?<\/li>\n<\/ul>\n<p>Wo\u0142odymyr Ze\u0142enski ostrzega przed planami Rosji <\/p>\n<p class=\"Paragraph_desktopParagraph__U31Gm\">Wcze\u015bniej w \u015brod\u0119, podczas wieczornego przem\u00f3wienia Wo\u0142odymyr Ze\u0142enski ostrzeg\u0142, \u017ce Rosja przygotowuje si\u0119 na kolejny &#8222;rok wojny&#8221;. \u2014 Dzisiaj otrzymali\u015bmy kolejne sygna\u0142y z Moskwy, \u017ce przysz\u0142y rok b\u0119dzie rokiem wojny. Nie s\u0105 to sygna\u0142y skierowane wy\u0142\u0105cznie do nas. Wa\u017cne jest, aby nasi partnerzy to dostrzegli \u2014 m\u00f3wi\u0142.<\/p>\n<p class=\"Paragraph_desktopParagraph__U31Gm\">Wa\u017cne jest, aby nie tylko to dostrzegli, ale tak\u017ce zareagowali, w szczeg\u00f3lno\u015bci partnerzy z USA, kt\u00f3rzy cz\u0119sto twierdz\u0105, \u017ce Rosja rzekomo chce zako\u0144czy\u0107 wojn\u0119. Ale z Rosji dochodz\u0105 zupe\u0142nie inne sygna\u0142y, inna retoryka \u2014 i to w postaci oficjalnych rozkaz\u00f3w dla ich armii \u2014 powiedzia\u0142 Ze\u0142enski w przem\u00f3wieniu wideo opublikowanym w komunikatorze Telegram.<\/p>\n<p class=\"Paragraph_desktopParagraph__U31Gm\">Ukrai\u0144ski prezydent podkre\u015bli\u0142, \u017ce nale\u017cy &#8222;dostrzega\u0107 i reagowa\u0107&#8221; na takie nastawienie Rosji. Oskar\u017cy\u0142 Moskw\u0119 o to, \u017ce ukrywa &#8222;pragnienie zniszczenia Ukrainy i Ukrai\u0144c\u00f3w, a tak\u017ce o ch\u0119\u0107 doprowadzenia do &#8222;legitymizacji kradzie\u017cy naszych ziem, a dalej \u2014 innych kraj\u00f3w w Europie, kt\u00f3re kto\u015b w Rosji mo\u017ce kiedy\u015b nazwa\u0107 rzekomo swoimi historycznymi ziemiami&#8221; \u2014 zaznaczy\u0142 Ze\u0142enski.<\/p>\n","protected":false},"excerpt":{"rendered":"Du\u017co czytania, a ma\u0142o czasu? Sprawd\u017a\u00a0skr\u00f3t\u00a0artyku\u0142u Podczas czwartkowego spotkania z dziennikarzami Ze\u0142enski przekaza\u0142, \u017ce przedstawiciele Ukrainy s\u0105 ju\u017c&hellip;\n","protected":false},"author":2,"featured_media":157744,"comment_status":"","ping_status":"","sticky":false,"template":"","format":"standard","meta":{"footnotes":""},"categories":[14],"tags":[32,33,27,67,64,34,35,28,31,53,25,52,68,51,55,13037,40,41,47,80,29,30,65,50,26,418,309,82,83,84],"class_list":{"0":"post-157743","1":"post","2":"type-post","3":"status-publish","4":"format-standard","5":"has-post-thumbnail","7":"category-swiat","8":"tag-breaking-news","9":"tag-breakingnews","10":"tag-headlines","11":"tag-intextvideo_splayer","12":"tag-inwazja_rosji_na_ukraine_2014_","13":"tag-latest-news","14":"tag-latestnews","15":"tag-naglowki","16":"tag-najwazniejsze-artykuly","17":"tag-new_header","18":"tag-news","19":"tag-onet3","20":"tag-onet3d","21":"tag-onet3d_2i","22":"tag-phx","23":"tag-plan_pokojowy","24":"tag-polish","25":"tag-polski","26":"tag-screening_general","27":"tag-swiat","28":"tag-top-stories","29":"tag-topstories","30":"tag-update_me","31":"tag-v2021","32":"tag-wiadomosci","33":"tag-wladimir_putin_rosyjski_prezydent","34":"tag-wolodymyr_zelenski","35":"tag-world","36":"tag-world-news","37":"tag-worldnews"},"share_on_mastodon":{"url":"https:\/\/pubeurope.com\/@pl\/115740302745324996","error":""},"_links":{"self":[{"href":"https:\/\/www.europesays.com\/pl\/wp-json\/wp\/v2\/posts\/157743","targetHints":{"allow":["GET"]}}],"collection":[{"href":"https:\/\/www.europesays.com\/pl\/wp-json\/wp\/v2\/posts"}],"about":[{"href":"https:\/\/www.europesays.com\/pl\/wp-json\/wp\/v2\/types\/post"}],"author":[{"embeddable":true,"href":"https:\/\/www.europesays.com\/pl\/wp-json\/wp\/v2\/users\/2"}],"replies":[{"embeddable":true,"href":"https:\/\/www.europesays.com\/pl\/wp-json\/wp\/v2\/comments?post=157743"}],"version-history":[{"count":0,"href":"https:\/\/www.europesays.com\/pl\/wp-json\/wp\/v2\/posts\/157743\/revisions"}],"wp:featuredmedia":[{"embeddable":true,"href":"https:\/\/www.europesays.com\/pl\/wp-json\/wp\/v2\/media\/157744"}],"wp:attachment":[{"href":"https:\/\/www.europesays.com\/pl\/wp-json\/wp\/v2\/media?parent=157743"}],"wp:term":[{"taxonomy":"category","embeddable":true,"href":"https:\/\/www.europesays.com\/pl\/wp-json\/wp\/v2\/categories?post=157743"},{"taxonomy":"post_tag","embeddable":true,"href":"https:\/\/www.europesays.com\/pl\/wp-json\/wp\/v2\/tags?post=157743"}],"curies":[{"name":"wp","href":"https:\/\/api.w.org\/{rel}","templated":true}]}}