{"id":15776,"date":"2025-09-25T17:22:07","date_gmt":"2025-09-25T17:22:07","guid":{"rendered":"https:\/\/www.europesays.com\/pl\/15776\/"},"modified":"2025-09-25T17:22:07","modified_gmt":"2025-09-25T17:22:07","slug":"nato-dyskutuje-o-zestrzeliwaniu-rosyjskich-samolotow-moskwa-reaguje","status":"publish","type":"post","link":"https:\/\/www.europesays.com\/pl\/15776\/","title":{"rendered":"NATO dyskutuje o zestrzeliwaniu rosyjskich samolot\u00f3w. Moskwa reaguje"},"content":{"rendered":"<p class=\"ods-c-paragraph\">Sekretarz generalny NATO Mark Rutte o\u015bwiadczy\u0142 w czwartek, \u017ce pa\u0144stwa cz\u0142onkowskie Sojuszu mog\u0105 podejmowa\u0107 dzia\u0142ania wobec rosyjskich my\u015bliwc\u00f3w i dron\u00f3w w przypadku naruszenia przez nie przestrzeni powietrznej NATO. Jego zdaniem, je\u015bli b\u0119dzie to konieczne, to b\u0119dzie nale\u017ca\u0142o rozwa\u017ca\u0107 r\u00f3wnie\u017c zestrzelenie maszyn.<\/p>\n<p>Dalszy ci\u0105g artyku\u0142u pod materia\u0142em wideo<br \/>\nRosja odpowiada na s\u0142owa o zestrzeleniu samolot\u00f3w. Ambasador m\u00f3wi o wojnie<\/p>\n<p class=\"ods-c-paragraph\">W odpowiedzi na s\u0142owa zachodnich polityk\u00f3w ambasador Rosji w Pary\u017cu Aleksiej Mieszkow stwierdzi\u0142 w rozmowie z RTL, \u017ce zestrzelenie rosyjskiego samolotu w przestrzeni powietrznej NATO &#8222;oznacza\u0142oby pocz\u0105tek konfliktu zbrojnego&#8221;.<\/p>\n<p class=\"ods-c-paragraph\">\u2014 Wie pan, wiele samolot\u00f3w NATO narusza rosyjsk\u0105 przestrze\u0144 powietrzn\u0105, celowo lub nie, ale zdarza si\u0119 to do\u015b\u0107 cz\u0119sto. Nie s\u0105 one potem zestrzeliwane \u2014 powiedzia\u0142 Mieszkow, cytowany przez serwis &#8222;Kyiv Independent&#8221;. Nie poda\u0142 jednak przyk\u0142ad\u00f3w naruszania rosyjskiej przestrzeni powietrznej przez maszyny pa\u0144stw NATO.<\/p>\n<p>Donald Trump o zestrzeleniu rosyjskich samolot\u00f3w. &#8222;Je\u015bli to konieczne&#8221;   <\/p>\n<p class=\"ods-c-paragraph\">Wcze\u015bniej o zestrzeleniu rosyjskich samolot\u00f3w w przypadku naruszenia przez nie przestrzeni powietrznej NATO m\u00f3wili prezydent USA Donald Trump oraz sekretarz generalny NATO Mark Rutte. \u2014 Je\u015bli to konieczne. Ca\u0142kowicie zgadzam si\u0119 z prezydentem Trumpem, je\u015bli to konieczne \u2014 powiedzia\u0142 Rutte w wywiadzie dla stacji Fox News.<\/p>\n<p class=\"ods-c-paragraph\">W pi\u0105tek nad ranem trzy rosyjskie my\u015bliwce MiG-31 wlecia\u0142y w przestrze\u0144 powietrzn\u0105 Estonii w pobli\u017cu wyspy Vaindloo na Zatoce Fi\u0144skiej i pozostawa\u0142y tam przez oko\u0142o 12 min. Estonia zdecydowa\u0142a si\u0119 z\u0142o\u017cy\u0107 wniosek w sprawie uruchomienia konsultacji na podstawie art. 4 Traktatu P\u00f3\u0142nocnoatlantyckiego w zwi\u0105zku z ingerencj\u0105 rosyjskich my\u015bliwc\u00f3w w esto\u0144sk\u0105 przestrze\u0144 powietrzn\u0105.<\/p>\n","protected":false},"excerpt":{"rendered":"Sekretarz generalny NATO Mark Rutte o\u015bwiadczy\u0142 w czwartek, \u017ce pa\u0144stwa cz\u0142onkowskie Sojuszu mog\u0105 podejmowa\u0107 dzia\u0142ania wobec rosyjskich my\u015bliwc\u00f3w&hellip;\n","protected":false},"author":2,"featured_media":15777,"comment_status":"","ping_status":"","sticky":false,"template":"","format":"standard","meta":{"footnotes":""},"categories":[5],"tags":[32,33,44,36,37,27,76,34,35,4894,28,31,48,25,46,42,38,40,39,41,87,47,80,29,30,26],"class_list":{"0":"post-15776","1":"post","2":"type-post","3":"status-publish","4":"format-standard","5":"has-post-thumbnail","7":"category-naglowki","8":"tag-breaking-news","9":"tag-breakingnews","10":"tag-donald_trump","11":"tag-featured-news","12":"tag-featurednews","13":"tag-headlines","14":"tag-inwazja_rosji_na_ukraine","15":"tag-latest-news","16":"tag-latestnews","17":"tag-livebar_tst0","18":"tag-naglowki","19":"tag-najwazniejsze-artykuly","20":"tag-nat_styl","21":"tag-news","22":"tag-omp","23":"tag-pl","24":"tag-poland","25":"tag-polish","26":"tag-polska","27":"tag-polski","28":"tag-rosja","29":"tag-screening_general","30":"tag-swiat","31":"tag-top-stories","32":"tag-topstories","33":"tag-wiadomosci"},"share_on_mastodon":{"url":"","error":""},"_links":{"self":[{"href":"https:\/\/www.europesays.com\/pl\/wp-json\/wp\/v2\/posts\/15776","targetHints":{"allow":["GET"]}}],"collection":[{"href":"https:\/\/www.europesays.com\/pl\/wp-json\/wp\/v2\/posts"}],"about":[{"href":"https:\/\/www.europesays.com\/pl\/wp-json\/wp\/v2\/types\/post"}],"author":[{"embeddable":true,"href":"https:\/\/www.europesays.com\/pl\/wp-json\/wp\/v2\/users\/2"}],"replies":[{"embeddable":true,"href":"https:\/\/www.europesays.com\/pl\/wp-json\/wp\/v2\/comments?post=15776"}],"version-history":[{"count":0,"href":"https:\/\/www.europesays.com\/pl\/wp-json\/wp\/v2\/posts\/15776\/revisions"}],"wp:featuredmedia":[{"embeddable":true,"href":"https:\/\/www.europesays.com\/pl\/wp-json\/wp\/v2\/media\/15777"}],"wp:attachment":[{"href":"https:\/\/www.europesays.com\/pl\/wp-json\/wp\/v2\/media?parent=15776"}],"wp:term":[{"taxonomy":"category","embeddable":true,"href":"https:\/\/www.europesays.com\/pl\/wp-json\/wp\/v2\/categories?post=15776"},{"taxonomy":"post_tag","embeddable":true,"href":"https:\/\/www.europesays.com\/pl\/wp-json\/wp\/v2\/tags?post=15776"}],"curies":[{"name":"wp","href":"https:\/\/api.w.org\/{rel}","templated":true}]}}