{"id":157775,"date":"2025-12-18T11:35:15","date_gmt":"2025-12-18T11:35:15","guid":{"rendered":"https:\/\/www.europesays.com\/pl\/157775\/"},"modified":"2025-12-18T11:35:15","modified_gmt":"2025-12-18T11:35:15","slug":"bulwersujace-zachowanie-marka-suskiego-z-debilami-pracowac-nie-mozna","status":"publish","type":"post","link":"https:\/\/www.europesays.com\/pl\/157775\/","title":{"rendered":"Bulwersuj\u0105ce zachowanie Marka Suskiego. &#8222;Z debilami pracowa\u0107 nie mo\u017cna&#8221;"},"content":{"rendered":"<p class=\"ods-c-paragraph \">W trakcie obrad komisji politycy g\u0142osowali nad wnioskiem o odwo\u0142anie pos\u0142a Koalicji Obywatelskiej Piotra Adamowicza ze stanowiska przewodnicz\u0105cego. Inicjatorzy wniosku, w tym przedstawiciele PiS, zarzucali Adamowiczowi blokowanie mo\u017cliwo\u015bci zabierania g\u0142osu oraz ograniczanie debaty parlamentarnej.<\/p>\n<p> Co powiedzia\u0142 Marek Suski podczas posiedzenia komisji? <\/p>\n<p> Czego dotyczy\u0142 wniosek o odwo\u0142anie Piotra Adamowicza? <\/p>\n<p> Jakie zarzuty postawili pos\u0142owie PiS Adamowiczowi? <\/p>\n<p> Czy to pierwszy incydent z udzia\u0142em Marka Suskiego w komisji kultury? <\/p>\n<p class=\"ods-c-paragraph \">\u2014 Nie jest prawd\u0105, \u017ce odbieramy komukolwiek g\u0142os. Nie mamy te\u017c i my\u015bl\u0119, \u017ce tak samo pan przewodnicz\u0105cy, w zwyczaju cenzurowania cudzych wypowiedzi. Je\u015bli za skandal uwa\u017cacie pa\u0144stwo dopuszczanie na posiedzeniu komisji kultury do g\u0142osu ministra kultury, no to troch\u0119 si\u0119 nie rozumiemy \u2014 odpowiada\u0142a na zarzuty pos\u0142anka KO Urszula Augustyn.<\/p>\n<p>   Marek Suski zn\u00f3w obra\u017ca innych<\/p>\n<p class=\"ods-c-paragraph \">Pos\u0142owie Prawa i Sprawiedliwo\u015bci domagali si\u0119 przeprowadzenia debaty nad wnioskiem o odwo\u0142anie przewodnicz\u0105cego Adamowicza. G\u0142os zabra\u0142a wyra\u017anie oburzona Joanna Lichocka z PiS.<\/p>\n<p class=\"ods-c-paragraph \">\u2014 Ograniczenie prawa opozycji do normalnej debaty jest charakterystyczne dla koalicji 13 grudnia. Tak haniebnej sytuacji na komisji kultury jak teraz nigdy nie by\u0142o \u2014 m\u00f3wi\u0142a pos\u0142anka, kt\u00f3ra nast\u0119pnie z\u0142o\u017cy\u0142a wniosek formalny o to, aby by\u0142a prowadzona debata.<\/p>\n<p class=\"ods-c-paragraph \">Z kolei Wojciech Kr\u00f3l z KO z\u0142o\u017cy\u0142 wniosek formalny o natychmiastowe przej\u015bcie do g\u0142osowania. Zosta\u0142 on przeg\u0142osowany wi\u0119kszo\u015bci\u0105 g\u0142os\u00f3w. Spotka\u0142o si\u0119 to z ostr\u0105 reakcj\u0105 ze strony Marka Suskiego.<\/p>\n<p class=\"ods-c-paragraph \">\u2014 Dzi\u0119kuj\u0119, ja opuszczam t\u0119 komisj\u0119. Z debilami pracowa\u0107 nie mo\u017cna. Do widzenia pa\u0144stwu. Do widzenia, debile \u2014 oznajmi\u0142 Suski i wyszed\u0142 z sali.<\/p>\n<p class=\"ods-c-paragraph \">To nie pierwszy raz, gdy Marek Suski znalaz\u0142 si\u0119 w centrum podobnego zamieszania podczas prac komisji kultury. W pa\u017adzierniku 2024 r. dosz\u0142o do napi\u0119tej wymiany zda\u0144 mi\u0119dzy nim a Piotrem Adamowiczem, gdy komisja pozytywnie zaopiniowa\u0142a wniosek o odwo\u0142anie Krzysztofa Czaba\u0144skiego ze stanowiska przewodnicz\u0105cego Rady Medi\u00f3w Narodowych. <a href=\"https:\/\/wiadomosci.onet.pl\/kraj\/marek-suski-nazwal-posla-debilem-za-ten-wyskok-moze-miec-klopoty\/jtdz155\" id=\"5fcfc5c9-57d1-477c-a659-50e3fe1cdea1\" rel=\"nofollow noopener\" target=\"_blank\">Pose\u0142 Prawa i Sprawiedliwo\u015bci w\u00f3wczas nazwa\u0142 Adamowicza &#8222;debilem&#8221;.<\/a><\/p>\n","protected":false},"excerpt":{"rendered":"W trakcie obrad komisji politycy g\u0142osowali nad wnioskiem o odwo\u0142anie pos\u0142a Koalicji Obywatelskiej Piotra Adamowicza ze stanowiska przewodnicz\u0105cego.&hellip;\n","protected":false},"author":2,"featured_media":157776,"comment_status":"","ping_status":"","sticky":false,"template":"","format":"standard","meta":{"footnotes":""},"categories":[5],"tags":[32,33,36,37,27,49,34,35,10491,28,31,48,25,46,529,42,38,40,39,41,47,5485,29,30,26],"class_list":{"0":"post-157775","1":"post","2":"type-post","3":"status-publish","4":"format-standard","5":"has-post-thumbnail","7":"category-naglowki","8":"tag-breaking-news","9":"tag-breakingnews","10":"tag-featured-news","11":"tag-featurednews","12":"tag-headlines","13":"tag-kraj","14":"tag-latest-news","15":"tag-latestnews","16":"tag-marek_suski","17":"tag-naglowki","18":"tag-najwazniejsze-artykuly","19":"tag-nat_styl","20":"tag-news","21":"tag-omp","22":"tag-pis","23":"tag-pl","24":"tag-poland","25":"tag-polish","26":"tag-polska","27":"tag-polski","28":"tag-screening_general","29":"tag-sejm_rp","30":"tag-top-stories","31":"tag-topstories","32":"tag-wiadomosci"},"share_on_mastodon":{"url":"https:\/\/pubeurope.com\/@pl\/115740365586877277","error":""},"_links":{"self":[{"href":"https:\/\/www.europesays.com\/pl\/wp-json\/wp\/v2\/posts\/157775","targetHints":{"allow":["GET"]}}],"collection":[{"href":"https:\/\/www.europesays.com\/pl\/wp-json\/wp\/v2\/posts"}],"about":[{"href":"https:\/\/www.europesays.com\/pl\/wp-json\/wp\/v2\/types\/post"}],"author":[{"embeddable":true,"href":"https:\/\/www.europesays.com\/pl\/wp-json\/wp\/v2\/users\/2"}],"replies":[{"embeddable":true,"href":"https:\/\/www.europesays.com\/pl\/wp-json\/wp\/v2\/comments?post=157775"}],"version-history":[{"count":0,"href":"https:\/\/www.europesays.com\/pl\/wp-json\/wp\/v2\/posts\/157775\/revisions"}],"wp:featuredmedia":[{"embeddable":true,"href":"https:\/\/www.europesays.com\/pl\/wp-json\/wp\/v2\/media\/157776"}],"wp:attachment":[{"href":"https:\/\/www.europesays.com\/pl\/wp-json\/wp\/v2\/media?parent=157775"}],"wp:term":[{"taxonomy":"category","embeddable":true,"href":"https:\/\/www.europesays.com\/pl\/wp-json\/wp\/v2\/categories?post=157775"},{"taxonomy":"post_tag","embeddable":true,"href":"https:\/\/www.europesays.com\/pl\/wp-json\/wp\/v2\/tags?post=157775"}],"curies":[{"name":"wp","href":"https:\/\/api.w.org\/{rel}","templated":true}]}}