{"id":157793,"date":"2025-12-18T11:44:19","date_gmt":"2025-12-18T11:44:19","guid":{"rendered":"https:\/\/www.europesays.com\/pl\/157793\/"},"modified":"2025-12-18T11:44:19","modified_gmt":"2025-12-18T11:44:19","slug":"dolaczy-do-kabaretu-hrabi-kim-jest-wojtek-kaminski","status":"publish","type":"post","link":"https:\/\/www.europesays.com\/pl\/157793\/","title":{"rendered":"Do\u0142\u0105czy do kabaretu Hrabi. Kim jest Wojtek Kami\u0144ski?"},"content":{"rendered":"<p class=\"ods-c-paragraph \">Do kabaretu Hrabi go\u015bcinnie do\u0142\u0105czy Wojtek Kami\u0144ski, kt\u00f3ry podzieli\u0142 si\u0119 t\u0105 informacj\u0105 na swoim Facebooku. Ju\u017c w styczniu razem wystartuj\u0105 ze nowym probramem &#8222;By\u0107 facetem&#8221;. &#8222;Dziel\u0119 si\u0119 z wami znakomit\u0105 wiadomo\u015bci\u0105. Kabaret Hrabi zaprosi\u0142 mnie do wsp\u00f3lnego kabaretowego projektu. Przyj\u0105\u0142em ten zaszczyt z rado\u015bci\u0105 i ekscytacj\u0105&#8221; \u2014 przekaza\u0142.<\/p>\n<p>Dalszy ci\u0105g artyku\u0142u pod materia\u0142em wideo<\/p>\n<p> Kiedy wystartuje nowy program kabaretu Hrabi? <\/p>\n<p> Jak d\u0142ugo Wojtek Kami\u0144ski by\u0142 w kabarecie Jurki? <\/p>\n<p> Gdzie odb\u0119d\u0105 si\u0119 wyst\u0119py kabaretu Hrabi z Wojtkiem Kami\u0144skim? <\/p>\n<p> Jaki jest tytu\u0142 nowego programu kabaretu Hrabi? <\/p>\n<p class=\"ods-c-paragraph \">Wojtek Kami\u0144ski na scenie kabaretowej jest aktywny od ponad trzech dekad. Da\u0142 si\u0119 pozna\u0107 przede wszystkim wyst\u0119puj\u0105c w kabarecie Jurki, kt\u00f3ry tworzy\u0142 od 1995 r. przez 25 lat \u2014 wcze\u015bniej wyst\u0119powa\u0142 jeszcze w kabarecie Mi\u0142e twarze.<\/p>\n<p>Do\u0142\u0105czy do kabaretu Hrabi. Widzowie dobrze go znaj\u0105 z innego projektu   <\/p>\n<p class=\"ods-c-paragraph \">Artysta z kabaretu Jurki odszed\u0142 w 2020 r., chc\u0105c kontynuowa\u0107 dalsz\u0105 karier\u0119 jako stand-uper, a swoje solowe wyst\u0119py cz\u0119sto udost\u0119pnia w sieci. &#8222;To jest kwestia pewnej dojrza\u0142o\u015bci scenicznej. W kabarecie dzia\u0142a si\u0119 w grupie i zupe\u0142nie inaczej podaje si\u0119 pewne tre\u015bci. W kabarecie wiele mo\u017cna odegra\u0107, zawrze\u0107 w sytuacji, kt\u00f3r\u0105 tworzy kilka os\u00f3b&#8221; \u2014 m\u00f3wi\u0142 dla Radia Emaus.<\/p>\n<blockquote class=\"ods-o-quota\">\n<p class=\"ods-o-quota__paragraph\">Dzi\u0119ki temu zyskujemy napi\u0119cie w skeczu czy w ca\u0142ym przedstawieniu. W stand-upie jestem sam i wi\u0119cej musz\u0119 o tym opowiedzie\u0107. Oczywi\u015bcie jestem aktorem, wi\u0119c te\u017c odgrywam pewne emocje i sceny<\/p>\n<\/blockquote>\n<p class=\"ods-c-paragraph \">&#8222;Czy w kabarecie jest \u0142atwiej? Pewnie tak, bo ma si\u0119 na scenie koleg\u00f3w, przyjaci\u00f3\u0142 i partner\u00f3w, wi\u0119c jak nagle mg\u0142a covidowa zaatakuje m\u00f3zg, to s\u0105 w stanie Ci\u0119 z tego wyci\u0105gn\u0105\u0107. Jak jest si\u0119 samemu, to trzeba sobie poradzi\u0107, co bywa bardziej stresuj\u0105ce, ale jest te\u017c w tym co\u015b ujmuj\u0105cego. Niesie to za sob\u0105 dreszcz adrenaliny. Lubi\u0119 to&#8221; \u2014 doda\u0142.<\/p>\n<p class=\"ods-c-paragraph \">Wojtek Kami\u0144ski wyst\u0105pi\u0142 tak\u017ce w serialu kabaretowym &#8222;Spadkobiercy&#8221;, jak i r\u00f3wnie\u017c produkcjach &#8222;Robin Hood \u2014 czwarta strza\u0142a&#8221;, &#8222;Umiesz tak?&#8221; czy &#8222;Nakr\u0119ceni&#8221;.<\/p>\n<p class=\"ods-c-paragraph \">Warto doda\u0107, \u017ce kabaret Hrabi nie zamierza zmienia\u0107 dotychczasowego sk\u0142adu, a na wyst\u0119py b\u0119dzie go\u015bcinnie zaprasza\u0107 artyst\u00f3w. Projekt &#8222;Kabaret Hrabi &amp; Wojtek Kami\u0144ski \u2014 By\u0107 facetem&#8221; zawita m.in. do Pszczyny, Poznania, Torunia, D\u0119bicy, Zielonej G\u00f3ry, Gdyni, Warszawy, Kielc oraz \u0141odzi.<\/p>\n<p>    <img decoding=\"async\" src=\"https:\/\/www.europesays.com\/pl\/wp-content\/uploads\/2025\/12\/GnBk9lBaHR0cHM6Ly9vY2RuLmV1L3B1bHNjbXMvTURBXy8yNGUyYTZlOTlmMTYwMWI4M2JkNjg0Y2E1NDA2NjhhNS5qcGeRlQLNB.jpeg\" height=\"625\" width=\"940\" alt=\"Wojtek Kami\u0144ski\" loading=\"lazy\" class=\"ods-c-image__img ods-c-image__img--viewport-width\"\/><\/p>\n<p>Wojtek Kami\u0144skiPi\u0119tka Mieszko \/ AKPA<\/p>\n<p class=\"ods-c-paragraph \">Dzi\u0119kujemy, \u017ce przeczyta\u0142a\u015b\/e\u015b nasz artyku\u0142 do ko\u0144ca. W serwisie Plejada.pl ka\u017cdego dnia piszemy o najwa\u017cniejszych wydarzeniach show-biznesowych. B\u0105d\u017a na bie\u017c\u0105co! <a rel=\"nofollow noopener\" href=\"https:\/\/profile.google.com\/cp\/Cg0vZy8xMWJ6X19wdHBx\" id=\"243da6a3-a09a-4af9-b31e-247f1fbd7035\" target=\"_blank\">Obserwuj<\/a> Plejad\u0119 w Google. Odwied\u017a nas tak\u017ce na <a rel=\"nofollow noopener\" href=\"https:\/\/www.facebook.com\/plejadapl\" id=\"a650e800-9ec2-4445-a636-7c034b200bd1\" target=\"_blank\">Facebooku<\/a>, <a rel=\"nofollow noopener\" href=\"https:\/\/www.instagram.com\/plejadapl\/\" id=\"767341ff-d58a-466d-84a6-4e54d5919524\" target=\"_blank\">Instagramie<\/a>, <a rel=\"nofollow noopener\" href=\"https:\/\/www.youtube.com\/c\/plejada\" id=\"072ed74b-608a-442d-8c37-110cafa78dac\" target=\"_blank\">YouTubie<\/a> oraz <a rel=\"nofollow noopener\" href=\"https:\/\/www.tiktok.com\/@plejada_pl\" id=\"2f353ac9-8755-4954-a175-ec8ea2fea1ac\" target=\"_blank\">TikToku<\/a>.<\/p>\n<p class=\"ods-c-paragraph \">Chcesz podzieli\u0107 si\u0119 ciekawym newsem lub zaproponowa\u0107 temat? Skontaktuj si\u0119 z nami, pisz\u0105c maila na adres: <a rel=\"nofollow noopener\" href=\"https:\/\/plejada.pl\/newsy\/dolaczy-do-kabaretu-hrabi-kim-jest-wojtek-kaminski\/mailto:plejada@redakcjaonet.pl\" id=\"306339cc-b483-41e4-8548-0abe79098bad\" target=\"_blank\">plejada@redakcjaon<\/a><a rel=\"nofollow noopener\" href=\"https:\/\/et.pl\/\" id=\"5995faea-f030-4279-8ddc-1683d3e01c61\" target=\"_blank\">et.pl<\/a>.<\/p>\n<p><script async src=\"\/\/www.instagram.com\/embed.js\"><\/script><script async src=\"\/\/www.tiktok.com\/embed.js\"><\/script><\/p>\n","protected":false},"excerpt":{"rendered":"Do kabaretu Hrabi go\u015bcinnie do\u0142\u0105czy Wojtek Kami\u0144ski, kt\u00f3ry podzieli\u0142 si\u0119 t\u0105 informacj\u0105 na swoim Facebooku. Ju\u017c w styczniu&hellip;\n","protected":false},"author":2,"featured_media":157794,"comment_status":"","ping_status":"","sticky":false,"template":"","format":"standard","meta":{"footnotes":""},"categories":[22],"tags":[122,2472,48,125,46,42,38,40,39,41,123,47],"class_list":{"0":"post-157793","1":"post","2":"type-post","3":"status-publish","4":"format-standard","5":"has-post-thumbnail","7":"category-rozrywka","8":"tag-entertainment","9":"tag-kabaret_hrabi","10":"tag-nat_styl","11":"tag-newsy","12":"tag-omp","13":"tag-pl","14":"tag-poland","15":"tag-polish","16":"tag-polska","17":"tag-polski","18":"tag-rozrywka","19":"tag-screening_general"},"share_on_mastodon":{"url":"https:\/\/pubeurope.com\/@pl\/115740401301281426","error":""},"_links":{"self":[{"href":"https:\/\/www.europesays.com\/pl\/wp-json\/wp\/v2\/posts\/157793","targetHints":{"allow":["GET"]}}],"collection":[{"href":"https:\/\/www.europesays.com\/pl\/wp-json\/wp\/v2\/posts"}],"about":[{"href":"https:\/\/www.europesays.com\/pl\/wp-json\/wp\/v2\/types\/post"}],"author":[{"embeddable":true,"href":"https:\/\/www.europesays.com\/pl\/wp-json\/wp\/v2\/users\/2"}],"replies":[{"embeddable":true,"href":"https:\/\/www.europesays.com\/pl\/wp-json\/wp\/v2\/comments?post=157793"}],"version-history":[{"count":0,"href":"https:\/\/www.europesays.com\/pl\/wp-json\/wp\/v2\/posts\/157793\/revisions"}],"wp:featuredmedia":[{"embeddable":true,"href":"https:\/\/www.europesays.com\/pl\/wp-json\/wp\/v2\/media\/157794"}],"wp:attachment":[{"href":"https:\/\/www.europesays.com\/pl\/wp-json\/wp\/v2\/media?parent=157793"}],"wp:term":[{"taxonomy":"category","embeddable":true,"href":"https:\/\/www.europesays.com\/pl\/wp-json\/wp\/v2\/categories?post=157793"},{"taxonomy":"post_tag","embeddable":true,"href":"https:\/\/www.europesays.com\/pl\/wp-json\/wp\/v2\/tags?post=157793"}],"curies":[{"name":"wp","href":"https:\/\/api.w.org\/{rel}","templated":true}]}}