{"id":157801,"date":"2025-12-18T11:48:10","date_gmt":"2025-12-18T11:48:10","guid":{"rendered":"https:\/\/www.europesays.com\/pl\/157801\/"},"modified":"2025-12-18T11:48:10","modified_gmt":"2025-12-18T11:48:10","slug":"powazna-wpadka-ze-zmiana-nazwy-cpk-amatorka-to-malo-powiedziane","status":"publish","type":"post","link":"https:\/\/www.europesays.com\/pl\/157801\/","title":{"rendered":"Powa\u017cna wpadka ze zmian\u0105 nazwy CPK. &#8222;\u00bbAmatorka\u00ab to ma\u0142o powiedziane&#8221;"},"content":{"rendered":"<p class=\"ods-c-paragraph \">W ostatni pi\u0105tek 12 grudnia premier Donald Tusk poinformowa\u0142, \u017ce <a href=\"https:\/\/wiadomosci.onet.pl\/kraj\/rzad-zmienia-nazwe-cpk-donald-tusk-podal-nowa-nazwe\/m07dqn7\" id=\"9e283774-03b5-4956-a7a3-93373651886e\" rel=\"nofollow noopener\" target=\"_blank\">Centralny Port Komunikacyjny (CPK) od tej pory b\u0119dzie nazywa\u0142 si\u0119 inaczej<\/a>.<\/p>\n<blockquote class=\"ods-o-quota\">\n<p class=\"ods-o-quota__paragraph\">Najwi\u0119ksze lotnisko tej cz\u0119\u015bci Europy i hub lotniczy b\u0119d\u0105 nazywa\u0107 si\u0119 Port Polska<\/p>\n<\/blockquote>\n<p class=\"ods-c-paragraph \">\u2014 przekaza\u0142, dodaj\u0105c, \u017ce &#8222;wszyscy b\u0119d\u0105 wiedzieli, \u017ce tu bije serce Europy&#8221;. Jak t\u0142umaczy\u0142 szef rz\u0105d, decyzj\u0119 o zmianie nazwy podj\u0105\u0142, poniewa\u017c jego zdaniem wcze\u015bniejsz\u0105 &#8222;zha\u0144bili jego poprzednicy&#8221;.<\/p>\n<p>Dalszy ci\u0105g artyku\u0142u pod materia\u0142em wideo<\/p>\n<p> Jaka by\u0142a nowa nazwa dla CPK? <\/p>\n<p> Kto sta\u0142 si\u0119 w\u0142a\u015bcicielem kont Port Polska na platformie X? <\/p>\n<p> Kiedy premier og\u0142osi\u0142 zmian\u0119 nazwy CPK? <\/p>\n<p> Dlaczego Tomasz Janusz ocenia rebranding CPK jako s\u0142aby? <\/p>\n<p>  Premier Donald Tusk og\u0142osi\u0142 zmian\u0119 nazwy CPK. Dosz\u0142o do wpadek<\/p>\n<p class=\"ods-c-paragraph \">Po zmianie nazwy inwestycji na Port Polska dosz\u0142o jednak do dw\u00f3ch powa\u017cnych wpadek. Odpowiedzialne za to osoby nie zarezerwowa\u0142y zawczasu nazw kont w serwisach spo\u0142eczno\u015bciowych. Uprzedzi\u0142a je prywatna osoba i sta\u0142a si\u0119 w\u0142a\u015bcicielem tych profili na platformie X. A jest ni\u0105 popularny internauta Tomasz Janusz.<\/p>\n<blockquote class=\"ods-o-quota\">\n<p class=\"ods-o-quota__paragraph\">Rebranding CPK zosta\u0142 fantastycznie przygotowany. [&#8230;] Domen\u0119 kupili 5 grudnia, ale serwera, kt\u00f3ry mia\u0142by obs\u0142ugiwa\u0107 Port Polska, nikt nie skonfigurowa\u0142 do teraz. Nie zarezerwowali nazw kont w serwisach spo\u0142eczno\u015bciowych<\/p>\n<\/blockquote>\n<p class=\"ods-c-paragraph \">\u2014 napisa\u0142 na platformie X, dodaj\u0105c, \u017ce sta\u0142 si\u0119 w\u0142a\u015bcicielem dw\u00f3ch profili z nazw\u0105 Port Polska.<\/p>\n<p class=\"ods-c-paragraph \">Oba konta obecnie oznaczone s\u0105 jako parodystyczne. Oficjalny profil Portu Polska nazywa si\u0119 za\u015b @PortPolska_info.<\/p>\n<blockquote class=\"ods-o-quota\">\n<p class=\"ods-o-quota__paragraph\">Jeszcze nie wiem, co tam b\u0119dzie i czy nie oddam ich komu\u015b w dobre r\u0119ce<\/p>\n<\/blockquote>\n<p class=\"ods-c-paragraph \">\u2014 doda\u0142 Tomasz Janusz.<\/p>\n<p class=\"ods-c-paragraph \">Na tym jednak nie koniec. Nazwa dotychczasowego konta CPK na platformie X r\u00f3wnie\u017c nie zosta\u0142a odpowiednio zabezpieczona. J\u0105 tak\u017ce przej\u0105\u0142 Tomasz Janusz.<\/p>\n<blockquote class=\"ods-o-quota\">\n<p class=\"ods-o-quota__paragraph\">Kto\u015b nie zadba\u0142 o stare konto CPK. Tak\u017ce mog\u0119 ju\u017c oficjalnie potwierdzi\u0107, \u017ce jestem jego w\u0142a\u015bcicielem. Najgorszy rebranding ever<\/p>\n<\/blockquote>\n<p class=\"ods-c-paragraph \">\u2014 przekaza\u0142.<\/p>\n<p class=\"ods-c-paragraph \">W \u015brod\u0119 wieczorem Tomasz Janusz opublikowa\u0142 kolejny wpis w sprawie zmiany nazwy CPK. Wyja\u015bni\u0142 te\u017c, co powinno si\u0119 robi\u0107, aby unika\u0107 tego typu problem\u00f3w.<\/p>\n<p class=\"ods-c-paragraph \">Na koniec swojego d\u0142ugiego wpisu Tomasz oceni\u0142, \u017ce rebranding CPK jest &#8222;jedn\u0105 z najgorszych operacji, jak\u0105 widzia\u0142 w swoim 20-letnim \u017cyciu zawodowym&#8221;. Doda\u0142 r\u00f3wnie\u017c, \u017ce jest got\u00f3w odda\u0107 przej\u0119te konta, poniewa\u017c nie chce by\u0107 &#8222;wredny&#8221;.<\/p>\n<blockquote class=\"ods-o-quota\">\n<p class=\"ods-o-quota__paragraph\">&#8222;Amatorka&#8221; to ma\u0142o powiedziane<\/p>\n<\/blockquote>\n<p class=\"ods-c-paragraph \">\u2014 skwitowa\u0142.<\/p>\n<p>Wybory prezydenckie 2025 r. Problem z domen\u0105 Rafa\u0142a Trzaskowskiego<\/p>\n<p class=\"ods-c-paragraph \">Do podobnej wpadki dosz\u0142o w grudniu 2024 r. Rafa\u0142 Trzaskowski w ramach prekampanii prezydenckiej pojawi\u0142 si\u0119 na konwencji w Gliwicach. Has\u0142em przewodnim wydarzenia by\u0142o &#8222;Ca\u0142a Polska naprz\u00f3d&#8221;. <\/p>\n<p class=\"ods-c-paragraph \">Ten sam slogan mia\u0142 r\u00f3wnie\u017c towarzyszy\u0107 Rafa\u0142owi Trzaskowskiemu w oficjalnej kampanii przed wyborami prezydenckimi. Sztab prezydenta Warszawy nie dopilnowa\u0142 jednak, aby zawczasu wykupi\u0107 domen\u0119 internetow\u0105 z tym has\u0142em. W efekcie calapolskanaprzod.pl zosta\u0142a przej\u0119ta przez Prawo i Sprawiedliwo\u015b\u0107.<\/p>\n","protected":false},"excerpt":{"rendered":"W ostatni pi\u0105tek 12 grudnia premier Donald Tusk poinformowa\u0142, \u017ce Centralny Port Komunikacyjny (CPK) od tej pory b\u0119dzie&hellip;\n","protected":false},"author":2,"featured_media":157802,"comment_status":"","ping_status":"","sticky":false,"template":"","format":"standard","meta":{"footnotes":""},"categories":[12],"tags":[32,33,6052,212,36,37,27,49,34,35,28,31,48,25,46,42,38,40,39,41,47,29,30,26,4615],"class_list":{"0":"post-157801","1":"post","2":"type-post","3":"status-publish","4":"format-standard","5":"has-post-thumbnail","7":"category-polska","8":"tag-breaking-news","9":"tag-breakingnews","10":"tag-cpk","11":"tag-donald_tusk","12":"tag-featured-news","13":"tag-featurednews","14":"tag-headlines","15":"tag-kraj","16":"tag-latest-news","17":"tag-latestnews","18":"tag-naglowki","19":"tag-najwazniejsze-artykuly","20":"tag-nat_styl","21":"tag-news","22":"tag-omp","23":"tag-pl","24":"tag-poland","25":"tag-polish","26":"tag-polska","27":"tag-polski","28":"tag-screening_general","29":"tag-top-stories","30":"tag-topstories","31":"tag-wiadomosci","32":"tag-wpadki"},"share_on_mastodon":{"url":"https:\/\/pubeurope.com\/@pl\/115740416781356072","error":""},"_links":{"self":[{"href":"https:\/\/www.europesays.com\/pl\/wp-json\/wp\/v2\/posts\/157801","targetHints":{"allow":["GET"]}}],"collection":[{"href":"https:\/\/www.europesays.com\/pl\/wp-json\/wp\/v2\/posts"}],"about":[{"href":"https:\/\/www.europesays.com\/pl\/wp-json\/wp\/v2\/types\/post"}],"author":[{"embeddable":true,"href":"https:\/\/www.europesays.com\/pl\/wp-json\/wp\/v2\/users\/2"}],"replies":[{"embeddable":true,"href":"https:\/\/www.europesays.com\/pl\/wp-json\/wp\/v2\/comments?post=157801"}],"version-history":[{"count":0,"href":"https:\/\/www.europesays.com\/pl\/wp-json\/wp\/v2\/posts\/157801\/revisions"}],"wp:featuredmedia":[{"embeddable":true,"href":"https:\/\/www.europesays.com\/pl\/wp-json\/wp\/v2\/media\/157802"}],"wp:attachment":[{"href":"https:\/\/www.europesays.com\/pl\/wp-json\/wp\/v2\/media?parent=157801"}],"wp:term":[{"taxonomy":"category","embeddable":true,"href":"https:\/\/www.europesays.com\/pl\/wp-json\/wp\/v2\/categories?post=157801"},{"taxonomy":"post_tag","embeddable":true,"href":"https:\/\/www.europesays.com\/pl\/wp-json\/wp\/v2\/tags?post=157801"}],"curies":[{"name":"wp","href":"https:\/\/api.w.org\/{rel}","templated":true}]}}