{"id":157813,"date":"2025-12-18T11:55:19","date_gmt":"2025-12-18T11:55:19","guid":{"rendered":"https:\/\/www.europesays.com\/pl\/157813\/"},"modified":"2025-12-18T11:55:19","modified_gmt":"2025-12-18T11:55:19","slug":"morawiecki-utworzy-nowa-partie-oto-co-sadza-polacy-sondaz","status":"publish","type":"post","link":"https:\/\/www.europesays.com\/pl\/157813\/","title":{"rendered":"Morawiecki utworzy now\u0105 parti\u0119? Oto co s\u0105dz\u0105 Polacy [SONDA\u017b]"},"content":{"rendered":"<p data-section=\"detail-body\">Cz\u0119\u015b\u0107 dzia\u0142aczy PiS otwarcie domaga si\u0119 wyra\u017aniejszego przesuni\u0119cia ugrupowania w stron\u0119 twardej prawicy. Ich zdaniem tylko taki ruch pozwoli odzyska\u0107 wyborc\u00f3w odp\u0142ywaj\u0105cych do Konfederacji i \u015brodowisk skupionych wok\u00f3\u0142 Korony. W tym kontek\u015bcie by\u0142y premier bywa postrzegany jako polityk zbyt centrowy i zbyt technokratyczny, by skutecznie mobilizowa\u0107 najbardziej ideologiczny elektorat.<\/p>\n<p class=\"article_p\" data-section=\"detail-body\">Czytaj te\u017c: <a href=\"https:\/\/businessinsider.com.pl\/gospodarka\/nowy-krajowy-plan-energii-i-klimatu-ponad-50-proc-pradu-z-oze-do-2030-r-atom-i-gaz-w\/r6rhp6b\" id=\"569cbd61-468c-4a04-8478-d7be93ebb9dd\" rel=\"nofollow noopener\" target=\"_blank\">Nowy Krajowy Plan Energii i Klimatu: ponad 50 proc. pr\u0105du z OZE do 2030 r., atom i gaz w miksie<\/a><\/p>\n<p class=\"article_p\" data-section=\"detail-body\">Dalsza cz\u0119\u015b\u0107 tekstu pod materia\u0142em wideo<\/p>\n<p class=\"article_p\" data-section=\"detail-body\">Sam Morawiecki konsekwentnie podkre\u015bla, \u017ce nie planuje rozstania z PiS. Jednocze\u015bnie jego nazwisko regularnie pojawia si\u0119 w spekulacjach dotycz\u0105cych ewentualnego nowego projektu politycznego. To w\u0142a\u015bnie te spekulacje sta\u0142y si\u0119 impulsem do przeprowadzenia sonda\u017cu, kt\u00f3ry mia\u0142 sprawdzi\u0107, czy taka inicjatywa mia\u0142aby w og\u00f3le spo\u0142eczne zaplecze.<\/p>\n<p>            Czytaj tak\u017ce w BUSINESS INSIDER<\/p>\n<p>        Sp\u00f3r o kierunek i przyw\u00f3dztwo w PiS<\/p>\n<p class=\"article_p\" data-section=\"detail-body\">Konflikt w PiS ma charakter strategiczny. Z jednej strony s\u0105 zwolennicy twardszej narracji i wyra\u017anego ideologicznego zwrotu, z drugiej \u2014 politycy przekonani, \u017ce bez umiarkowanych wyborc\u00f3w partia nie ma szans na zwyci\u0119stwo w kolejnych wyborach parlamentarnych. Morawiecki, kojarzony z polityk\u0105 gospodarcz\u0105 i pr\u00f3bami dialogu z Zachodem, znalaz\u0142 si\u0119 w samym centrum tej osi sporu.<\/p>\n<p class=\"article_p\" data-section=\"detail-body\">Czytaj te\u017c: <a href=\"https:\/\/businessinsider.com.pl\/gospodarka\/usa-skazane-na-europe-trump-nie-przewidzial-wszystkiego-w-relacjach-z-ue-analiza\/plg49fz\" id=\"b69fff72-a73e-422c-9a69-ec74afe16186\" rel=\"nofollow noopener\" target=\"_blank\">USA &#8222;skazane na Europ\u0119&#8221;. Trump nie przewidzia\u0142 wszystkiego w relacjach z UE [ANALIZA]<\/a><\/p>\n<p class=\"article_p\" data-section=\"detail-body\">Wewn\u0119trzna debata toczy si\u0119 w momencie szczeg\u00f3lnie wra\u017cliwym \u2014 przed d\u0142ugim okresem odbudowy pozycji po utracie w\u0142adzy. Ka\u017cdy sygna\u0142 potencjalnego roz\u0142amu lub nowej inicjatywy politycznej mo\u017ce wi\u0119c mie\u0107 znaczenie nie tylko dla PiS, ale i dla ca\u0142ego uk\u0142adu si\u0142 na prawicy.<\/p>\n<p>                    <img decoding=\"async\" loading=\"lazy\" class=\"article-image_container--img\" id=\"image_f61eb4a0-850a-48fc-b3d3-252d99f83094\" alt=\"By\u0142y premier Mateusz Morawiecki i prezes PiS Jaros\u0142aw Kaczy\u0144ski podczas rozdania nagr\u00f3d Gazety Polskiej\" src=\"https:\/\/www.europesays.com\/pl\/wp-content\/uploads\/2025\/12\/7o-k9kqTURBXy9iNDkwZmI4YzMwOGIxZDJhMTE3NmUxZTNkMzBmZGEwMy5qcGVnkZMCzQOYAN4AAqEwAaExAQ.jpeg\"\/><\/p>\n<p>            By\u0142y premier Mateusz Morawiecki i prezes PiS Jaros\u0142aw Kaczy\u0144ski podczas rozdania nagr\u00f3d Gazety Polskiej<\/p>\n<p>                    |<br \/>\n                    East News<\/p>\n<p>        Sonda\u017c ujawnia potencja\u0142 nowej formacji Mateusza Morawieckiego<\/p>\n<p class=\"article_p\" data-section=\"detail-body\">W badaniu przeprowadzonym przez SW Research dla Onetu respondent\u00f3w zapytano, <a href=\"https:\/\/businessinsider.com.pl\/wiadomosci\/byli-mundurowi-pozywaja-skarb-panstwa-rzad-morawieckiego-nas-oszukal\/lknplp2\" id=\"1bd11a35-c2b9-4276-a3ed-ea7014a66418\" rel=\"nofollow noopener\" target=\"_blank\">czy rozwa\u017cyliby oddanie g\u0142osu na parti\u0119 za\u0142o\u017con\u0105 przez Mateusza Morawieckiego w wyborach parlamentarnych w 2027 r.<\/a><\/p>\n<p class=\"article_p\" data-section=\"detail-body\">Ponad 17 proc. ankietowanych zadeklarowa\u0142o, \u017ce taka opcja by\u0142aby dla nich brana pod uwag\u0119. W polskich realiach politycznych to wynik, kt\u00f3ry oznacza realny potencja\u0142 wyborczy i mo\u017cliwo\u015b\u0107 odegrania istotnej roli \u2014 zw\u0142aszcza w scenariuszu trudnych negocjacji koalicyjnych po wyborach.<\/p>\n<p class=\"article_p\" data-section=\"detail-body\">Jednocze\u015bnie 60 proc. badanych wyklucza poparcie dla takiego ugrupowania. Pokazuje to wyra\u017anie, \u017ce ewentualna nowa partia by\u0142ego premiera musia\u0142aby zmierzy\u0107 si\u0119 z powa\u017cnymi barierami i siln\u0105 nieufno\u015bci\u0105 du\u017cej cz\u0119\u015bci elektoratu.<\/p>\n<p class=\"article_p\" data-section=\"detail-body\">Istotn\u0105 grup\u0119 stanowi\u0105 respondenci, kt\u00f3rzy nie potrafili jednoznacznie odpowiedzie\u0107 na pytanie sonda\u017cowe. To niemal 23 proc. badanych \u2014 wyborcy potencjalnie otwarci, ale oczekuj\u0105cy konkret\u00f3w. Ich decyzje mog\u0142yby zale\u017ce\u0107 od programu, zespo\u0142u wsp\u00f3\u0142pracownik\u00f3w oraz og\u00f3lnej sytuacji politycznej w kraju.<\/p>\n","protected":false},"excerpt":{"rendered":"Cz\u0119\u015b\u0107 dzia\u0142aczy PiS otwarcie domaga si\u0119 wyra\u017aniejszego przesuni\u0119cia ugrupowania w stron\u0119 twardej prawicy. Ich zdaniem tylko taki ruch&hellip;\n","protected":false},"author":2,"featured_media":157814,"comment_status":"","ping_status":"","sticky":false,"template":"","format":"standard","meta":{"footnotes":""},"categories":[12],"tags":[32,33,36,37,27,34,35,28,31,25,42,38,40,39,41,29,30,26],"class_list":{"0":"post-157813","1":"post","2":"type-post","3":"status-publish","4":"format-standard","5":"has-post-thumbnail","7":"category-polska","8":"tag-breaking-news","9":"tag-breakingnews","10":"tag-featured-news","11":"tag-featurednews","12":"tag-headlines","13":"tag-latest-news","14":"tag-latestnews","15":"tag-naglowki","16":"tag-najwazniejsze-artykuly","17":"tag-news","18":"tag-pl","19":"tag-poland","20":"tag-polish","21":"tag-polska","22":"tag-polski","23":"tag-top-stories","24":"tag-topstories","25":"tag-wiadomosci"},"share_on_mastodon":{"url":"https:\/\/pubeurope.com\/@pl\/115740444488183694","error":""},"_links":{"self":[{"href":"https:\/\/www.europesays.com\/pl\/wp-json\/wp\/v2\/posts\/157813","targetHints":{"allow":["GET"]}}],"collection":[{"href":"https:\/\/www.europesays.com\/pl\/wp-json\/wp\/v2\/posts"}],"about":[{"href":"https:\/\/www.europesays.com\/pl\/wp-json\/wp\/v2\/types\/post"}],"author":[{"embeddable":true,"href":"https:\/\/www.europesays.com\/pl\/wp-json\/wp\/v2\/users\/2"}],"replies":[{"embeddable":true,"href":"https:\/\/www.europesays.com\/pl\/wp-json\/wp\/v2\/comments?post=157813"}],"version-history":[{"count":0,"href":"https:\/\/www.europesays.com\/pl\/wp-json\/wp\/v2\/posts\/157813\/revisions"}],"wp:featuredmedia":[{"embeddable":true,"href":"https:\/\/www.europesays.com\/pl\/wp-json\/wp\/v2\/media\/157814"}],"wp:attachment":[{"href":"https:\/\/www.europesays.com\/pl\/wp-json\/wp\/v2\/media?parent=157813"}],"wp:term":[{"taxonomy":"category","embeddable":true,"href":"https:\/\/www.europesays.com\/pl\/wp-json\/wp\/v2\/categories?post=157813"},{"taxonomy":"post_tag","embeddable":true,"href":"https:\/\/www.europesays.com\/pl\/wp-json\/wp\/v2\/tags?post=157813"}],"curies":[{"name":"wp","href":"https:\/\/api.w.org\/{rel}","templated":true}]}}