{"id":157821,"date":"2025-12-18T12:03:40","date_gmt":"2025-12-18T12:03:40","guid":{"rendered":"https:\/\/www.europesays.com\/pl\/157821\/"},"modified":"2025-12-18T12:03:40","modified_gmt":"2025-12-18T12:03:40","slug":"realme-16-pro-bedzie-moim-nowym-smartfonem-specyfikacja","status":"publish","type":"post","link":"https:\/\/www.europesays.com\/pl\/157821\/","title":{"rendered":"realme 16 Pro+ b\u0119dzie moim nowym smartfonem: specyfikacja"},"content":{"rendered":"<p class=\"lead\">realme szykuje now\u0105 seri\u0119 wa\u017cnych \u015bredniak\u00f3w. Model realme 16 Pro+ w\u0142a\u015bnie zdradzi\u0142 kluczowe szczeg\u00f3\u0142y przed premier\u0105. To bardzo istotne, poniewa\u017c tym razem oczekuje si\u0119 debiutu smartfona w Polsce.<\/p>\n<p>realme 16 Pro+ pojawi\u0142 si\u0119 w chi\u0144skiej bazie certyfikacyjnej TENAA. Lista ujawnia wygl\u0105d, wymiary oraz pe\u0142n\u0105 specyfikacj\u0119 techniczn\u0105 urz\u0105dzenia. Smartfon b\u0119dzie celowa\u0107 w wy\u017cszy segment \u015bredniej p\u00f3\u0142ki. Wszystko wskazuje na to, \u017ce nowy realme postawi na dobry ekran, solidny aparat i pojemn\u0105 bateri\u0119.<\/p>\n<p>Ekran, wydajno\u015b\u0107 i pami\u0119\u0107 nadchodz\u0105cego realme 16 Pro+<\/p>\n<p>Nasz bohater wpisu zostanie wyposa\u017cony w 6,8-calowy wy\u015bwietlacz AMOLED. Panel zaoferuje rozdzielczo\u015b\u0107 2800 \u00d7 1280 pikseli oraz ponad miliard wy\u015bwietlanych kolor\u00f3w. Producent nie poda\u0142 jeszcze cz\u0119stotliwo\u015bci od\u015bwie\u017cania, ale spodziewany jest wysoki standard. Moim zdaniem 120 Hz to za ma\u0142o na 2026 rok. Co istotne, czytnik linii papilarnych \u201ewtopi si\u0119\u201d w ekran.<\/p>\n<p><a href=\"https:\/\/www.europesays.com\/pl\/wp-content\/uploads\/2025\/12\/1-15.png\" rel=\"lightbox-post4\"><img loading=\"lazy\" decoding=\"async\" aria-describedby=\"caption-attachment-1621864\" class=\"size-full wp-image-1621864\" src=\"https:\/\/www.europesays.com\/pl\/wp-content\/uploads\/2025\/12\/1-15.png\" alt=\"realme 16 Pro+\" width=\"458\" height=\"486\" itemprop=\"image\" \/><\/a><\/p>\n<p id=\"caption-attachment-1621864\" class=\"wp-caption-text\">realme 16 Pro+ \/ fot. producenta<\/p>\n<p>Sercem smartfona b\u0119dzie o\u015bmiordzeniowy procesor o taktowaniu 2,8 GHz. Wed\u0142ug test\u00f3w Geekbench mowa o zmodyfikowanym Snapdragonie 7 Gen 4. Uk\u0142ad ma zapewni\u0107 dobr\u0105 wydajno\u015b\u0107 w codziennym u\u017cytkowaniu i grach. Telefon uruchomi si\u0119 na systemie Androida 16 z nak\u0142adk\u0105 realme UI 7.0.<\/p>\n<p>realme planuje jeszcze bardzo szeroki wyb\u00f3r konfiguracji pami\u0119ci. Na li\u015bcie realme 16 Pro+ pojawiaj\u0105 si\u0119 warianty z 8 GB, 12 GB, 16 GB, a nawet 24 GB RAM (ta wersja zapewne nie trafi do Europy). Pami\u0119\u0107 wewn\u0119trzna osi\u0105gnie maksymalnie 1 TB. Producent zapowiada ponadto trzy du\u017ce aktualizacje Androida i cztery lata poprawek bezpiecze\u0144stwa.<\/p>\n<p>Aparaty i bateria \u015bredniaka, kt\u00f3ry najprawdopodobniej zawita do Polski<\/p>\n<p>realme 16 Pro+ otrzyma zaawansowany zestaw aparat\u00f3w. To od zawsze by\u0142a najwa\u017cniejsza cecha wariant\u00f3w Pro+. G\u0142\u00f3wny sensor skorzysta z rozdzielczo\u015bci 200 MP. Do tego dojdzie obiektyw ultraszerokok\u0105tny 8 MP oraz dodatkowy obiektyw 50 MP. Smartfon obs\u0142u\u017cy do 3,5x zoomu optycznego.<\/p>\n<p>Z przodu znajdzie si\u0119 aparat 50 MP do selfie i wideorozm\u00f3w. Ca\u0142o\u015b\u0107 zamkni\u0119ta b\u0119dzie w obudowie wa\u017c\u0105cej 203 g. Bateria skorzysta z pojemno\u015bci znamionowej 6850 mAh, co sugeruje typowe 7000 mAh. Telefon prawdopodobnie zaoferuje szybkie \u0142adowanie 80 W oraz port podczerwieni, a <a href=\"https:\/\/www.gsmmaniak.pl\/1621510\/realme-16-pro-data-premiery-nowy-design\/\" rel=\"nofollow noopener\" target=\"_blank\">premiera ju\u017c wkr\u00f3tce<\/a>.<\/p>\n<blockquote class=\"wp-embedded-content\" data-secret=\"e2iYLsCUMD\">\n<p><a href=\"https:\/\/www.gsmmaniak.pl\/1621510\/realme-16-pro-data-premiery-nowy-design\/\" rel=\"nofollow noopener\" target=\"_blank\">realme potwierdza debiut swoich najwa\u017cniejszych foto-\u015bredniak\u00f3w. Czy tym razem trafi\u0105 do Polski?<\/a><\/p>\n<\/blockquote>\n<p>\u0179r\u00f3d\u0142o: via <a href=\"https:\/\/www.gizmochina.com\/2025\/12\/17\/realme-16-pro-plus-tenaa-listing-specifications\/\" rel=\"nofollow noopener\" target=\"_blank\">gizmochina<\/a><\/p>\n","protected":false},"excerpt":{"rendered":"realme szykuje now\u0105 seri\u0119 wa\u017cnych \u015bredniak\u00f3w. Model realme 16 Pro+ w\u0142a\u015bnie zdradzi\u0142 kluczowe szczeg\u00f3\u0142y przed premier\u0105. To bardzo&hellip;\n","protected":false},"author":2,"featured_media":157822,"comment_status":"","ping_status":"","sticky":false,"template":"","format":"standard","meta":{"footnotes":""},"categories":[20],"tags":[120,118,119,42,38,40,39,41,26777,26779,26778,31356,31358,31357,116,114,115,121,117],"class_list":{"0":"post-157821","1":"post","2":"type-post","3":"status-publish","4":"format-standard","5":"has-post-thumbnail","7":"category-nauka-i-technika","8":"tag-nauka","9":"tag-nauka-i-technika","10":"tag-naukatechnika","11":"tag-pl","12":"tag-poland","13":"tag-polish","14":"tag-polska","15":"tag-polski","16":"tag-realme-16-pro","17":"tag-realme-16-pro-design","18":"tag-realme-16-pro-specyfikacja","19":"tag-realme-16-pro-data-premiery","20":"tag-realme-16-pro-globalnie","21":"tag-realme-16-pro-w-polsce","22":"tag-science","23":"tag-science-and-technology","24":"tag-sciencetechnology","25":"tag-technika","26":"tag-technology"},"share_on_mastodon":{"url":"https:\/\/pubeurope.com\/@pl\/115740475864803659","error":""},"_links":{"self":[{"href":"https:\/\/www.europesays.com\/pl\/wp-json\/wp\/v2\/posts\/157821","targetHints":{"allow":["GET"]}}],"collection":[{"href":"https:\/\/www.europesays.com\/pl\/wp-json\/wp\/v2\/posts"}],"about":[{"href":"https:\/\/www.europesays.com\/pl\/wp-json\/wp\/v2\/types\/post"}],"author":[{"embeddable":true,"href":"https:\/\/www.europesays.com\/pl\/wp-json\/wp\/v2\/users\/2"}],"replies":[{"embeddable":true,"href":"https:\/\/www.europesays.com\/pl\/wp-json\/wp\/v2\/comments?post=157821"}],"version-history":[{"count":0,"href":"https:\/\/www.europesays.com\/pl\/wp-json\/wp\/v2\/posts\/157821\/revisions"}],"wp:featuredmedia":[{"embeddable":true,"href":"https:\/\/www.europesays.com\/pl\/wp-json\/wp\/v2\/media\/157822"}],"wp:attachment":[{"href":"https:\/\/www.europesays.com\/pl\/wp-json\/wp\/v2\/media?parent=157821"}],"wp:term":[{"taxonomy":"category","embeddable":true,"href":"https:\/\/www.europesays.com\/pl\/wp-json\/wp\/v2\/categories?post=157821"},{"taxonomy":"post_tag","embeddable":true,"href":"https:\/\/www.europesays.com\/pl\/wp-json\/wp\/v2\/tags?post=157821"}],"curies":[{"name":"wp","href":"https:\/\/api.w.org\/{rel}","templated":true}]}}