{"id":157827,"date":"2025-12-18T12:07:08","date_gmt":"2025-12-18T12:07:08","guid":{"rendered":"https:\/\/www.europesays.com\/pl\/157827\/"},"modified":"2025-12-18T12:07:08","modified_gmt":"2025-12-18T12:07:08","slug":"nawrocki-usuwa-okragly-stol-z-palacu-prezydenckiego-skonczyl-sie-postkomunizm","status":"publish","type":"post","link":"https:\/\/www.europesays.com\/pl\/157827\/","title":{"rendered":"Nawrocki usuwa Okr\u0105g\u0142y St\u00f3\u0142 z Pa\u0142acu Prezydenckiego. &#8222;Sko\u0144czy\u0142 si\u0119 postkomunizm&#8221;"},"content":{"rendered":"<p class=\"ods-c-paragraph \">Karol Nawrocki zabra\u0142 g\u0142os z Pa\u0142acu Prezydenckiego. W trakcie jego przem\u00f3wienia trwa\u0142 demonta\u017c Okr\u0105g\u0142ego Sto\u0142u.<\/p>\n<p class=\"ods-c-paragraph \">\u2014 Przy Okr\u0105g\u0142ym Stole, kt\u00f3ry jest zwijany i wynoszony z Pa\u0142acu Prezydenckiego, siedzia\u0142y r\u00f3\u017cne osoby. Jedni chcieli przenie\u015b\u0107 komunistyczne wp\u0142ywy polityczne w Polsk\u0119, kt\u00f3ra by\u0142a w czasie transformacji. Drudzy siadali z dobrymi intencjami, by Polska by\u0142a pa\u0144stwem suwerennym \u2014 m\u00f3wi\u0142 prezydent.<\/p>\n<p>Dalszy ci\u0105g artyku\u0142u pod materia\u0142em wideo<\/p>\n<p> Dlaczego Okr\u0105g\u0142y St\u00f3\u0142 zosta\u0142 usuni\u0119ty z Pa\u0142acu Prezydenckiego? <\/p>\n<p> Co prezydent Nawrocki powiedzia\u0142 o postkomunizmie? <\/p>\n<p> Gdzie b\u0119dzie mo\u017cna zobaczy\u0107 Okr\u0105g\u0142y St\u00f3\u0142 po jego usuni\u0119ciu? <\/p>\n<p> Jakie by\u0142y wcze\u015bniejsze wykorzystania Okr\u0105g\u0142ego Sto\u0142u w Pa\u0142acu Prezydenckim? <\/p>\n<p>  S\u0142ynny mebel znika z Pa\u0142acu<\/p>\n<p class=\"ods-c-paragraph \">Karol Nawrocki podkre\u015bli\u0142, \u017ce &#8222;niezale\u017cnie od tego, jak go oceniamy, to z ca\u0142\u0105 pewno\u015bci\u0105 Pa\u0142ac Prezydencki nie jest miejscem, w kt\u00f3rym powinien on sta\u0107&#8221;. \u2014 Oddajemy go historii. Od 2027 r. b\u0119d\u0105 mogli podziwia\u0107 go odwiedzaj\u0105cy Muzeum Historii Polski \u2014 podsumowa\u0142 prezydent.<\/p>\n<p class=\"ods-c-paragraph \">Nawrocki w swojej wypowiedzi nawi\u0105za\u0142 do s\u0142\u00f3w aktorki Joanny Szczepkowskiej, kt\u00f3re pad\u0142y w &#8222;Dzienniku Telewizyjnym&#8221; 28 pa\u017adziernika 1989 r., o tym, \u017ce &#8222;4 czerwca 1989 r. sko\u0144czy\u0142 si\u0119 w Polsce komunizm&#8221;.<\/p>\n<p class=\"ods-c-paragraph \">\u2014 Dzi\u015b woln\u0105, suwerenn\u0105, niepodleg\u0142\u0105 Polsk\u0119 sta\u0107 na wi\u0119cej ni\u017c idealizowanie Okr\u0105g\u0142ego Sto\u0142u. Trzeba o nim pami\u0119ta\u0107, ale nie oddawa\u0107 mu ho\u0142d w Pa\u0142acu Prezydenckim. Dzi\u015b sko\u0144czy\u0142 si\u0119 w Polsce postkomunizm. Niech \u017cyje wolna Polska! \u2014 powiedzia\u0142 prezydent.<\/p>\n<p>   Okr\u0105g\u0142y St\u00f3\u0142 spe\u0142nia\u0142 r\u00f3\u017cne funkcje<\/p>\n<p class=\"ods-c-paragraph \">Okr\u0105g\u0142y St\u00f3\u0142 by\u0142 traktowany jako eksponat i go\u015bcie Pa\u0142acu Prezydenckiego mogli go zobaczy\u0107 tu\u017c po wej\u015bciu do budynku w jego lewym skrzydle. Dzi\u0119ki temu miejsce to zyska\u0142o nazw\u0119 Sali Okr\u0105g\u0142ego Sto\u0142u.<\/p>\n<p class=\"ods-c-paragraph \">W przesz\u0142o\u015bci zdarza\u0142o si\u0119, \u017ce w rocznic\u0119 porozumie\u0144 z 1989 r. mebel by\u0142 przenoszony do Sali Kolumnowej, najwi\u0119kszego i najbardziej znanego pomieszczenia w Pa\u0142acu, a nast\u0119pnie udost\u0119pniany zwiedzaj\u0105cym. W miejscu jego sta\u0142ej ekspozycji za czas\u00f3w prezydentury Bronis\u0142awa Komorowskiego odbywa\u0142y si\u0119 lekcje historii dla gimnazjalist\u00f3w i licealist\u00f3w.<\/p>\n","protected":false},"excerpt":{"rendered":"Karol Nawrocki zabra\u0142 g\u0142os z Pa\u0142acu Prezydenckiego. W trakcie jego przem\u00f3wienia trwa\u0142 demonta\u017c Okr\u0105g\u0142ego Sto\u0142u. \u2014 Przy Okr\u0105g\u0142ym&hellip;\n","protected":false},"author":2,"featured_media":97591,"comment_status":"","ping_status":"","sticky":false,"template":"","format":"standard","meta":{"footnotes":""},"categories":[12],"tags":[32,33,36,37,27,43,11902,49,34,35,28,31,48,25,31359,46,1650,42,38,40,39,41,47,29,30,26],"class_list":{"0":"post-157827","1":"post","2":"type-post","3":"status-publish","4":"format-standard","5":"has-post-thumbnail","7":"category-polska","8":"tag-breaking-news","9":"tag-breakingnews","10":"tag-featured-news","11":"tag-featurednews","12":"tag-headlines","13":"tag-karol_nawrocki","14":"tag-komunizm","15":"tag-kraj","16":"tag-latest-news","17":"tag-latestnews","18":"tag-naglowki","19":"tag-najwazniejsze-artykuly","20":"tag-nat_styl","21":"tag-news","22":"tag-okragly_stol","23":"tag-omp","24":"tag-palac_prezydencki","25":"tag-pl","26":"tag-poland","27":"tag-polish","28":"tag-polska","29":"tag-polski","30":"tag-screening_general","31":"tag-top-stories","32":"tag-topstories","33":"tag-wiadomosci"},"share_on_mastodon":{"url":"https:\/\/pubeurope.com\/@pl\/115740491502809591","error":""},"_links":{"self":[{"href":"https:\/\/www.europesays.com\/pl\/wp-json\/wp\/v2\/posts\/157827","targetHints":{"allow":["GET"]}}],"collection":[{"href":"https:\/\/www.europesays.com\/pl\/wp-json\/wp\/v2\/posts"}],"about":[{"href":"https:\/\/www.europesays.com\/pl\/wp-json\/wp\/v2\/types\/post"}],"author":[{"embeddable":true,"href":"https:\/\/www.europesays.com\/pl\/wp-json\/wp\/v2\/users\/2"}],"replies":[{"embeddable":true,"href":"https:\/\/www.europesays.com\/pl\/wp-json\/wp\/v2\/comments?post=157827"}],"version-history":[{"count":0,"href":"https:\/\/www.europesays.com\/pl\/wp-json\/wp\/v2\/posts\/157827\/revisions"}],"wp:featuredmedia":[{"embeddable":true,"href":"https:\/\/www.europesays.com\/pl\/wp-json\/wp\/v2\/media\/97591"}],"wp:attachment":[{"href":"https:\/\/www.europesays.com\/pl\/wp-json\/wp\/v2\/media?parent=157827"}],"wp:term":[{"taxonomy":"category","embeddable":true,"href":"https:\/\/www.europesays.com\/pl\/wp-json\/wp\/v2\/categories?post=157827"},{"taxonomy":"post_tag","embeddable":true,"href":"https:\/\/www.europesays.com\/pl\/wp-json\/wp\/v2\/tags?post=157827"}],"curies":[{"name":"wp","href":"https:\/\/api.w.org\/{rel}","templated":true}]}}