{"id":157832,"date":"2025-12-18T12:10:15","date_gmt":"2025-12-18T12:10:15","guid":{"rendered":"https:\/\/www.europesays.com\/pl\/157832\/"},"modified":"2025-12-18T12:10:15","modified_gmt":"2025-12-18T12:10:15","slug":"christina-aguilera-nie-przyznala-sie-do-stosowania-ozempicu-tak-zmieniala-sie-przez-lata-2","status":"publish","type":"post","link":"https:\/\/www.europesays.com\/pl\/157832\/","title":{"rendered":"Christina Aguilera nie przyzna\u0142a si\u0119 do stosowania Ozempicu. Tak zmienia\u0142a si\u0119 przez lata"},"content":{"rendered":"<p class=\"Paragraph_desktopParagraph__U31Gm\">Ostatnie miesi\u0105ce up\u0142yn\u0119\u0142y pod znakiem medialnych dyskusji na temat spektakularnej metamorfozy <a href=\"https:\/\/plejada.pl\/temat\/christina-aguilera\/efj3qjn\" id=\"5d15a898-7ff7-4972-813b-159eb5e4c0ed\" rel=\"nofollow noopener\" target=\"_blank\">Christiny Aguilery.<\/a> Autorka przeboj\u00f3w &#8222;Beautiful&#8221; czy &#8222;Genie in a Bottle&#8221; wyra\u017anie schud\u0142a, co natychmiast zauwa\u017cyli zar\u00f3wno fani, jak i krytycy. W sieci nie brakowa\u0142o spekulacji na temat metod, kt\u00f3re mia\u0142yby sta\u0107 za now\u0105 sylwetk\u0105 gwiazdy \u2014 w\u015br\u00f3d nich pojawi\u0142y si\u0119 sugestie, \u017ce wokalistka mog\u0142a si\u0119gn\u0105\u0107 po popularny w\u015br\u00f3d celebryt\u00f3w lek na cukrzyc\u0119, Ozempic, wykorzystywany tak\u017ce jako \u015brodek wspomagaj\u0105cy odchudzanie. Sama artystka jednak nigdy tych doniesie\u0144 nie potwierdzi\u0142a.<\/p>\n<ul class=\"OchatFollowUps_wrapper__1ry7X\">\n<li class=\"OchatFollowUps_item__Dhyly OchatFollowUps_itemDesktop__R6aBv\">Czy Christina Aguilera przyzna\u0142a si\u0119 do stosowania Ozempicu?<\/li>\n<li class=\"OchatFollowUps_item__Dhyly OchatFollowUps_itemDesktop__R6aBv\">Jakie by\u0142y zmagania Christiny Aguilery z w\u0142asnym cia\u0142em?<\/li>\n<li class=\"OchatFollowUps_item__Dhyly OchatFollowUps_itemDesktop__R6aBv\">Co zmieni\u0142o si\u0119 w podej\u015bciu Christiny Aguilery do siebie?<\/li>\n<li class=\"OchatFollowUps_item__Dhyly OchatFollowUps_itemDesktop__R6aBv\">W jakim roku debiutowa\u0142a Christina Aguilera?<\/li>\n<\/ul>\n<p>Christina Aguilera o drodze do samoakceptacji <\/p>\n<p class=\"Paragraph_desktopParagraph__U31Gm\">Wej\u015bcie do \u015bwiata muzyki w wieku nastoletnim nie by\u0142o dla Christiny Aguilery \u0142atwe. Zadebiutowa\u0142a w 1999 r. z utworem &#8222;Genie in a Bottle&#8221; i szybko przekona\u0142a si\u0119, jak surowe potrafi\u0105 by\u0107 oczekiwania bran\u017cy.<\/p>\n<blockquote>\n<p class=\"Paragraph_desktopParagraph__U31Gm\">Kiedy jeste\u015b nastolatk\u0105, twoje cia\u0142o wygl\u0105da zupe\u0142nie inaczej ni\u017c w wieku dwudziestu kilku lat<\/p>\n<\/blockquote>\n<p class=\"Paragraph_desktopParagraph__U31Gm\">\u2014 m\u00f3wi\u0142a w rozmowie z &#8222;Glamour&#8221; w 2024 r. &#8222;Zacz\u0119\u0142am si\u0119 zaokr\u0105gla\u0107 i wtedy to ju\u017c by\u0142o nie do przyj\u0119cia, bo pojawia\u0142y si\u0119 komentarze: \u00bbO, przybra\u0142a na wadze\u00ab. Ludzie z bran\u017cy m\u00f3wili mi: \u00bbPodoba\u0142o im si\u0119 twoje cia\u0142o, kiedy by\u0142a\u015b szczup\u0142\u0105 nastolatk\u0105\u00ab&#8221; \u2014 doda\u0142a piosenkarka.<\/p>\n<p class=\"Paragraph_desktopParagraph__U31Gm\">Christina Aguilera przyzna\u0142a w innej rozmowie, \u017ce przez d\u0142ugi czas jej poczucie w\u0142asnej warto\u015bci zale\u017ca\u0142o od tego, jak szczup\u0142a si\u0119 wydaje.<\/p>\n<blockquote>\n<p class=\"Paragraph_desktopParagraph__U31Gm\">Nienawidzi\u0142am by\u0107 bardzo chuda. Kiedy sko\u0144czy\u0142am 21 lat, zacz\u0119\u0142am nabiera\u0107 kszta\u0142t\u00f3w i pokocha\u0142am swoje nowe kr\u0105g\u0142o\u015bci<\/p>\n<\/blockquote>\n<p class=\"Paragraph_desktopParagraph__U31Gm\">\u2014 wspomina w rozmowie z &#8222;Health&#8221;. Jednak presja otoczenia sprawia\u0142a, \u017ce trudno by\u0142o jej cieszy\u0107 si\u0119 naturalnymi zmianami w\u0142asnego cia\u0142a.<\/p>\n<p class=\"Paragraph_desktopParagraph__U31Gm\">W ostatnich latach Aguilera wypracowa\u0142a zupe\u0142nie nowe podej\u015bcie do siebie i w\u0142asnego wygl\u0105du.<\/p>\n<blockquote>\n<p class=\"Paragraph_desktopParagraph__U31Gm\">Teraz mam ju\u017c ten poziom dojrza\u0142o\u015bci, \u017ce nie obchodzi mnie twoja opinia<\/p>\n<\/blockquote>\n<p class=\"Paragraph_desktopParagraph__U31Gm\">\u2014 podkre\u015bla\u0142a w rozmowie z &#8222;Glamour&#8221;.<\/p>\n<p class=\"Paragraph_desktopParagraph__U31Gm\">W maju 2024 r. w mediach spo\u0142eczno\u015bciowych pojawi\u0142y si\u0119 spekulacje o stosowaniu przez ni\u0105 Ozempicu \u2014 leku zatwierdzonego przez FDA do leczenia cukrzycy typu 2, kt\u00f3ry coraz cz\u0119\u015bciej wykorzystywany jest r\u00f3wnie\u017c w terapii oty\u0142o\u015bci. Christina Aguilera nie skomentowa\u0142a tych doniesie\u0144.<\/p>\n<p>Tak zmienia\u0142a si\u0119 Christina Aguilera [ZDJ\u0118CIA] <img decoding=\"async\" class=\"Image_image__0tuHp Image_autoHeight__f2n87 \" height=\"720\" width=\"435\" src=\"https:\/\/www.europesays.com\/pl\/wp-content\/uploads\/2025\/12\/TKFk9kpTURBXy81NTIwZGE1MWJiZDNmNjc5NmRiZTExMDkzNDhmZjc0YS5qcGeSlQLNAjwAwsOVAgDNAtDCw94AA6EwAaExAaEzw.jpeg\" alt=\"Christina Aguilera (1999 r.)\" loading=\"lazy\" \/>Featureflash Photo Agency \/ Shutterstock<img decoding=\"async\" class=\"Image_image__0tuHp Image_autoHeight__f2n87 \" height=\"720\" width=\"460\" src=\"https:\/\/www.europesays.com\/pl\/wp-content\/uploads\/2025\/12\/K6Tk9kpTURBXy8xZjRjN2RmOTdjYzg2N2U4YjgzNjg3NWQ0YWUxMWNjZC5qcGeSlQLNAjwAwsOVAgDNAtDCw94AA6EwAaExAaEzw.jpeg\" alt=\"Christina Aguilera (2001 r.)\" loading=\"lazy\" \/>Featureflash Photo Agency \/ Shutterstock<\/p>\n","protected":false},"excerpt":{"rendered":"Ostatnie miesi\u0105ce up\u0142yn\u0119\u0142y pod znakiem medialnych dyskusji na temat spektakularnej metamorfozy Christiny Aguilery. Autorka przeboj\u00f3w &#8222;Beautiful&#8221; czy &#8222;Genie&hellip;\n","protected":false},"author":2,"featured_media":157833,"comment_status":"","ping_status":"","sticky":false,"template":"","format":"standard","meta":{"footnotes":""},"categories":[22],"tags":[31346,122,67,21129,1503,53,52,68,51,55,42,38,40,39,41,123,47,196,1607,65,50],"class_list":{"0":"post-157832","1":"post","2":"type-post","3":"status-publish","4":"format-standard","5":"has-post-thumbnail","7":"category-rozrywka","8":"tag-christina_aguilera","9":"tag-entertainment","10":"tag-intextvideo_splayer","11":"tag-metamorfozy_gwiazd","12":"tag-muzyka_i_muzycy_muzyka_rozrywkowa_spiew","13":"tag-new_header","14":"tag-onet3","15":"tag-onet3d","16":"tag-onet3d_2i","17":"tag-phx","18":"tag-pl","19":"tag-poland","20":"tag-polish","21":"tag-polska","22":"tag-polski","23":"tag-rozrywka","24":"tag-screening_general","25":"tag-styl_zycia","26":"tag-time_limited","27":"tag-update_me","28":"tag-v2021"},"share_on_mastodon":{"url":"https:\/\/pubeurope.com\/@pl\/115740503517022491","error":""},"_links":{"self":[{"href":"https:\/\/www.europesays.com\/pl\/wp-json\/wp\/v2\/posts\/157832","targetHints":{"allow":["GET"]}}],"collection":[{"href":"https:\/\/www.europesays.com\/pl\/wp-json\/wp\/v2\/posts"}],"about":[{"href":"https:\/\/www.europesays.com\/pl\/wp-json\/wp\/v2\/types\/post"}],"author":[{"embeddable":true,"href":"https:\/\/www.europesays.com\/pl\/wp-json\/wp\/v2\/users\/2"}],"replies":[{"embeddable":true,"href":"https:\/\/www.europesays.com\/pl\/wp-json\/wp\/v2\/comments?post=157832"}],"version-history":[{"count":0,"href":"https:\/\/www.europesays.com\/pl\/wp-json\/wp\/v2\/posts\/157832\/revisions"}],"wp:featuredmedia":[{"embeddable":true,"href":"https:\/\/www.europesays.com\/pl\/wp-json\/wp\/v2\/media\/157833"}],"wp:attachment":[{"href":"https:\/\/www.europesays.com\/pl\/wp-json\/wp\/v2\/media?parent=157832"}],"wp:term":[{"taxonomy":"category","embeddable":true,"href":"https:\/\/www.europesays.com\/pl\/wp-json\/wp\/v2\/categories?post=157832"},{"taxonomy":"post_tag","embeddable":true,"href":"https:\/\/www.europesays.com\/pl\/wp-json\/wp\/v2\/tags?post=157832"}],"curies":[{"name":"wp","href":"https:\/\/api.w.org\/{rel}","templated":true}]}}