{"id":157848,"date":"2025-12-18T12:18:14","date_gmt":"2025-12-18T12:18:14","guid":{"rendered":"https:\/\/www.europesays.com\/pl\/157848\/"},"modified":"2025-12-18T12:18:14","modified_gmt":"2025-12-18T12:18:14","slug":"braki-kart-rtx-50-nadchodza-nvidia-ma-zdecydowac-sie-na-radykalny-krok","status":"publish","type":"post","link":"https:\/\/www.europesays.com\/pl\/157848\/","title":{"rendered":"Braki kart RTX 50 nadchodz\u0105. NVIDIA ma zdecydowa\u0107 si\u0119 na radykalny krok"},"content":{"rendered":"<p style=\"text-align:justify\">Kryzys na rynku pami\u0119ci dotyka tak\u017ce inne\u00a0segmenty bran\u017cy komputerowej. M\u00f3wi si\u0119 o podwy\u017ckach cen gotowych PC, laptop\u00f3w, a nawet smartfon\u00f3w. Jakby tego by\u0142o ma\u0142o, karty graficzne nie tylko podro\u017cej\u0105, ale mo\u017ce ich by\u0107 mniej. Wszystko przez decyzj\u0119 NVIDII, kt\u00f3ra pono\u0107 planuje zmniejszy\u0107 produkcj\u0119 uk\u0142ad\u00f3w RTX 50.<\/p>\n<p style=\"text-align:justify\">Decyzja ma by\u0107 zwi\u0105zana z d\u0142ugotrwa\u0142ymi problemami na rynku pami\u0119ci oraz ch\u0119ci\u0105 utrzymania stabilnego \u0142a\u0144cucha dostaw. Cho\u0107 doniesienia nie zosta\u0142y oficjalnie potwierdzone przez firm\u0119, wpisuj\u0105 si\u0119 w coraz wi\u0119ksze problemy, z jakimi mierzy si\u0119 bran\u017ca PC.<\/p>\n<p>Problemy z pami\u0119ci\u0105 uderzaj\u0105 w rynek GPU<\/p>\n<p style=\"text-align:justify\">Niedobory pami\u0119ci DRAM od d\u0142u\u017cszego czasu wp\u0142ywaj\u0105 na r\u00f3\u017cne segmenty bran\u017cy komputerowej. Do tej pory najbardziej odczuwali je producenci sprz\u0119tu oraz konsumenci sk\u0142adaj\u0105cy nowe zestawy, ale wszystko wskazuje na to, \u017ce teraz skutki dotkn\u0105 tak\u017ce producenci\u00a0kart graficznych.<\/p>\n<blockquote><p>&#13;<\/p>\n<p style=\"text-align:justify\">NVIDIA, zamiast podnosi\u0107 ceny mo\u017ce ograniczy\u0107 produkcj\u0119 uk\u0142ad\u00f3w\u00a0RTX 50.<\/p>\n<p>&#13;\n<\/p><\/blockquote>\n<p style=\"text-align:center\"><img loading=\"lazy\" decoding=\"async\" alt=\"NVIDIA\" height=\"520\" src=\"https:\/\/www.europesays.com\/pl\/wp-content\/uploads\/2025\/12\/logo_nvidia_marka_usa_kradziez_oszustwo_przemyt-47175_1.webp.webp\" width=\"925\"\/><\/p>\n<p style=\"text-align:justify\">Wed\u0142ug informacji kr\u0105\u017c\u0105cych na chi\u0144skich forach bran\u017cowych, NVIDIA bierze pod uwag\u0119 ograniczenia w dostawach pami\u0119ci i zamiast podnosi\u0107 ceny, chce zmniejszy\u0107 liczb\u0119 produkowanych uk\u0142ad\u00f3w. Taka strategia ma pom\u00f3c w kr\u00f3tkim czasie\u00a0utrzyma\u0107 kontrol\u0119 nad dost\u0119pno\u015bci\u0105 komponent\u00f3w, ale jednocze\u015bnie mo\u017ce mocno odbi\u0107 si\u0119 na rynku detalicznym.<\/p>\n<p>Nawet 40 procent mniej kart w 2026 roku<\/p>\n<p style=\"text-align:justify\">Z nieoficjalnych danych wynika, i\u017c ju\u017c na pocz\u0105tku 2026 roku dost\u0119pno\u015b\u0107 gamingowych kart opartych na architekturze Blackwell mo\u017ce spa\u015b\u0107 nawet o oko\u0142o 30-40 procent. W praktyce oznacza\u0142oby to, \u017ce modele z serii RTX 50 mog\u0105 sta\u0107 si\u0119 trudne do kupienia, a w niekt\u00f3rych sklepach wr\u0119cz znikn\u0105\u0107 z oferty.<\/p>\n<p style=\"text-align:justify\">To szczeg\u00f3lnie problematyczna sytuacja dla graczy, kt\u00f3rzy licz\u0105 na lepsze ceny lub planuj\u0105 modernizacj\u0119 sprz\u0119tu w przysz\u0142ym roku. Ograniczona poda\u017c zwykle nie sprzyja promocjom, nawet je\u015bli oficjalne ceny pozostaj\u0105 bez zmian.<\/p>\n<p>Brak nowej generacji, ale popyt pozostanie wysoki<\/p>\n<p style=\"text-align:justify\">Warto przy tym zaznaczy\u0107, \u017ce NVIDIA nie planuje premiery nowej generacji kart graficznych w 2026 roku. Zamiast tego na rynek ma trafi\u0107 od\u015bwie\u017cona linia RTX 50 SUPER, czyli ulepszona wersja obecnych modeli. To oznacza, \u017ce popyt na seri\u0119 RTX 50 i tak by\u0142by wysoki, nawet bez problem\u00f3w z dost\u0119pno\u015bci\u0105 pami\u0119ci.<\/p>\n<p style=\"text-align:justify\">W po\u0142\u0105czeniu z ograniczon\u0105 produkcj\u0105 mo\u017ce to stworzy\u0107 trudne warunki dla os\u00f3b my\u015bl\u0105cych o zakupie nowej karty.<\/p>\n<p>Gracze w coraz trudniejszej sytuacji<\/p>\n<p style=\"text-align:justify\">Kolejne doniesienia z rynku sprz\u0119tu PC nie napawaj\u0105 optymizmem. Braki pami\u0119ci DRAM sta\u0142y si\u0119 powa\u017cnym problemem dla os\u00f3b sk\u0142adaj\u0105cych nowe komputery lub planuj\u0105cych modernizacj\u0119 obecnych zestaw\u00f3w. Na ten moment nie ma jasnych sygna\u0142\u00f3w, kiedy sytuacja mog\u0142aby si\u0119 poprawi\u0107.<\/p>\n<p style=\"text-align:justify\">Je\u015bli prognozy si\u0119 potwierdz\u0105, 2026 rok mo\u017ce okaza\u0107 si\u0119 wyj\u0105tkowo trudny dla graczy, kt\u00f3rzy licz\u0105 na \u0142atwy dost\u0119p do nowych kart graficznych i rozs\u0105dne ceny.<\/p>\n<p class=\"m-0\">Spodoba\u0142o Ci si\u0119? Podziel si\u0119 ze znajomymi!<\/p>\n","protected":false},"excerpt":{"rendered":"Kryzys na rynku pami\u0119ci dotyka tak\u017ce inne\u00a0segmenty bran\u017cy komputerowej. M\u00f3wi si\u0119 o podwy\u017ckach cen gotowych PC, laptop\u00f3w, a&hellip;\n","protected":false},"author":2,"featured_media":157849,"comment_status":"","ping_status":"","sticky":false,"template":"","format":"standard","meta":{"footnotes":""},"categories":[20],"tags":[7564,120,118,119,25951,42,38,40,39,41,116,114,115,121,117],"class_list":{"0":"post-157848","1":"post","2":"type-post","3":"status-publish","4":"format-standard","5":"has-post-thumbnail","7":"category-nauka-i-technika","8":"tag-karty-graficzne","9":"tag-nauka","10":"tag-nauka-i-technika","11":"tag-naukatechnika","12":"tag-nvidia-geforce","13":"tag-pl","14":"tag-poland","15":"tag-polish","16":"tag-polska","17":"tag-polski","18":"tag-science","19":"tag-science-and-technology","20":"tag-sciencetechnology","21":"tag-technika","22":"tag-technology"},"share_on_mastodon":{"url":"https:\/\/pubeurope.com\/@pl\/115740535169615824","error":""},"_links":{"self":[{"href":"https:\/\/www.europesays.com\/pl\/wp-json\/wp\/v2\/posts\/157848","targetHints":{"allow":["GET"]}}],"collection":[{"href":"https:\/\/www.europesays.com\/pl\/wp-json\/wp\/v2\/posts"}],"about":[{"href":"https:\/\/www.europesays.com\/pl\/wp-json\/wp\/v2\/types\/post"}],"author":[{"embeddable":true,"href":"https:\/\/www.europesays.com\/pl\/wp-json\/wp\/v2\/users\/2"}],"replies":[{"embeddable":true,"href":"https:\/\/www.europesays.com\/pl\/wp-json\/wp\/v2\/comments?post=157848"}],"version-history":[{"count":0,"href":"https:\/\/www.europesays.com\/pl\/wp-json\/wp\/v2\/posts\/157848\/revisions"}],"wp:featuredmedia":[{"embeddable":true,"href":"https:\/\/www.europesays.com\/pl\/wp-json\/wp\/v2\/media\/157849"}],"wp:attachment":[{"href":"https:\/\/www.europesays.com\/pl\/wp-json\/wp\/v2\/media?parent=157848"}],"wp:term":[{"taxonomy":"category","embeddable":true,"href":"https:\/\/www.europesays.com\/pl\/wp-json\/wp\/v2\/categories?post=157848"},{"taxonomy":"post_tag","embeddable":true,"href":"https:\/\/www.europesays.com\/pl\/wp-json\/wp\/v2\/tags?post=157848"}],"curies":[{"name":"wp","href":"https:\/\/api.w.org\/{rel}","templated":true}]}}