{"id":157854,"date":"2025-12-18T12:22:07","date_gmt":"2025-12-18T12:22:07","guid":{"rendered":"https:\/\/www.europesays.com\/pl\/157854\/"},"modified":"2025-12-18T12:22:07","modified_gmt":"2025-12-18T12:22:07","slug":"tsue-podjal-glosna-decyzje-w-sprawie-tk-waldemar-zurek-to-przelomowy-wyrok","status":"publish","type":"post","link":"https:\/\/www.europesays.com\/pl\/157854\/","title":{"rendered":"TSUE podj\u0105\u0142 g\u0142o\u015bn\u0105 decyzj\u0119 w sprawie TK. Waldemar \u017burek: to prze\u0142omowy wyrok"},"content":{"rendered":"<p class=\"Paragraph_desktopParagraph__U31Gm\"><a href=\"https:\/\/wiadomosci.onet.pl\/kraj\/tsue-wydal-wyrok-w-sprawie-tk-narusza-podstawowe-zasady-prawa-ue\/ss1wdld\" id=\"810d54c2-bd74-4833-9d92-02a230010a96\" rel=\"nofollow noopener\" target=\"_blank\">W czwartek Trybuna\u0142 Sprawiedliwo\u015bci Unii Europejskiej stwierdzi\u0142,<\/a> \u017ce nie respektuj\u0105c orzecznictwa TSUE, polski Trybuna\u0142 Konstytucyjny naruszy\u0142 kilka podstawowych zasad prawa Unii.<\/p>\n<p class=\"VideoPlayerText_videoPlayerText__iDwyz\">Dalszy ci\u0105g materia\u0142u pod wideo<\/p>\n<p class=\"Paragraph_desktopParagraph__U31Gm\">Ponadto w ocenie TSUE Trybuna\u0142 Konstytucyjny nie spe\u0142nia wymog\u00f3w niezawis\u0142ego i bezstronnego s\u0105du, ustanowionego uprzednio ustaw\u0105, z powodu nieprawid\u0142owo\u015bci w powo\u0142aniu trzech jego cz\u0142onk\u00f3w oraz prezesa i naruszy\u0142 zasad\u0119 skutecznej ochrony s\u0105dowej, poniewa\u017c w wyroku z 7 pa\u017adziernika 2021 r. odrzuci\u0142 kompetencje s\u0105d\u00f3w krajowych do kontroli zgodno\u015bci z prawem procedur powo\u0142ywania s\u0119dzi\u00f3w, w tym uchwa\u0142 Krajowej Rady S\u0105downictwa.<\/p>\n<ul class=\"OchatFollowUps_wrapper__1ry7X\">\n<li class=\"OchatFollowUps_item__Dhyly OchatFollowUps_itemDesktop__R6aBv\">Jakie nieprawid\u0142owo\u015bci stwierdzi\u0142 TSUE w Trybunale Konstytucyjnym?<\/li>\n<li class=\"OchatFollowUps_item__Dhyly OchatFollowUps_itemDesktop__R6aBv\">Co oznacza wyrok TSUE dla polskiego Trybuna\u0142u Konstytucyjnego?<\/li>\n<li class=\"OchatFollowUps_item__Dhyly OchatFollowUps_itemDesktop__R6aBv\">Kto skomentowa\u0142 wyrok TSUE w rozmowie z Onetem?<\/li>\n<li class=\"OchatFollowUps_item__Dhyly OchatFollowUps_itemDesktop__R6aBv\">Jakie kroki planuje podj\u0105\u0107 minister sprawiedliwo\u015bci w zwi\u0105zku z TK?<\/li>\n<\/ul>\n<p>Waldemar \u017burek: niestety p\u0142ac\u0105 za to wszyscy Polacy <\/p>\n<p class=\"Paragraph_desktopParagraph__U31Gm\">\u2014 Musimy przestrzega\u0107 traktat\u00f3w, bo z Unii czerpiemy pe\u0142nymi gar\u015bciami, ekonomicznie i organizacyjnie. Wyrok jest jednoznaczny i potwierdza to, co przez lata m\u00f3wili polscy prawnicy, niezale\u017cni s\u0119dziowie, przed czym przestrzegali tych, kt\u00f3rzy \u0142amali i nadal \u0142ami\u0105 polsk\u0105 konstytucj\u0119 i niszcz\u0105 unijne traktaty. Polski TK nie jest s\u0105dem bezstronnym i niezawis\u0142ym, dotyczy to g\u0142\u00f3wnie trzech dubler\u00f3w zwanych s\u0119dziami oraz niew\u0142a\u015bciwego powo\u0142ania prezesa tej instytucji, czy raczej osoby pe\u0142ni\u0105cej obowi\u0105zki prezesa \u2014 wskazuje w rozmowie z Onetem Waldemar \u017burek.<\/p>\n<p class=\"Paragraph_desktopParagraph__U31Gm\">Minister sprawiedliwo\u015bci zaznacza, \u017ce za chaos wok\u00f3\u0142 TK odpowiada ca\u0142y ob\u00f3z polityczny prawicy, kt\u00f3ry doprowadzi\u0142 do obecnej sytuacji w trybunale.<\/p>\n<p class=\"Paragraph_desktopParagraph__U31Gm\">\u2014 To zesp\u00f3\u0142 ludzi rz\u0105dz\u0105cych Polsk\u0105 przez osiem lat, jedni przygotowywali fatalne ustawy, a inni je podpisywali, \u0142ami\u0105c konstytucj\u0119 i robi\u0105c nocne zaprzysi\u0119\u017cenia dubler\u00f3w \u2014 m\u00f3wi minister Onetowi.<\/p>\n<p class=\"Paragraph_desktopParagraph__U31Gm\">\u2014 Wina jest roz\u0142o\u017cona r\u00f3wno, niestety p\u0142ac\u0105 za to wszyscy Polacy. Bo bez s\u0105du konstytucyjnego ochrona ich praw zagwarantowanych w ustawie zasadniczej staje si\u0119 iluzoryczna \u2014 podkre\u015bla.<\/p>\n<p class=\"Paragraph_desktopParagraph__U31Gm\">\u2014 Dlatego trzeba dzia\u0142a\u0107. Musimy jak najszybciej odbudowa\u0107 Trybuna\u0142 Konstytucyjny tak, aby zn\u00f3w sta\u0142 na stra\u017cy praw ka\u017cdego Polaka. Obsadzamy [miejsca wakuj\u0105ce w TK]. W tym roku si\u0119 ju\u017c nie da, ale od przysz\u0142ego zaczynamy dzia\u0142a\u0107, decyzje w koalicji s\u0105 ju\u017c w tej sprawie uzgodnione. Musimy to zrobi\u0107 szybko, ale m\u0105drze i, co wa\u017cne, apolitycznie \u2014 wskazuje.<\/p>\n","protected":false},"excerpt":{"rendered":"W czwartek Trybuna\u0142 Sprawiedliwo\u015bci Unii Europejskiej stwierdzi\u0142, \u017ce nie respektuj\u0105c orzecznictwa TSUE, polski Trybuna\u0142 Konstytucyjny naruszy\u0142 kilka podstawowych&hellip;\n","protected":false},"author":2,"featured_media":157855,"comment_status":"","ping_status":"","sticky":false,"template":"","format":"standard","meta":{"footnotes":""},"categories":[5],"tags":[32,33,36,37,66,27,67,34,35,28,31,53,25,52,68,51,55,42,38,40,39,41,984,47,4717,29,30,22728,50,793,26],"class_list":{"0":"post-157854","1":"post","2":"type-post","3":"status-publish","4":"format-standard","5":"has-post-thumbnail","7":"category-naglowki","8":"tag-breaking-news","9":"tag-breakingnews","10":"tag-featured-news","11":"tag-featurednews","12":"tag-give_me_perspective","13":"tag-headlines","14":"tag-intextvideo_splayer","15":"tag-latest-news","16":"tag-latestnews","17":"tag-naglowki","18":"tag-najwazniejsze-artykuly","19":"tag-new_header","20":"tag-news","21":"tag-onet3","22":"tag-onet3d","23":"tag-onet3d_2i","24":"tag-phx","25":"tag-pl","26":"tag-poland","27":"tag-polish","28":"tag-polska","29":"tag-polski","30":"tag-prawo_sady_sedziowie_sedzia_sad_sadownictwo_prawnik_prawnicy_prawniczka","31":"tag-screening_general","32":"tag-tk_trybunal_konstytucyjny","33":"tag-top-stories","34":"tag-topstories","35":"tag-tsue_trybunal_sprawiedliwosci_unii_europejskiej","36":"tag-v2021","37":"tag-waldemar_zurek","38":"tag-wiadomosci"},"share_on_mastodon":{"url":"","error":"Validation failed: Text character limit of 500 exceeded"},"_links":{"self":[{"href":"https:\/\/www.europesays.com\/pl\/wp-json\/wp\/v2\/posts\/157854","targetHints":{"allow":["GET"]}}],"collection":[{"href":"https:\/\/www.europesays.com\/pl\/wp-json\/wp\/v2\/posts"}],"about":[{"href":"https:\/\/www.europesays.com\/pl\/wp-json\/wp\/v2\/types\/post"}],"author":[{"embeddable":true,"href":"https:\/\/www.europesays.com\/pl\/wp-json\/wp\/v2\/users\/2"}],"replies":[{"embeddable":true,"href":"https:\/\/www.europesays.com\/pl\/wp-json\/wp\/v2\/comments?post=157854"}],"version-history":[{"count":0,"href":"https:\/\/www.europesays.com\/pl\/wp-json\/wp\/v2\/posts\/157854\/revisions"}],"wp:featuredmedia":[{"embeddable":true,"href":"https:\/\/www.europesays.com\/pl\/wp-json\/wp\/v2\/media\/157855"}],"wp:attachment":[{"href":"https:\/\/www.europesays.com\/pl\/wp-json\/wp\/v2\/media?parent=157854"}],"wp:term":[{"taxonomy":"category","embeddable":true,"href":"https:\/\/www.europesays.com\/pl\/wp-json\/wp\/v2\/categories?post=157854"},{"taxonomy":"post_tag","embeddable":true,"href":"https:\/\/www.europesays.com\/pl\/wp-json\/wp\/v2\/tags?post=157854"}],"curies":[{"name":"wp","href":"https:\/\/api.w.org\/{rel}","templated":true}]}}