{"id":157868,"date":"2025-12-18T12:29:10","date_gmt":"2025-12-18T12:29:10","guid":{"rendered":"https:\/\/www.europesays.com\/pl\/157868\/"},"modified":"2025-12-18T12:29:10","modified_gmt":"2025-12-18T12:29:10","slug":"fala-komentarzy-po-wyroku-tsue-w-sprawie-tk-prokuratorze-swieczkowski-czas-sie-pakowac","status":"publish","type":"post","link":"https:\/\/www.europesays.com\/pl\/157868\/","title":{"rendered":"Fala komentarzy po wyroku TSUE w sprawie TK. &#8222;Prokuratorze \u015awi\u0119czkowski, czas si\u0119 pakowa\u0107!&#8221;"},"content":{"rendered":"<ul class=\"UnorderedList_container__nmfSl\">\n<li class=\"UnorderedList_listElement__Py7xi\" data-id=\"ai-summary-link\">Du\u017co czytania, a ma\u0142o czasu? Sprawd\u017a\u00a0skr\u00f3t\u00a0artyku\u0142u<\/li>\n<\/ul>\n<p class=\"Paragraph_desktopParagraph__U31Gm\">W czwartek Trybuna\u0142 Sprawiedliwo\u015bci Unii Europejskiej stwierdzi\u0142, \u017ce nie respektuj\u0105c orzecznictwa TSUE, polski Trybuna\u0142 Konstytucyjny naruszy\u0142 kilka podstawowych zasad prawa Unii.<\/p>\n<p class=\"Paragraph_desktopParagraph__U31Gm\">Ponadto w ocenie TSUE, Trybuna\u0142 Konstytucyjny nie spe\u0142nia wymog\u00f3w niezawis\u0142ego i bezstronnego s\u0105du, ustanowionego uprzednio ustaw\u0105, z powodu nieprawid\u0142owo\u015bci w powo\u0142aniu trzech jego cz\u0142onk\u00f3w oraz prezesa i naruszy\u0142 zasad\u0119 skutecznej ochrony s\u0105dowej, poniewa\u017c w wyroku z 7 pa\u017adziernika 2021 r. odrzuci\u0142 kompetencje s\u0105d\u00f3w krajowych do kontroli zgodno\u015bci z prawem procedur powo\u0142ywania s\u0119dzi\u00f3w, w tym uchwa\u0142 Krajowej Rady S\u0105downictwa.<\/p>\n<ul class=\"OchatFollowUps_wrapper__1ry7X\">\n<li class=\"OchatFollowUps_item__Dhyly OchatFollowUps_itemDesktop__R6aBv\">Co orzek\u0142 TSUE w sprawie Trybuna\u0142u Konstytucyjnego?<\/li>\n<li class=\"OchatFollowUps_item__Dhyly OchatFollowUps_itemDesktop__R6aBv\">Jakie nieprawid\u0142owo\u015bci dotycz\u0105 cz\u0142onk\u00f3w TK?<\/li>\n<li class=\"OchatFollowUps_item__Dhyly OchatFollowUps_itemDesktop__R6aBv\">Jakie s\u0105 reakcje polityk\u00f3w na wyrok TSUE?<\/li>\n<li class=\"OchatFollowUps_item__Dhyly OchatFollowUps_itemDesktop__R6aBv\">Kto napisa\u0142, \u017ce czas najwy\u017cszy si\u0119 pakowa\u0107 dla prokuratora \u015awi\u0119czkowskiego?<\/li>\n<\/ul>\n<p>Politycy reaguj\u0105 wyrok TSUE. Od &#8222;zamachu prawnego&#8221; po &#8222;konieczno\u015b\u0107 natychmiastowej naprawy&#8221; <\/p>\n<p class=\"Paragraph_desktopParagraph__U31Gm\">Wyrok europejskiego s\u0105du wywo\u0142a\u0142 poruszenie w przestrzeni publicznej. W mediach spo\u0142eczno\u015bciowych pojawi\u0142y si\u0119 komentarze polityk\u00f3w zar\u00f3wno koalicji rz\u0105dz\u0105cej, jak i przedstawicieli opozycji.<\/p>\n<p class=\"Paragraph_desktopParagraph__U31Gm\">&#8222;TSUE jasno i klarownie o tym, z czym mamy do czynienia w Al. Szucha w Warszawie. Kiedy\u015b to nazywa\u0142o si\u0119 Trybuna\u0142em Konstytucyjnym. Dzi\u015b to co\u015b, co nie jest: bezstronne, niezawis\u0142e, dzia\u0142aj\u0105ce na podstawie ustawy. TK wymaga natychmiastowej naprawy!&#8221; \u2014 napisa\u0142 europose\u0142 Lewicy Krzysztof \u015amiszek.<\/p>\n<p class=\"Paragraph_desktopParagraph__U31Gm\">&#8222;TSUE potwierdza, \u017ce przej\u0119ty nielegalnie przez PiS-owskich aparatczyk\u00f3w \u00bbTrybuna\u0142 Konstytucyjny\u00ab nie jest s\u0105dem w rozumieniu europejskich standard\u00f3w. Prokuratorze \u015awi\u0119czkowski, czas najwy\u017cszy si\u0119 pakowa\u0107&#8221; \u2014 napisa\u0142 europose\u0142 KO Borys Budka.<\/p>\n<p class=\"Paragraph_desktopParagraph__U31Gm\">&#8222;TSUE: Trybuna\u0142 Konstytucyjny nie spe\u0142nia wymog\u00f3w niezawis\u0142ego i bezstronnego s\u0105du, ustanowionego uprzednio ustaw\u0105, z powodu nieprawid\u0142owo\u015bci w powo\u0142aniu dubler\u00f3w oraz &#8222;prezes&#8221; Przy\u0142\u0119bskiej. Od 2015 nie mamy w Polsce TK. Kaczy\u0144ski i PiS zniszczyli system kontroli konstytucyjnej&#8221; \u2014 oceni\u0142a europos\u0142anka KO Kamila Gasiuk-Pihowicz.<\/p>\n<p class=\"Paragraph_desktopParagraph__U31Gm\">&#8222;Pan \u015awieczkowski nie jest prezesem Trybuna\u0142u Konstytucyjnego, a sam TK dzia\u0142a w wadliwym sk\u0142adzie. Czas zako\u0144czy\u0107 finansowanie uzurpator\u00f3w&#8221; \u2014 napisa\u0142 pose\u0142 KO Roman Giertych.<\/p>\n<p class=\"Paragraph_desktopParagraph__U31Gm\">&#8222;TSUE orzek\u0142 jednoznacznie: Trybuna\u0142 Konstytucyjny nie spe\u0142nia wymog\u00f3w niezawis\u0142ego i bezstronnego s\u0105du&#8221; \u2014 napisa\u0142 pose\u0142 KO Robert Kropiwnicki.<\/p>\n<p class=\"Paragraph_desktopParagraph__U31Gm\">&#8222;TSUE oceni\u0142 TK \u015awi\u0119czkowskiego zgodnie z rzeczywisto\u015bci\u0105. To skrajnie upolityczniony s\u0105d dzia\u0142aj\u0105cy na zam\u00f3wienie z Nowogrodzkiej&#8221; \u2014 napisa\u0142 pose\u0142 KO Zbigniew Konwi\u0144ski.<\/p>\n<p class=\"Paragraph_desktopParagraph__U31Gm\">&#8222;Wyrok TSUE zgodnie z przewidywaniami \u2014 TK mniej wa\u017cny ni\u017c trybuna\u0142 unijny, a Polska nie mo\u017ce si\u0119 powo\u0142ywa\u0107 na swoj\u0105 \u00bbto\u017csamo\u015b\u0107 konstytucyjn\u0105\u00ab&#8221; \u2014 napisano na profilu Krajowej Rady S\u0105downictwa.<\/p>\n<p class=\"Paragraph_desktopParagraph__U31Gm\">&#8222;TSUE dokona\u0142 dzi\u015b zamachu prawnego na suwerenno\u015b\u0107 Rzeczpospolitej, na jej konstytucyjny ustr\u00f3j, na TK maj\u0105cy broni\u0107 naszej konstytucji, jej nadrz\u0119dno\u015bci nad regulacjami UE. To zamach na legalnych polskich s\u0119dzi\u00f3w i ich wyroki chroni\u0105ce Pa\u0144stwo Polskie&#8221; \u2014 napisa\u0142a by\u0142a s\u0119dzia TK Krystyna Paw\u0142owicz.<\/p>\n<p class=\"Paragraph_desktopParagraph__U31Gm\">&#8222;TSUE uzurpuje sobie prawo do wypowiadania si\u0119 o statusie Trybuna\u0142u Konstytucyjnego Na jakiej podstawie? R\u00f3wnie dobrze za chwil\u0119 jaki\u015b organ mo\u017ce orzec, \u017ce TSUE nie ma przymiot\u00f3w bezstronno\u015bci i niezale\u017cno\u015bci. A mo\u017ce przyda\u0142oby si\u0119, \u017ceby kto\u015b to w ko\u0144cu stwierdzi\u0142. Uwa\u017cam, \u017ce odnowienie Trybuna\u0142u Konstytucyjnego jest konieczne i wymaga zbudowania szerokiego kompromisu, a nade wszystko zmiany konstytucji. Trybuna\u0142owi w Luksemburgu jednak nic do tego&#8221; \u2014 napisa\u0142 pose\u0142 PiS Krzysztof Szczucki.<\/p>\n","protected":false},"excerpt":{"rendered":"Du\u017co czytania, a ma\u0142o czasu? Sprawd\u017a\u00a0skr\u00f3t\u00a0artyku\u0142u W czwartek Trybuna\u0142 Sprawiedliwo\u015bci Unii Europejskiej stwierdzi\u0142, \u017ce nie respektuj\u0105c orzecznictwa TSUE,&hellip;\n","protected":false},"author":2,"featured_media":157869,"comment_status":"","ping_status":"","sticky":false,"template":"","format":"standard","meta":{"footnotes":""},"categories":[5],"tags":[32,33,11995,36,37,27,34,35,28,31,53,25,52,68,51,55,42,38,40,39,41,47,4717,29,30,22728,65,50,26],"class_list":{"0":"post-157868","1":"post","2":"type-post","3":"status-publish","4":"format-standard","5":"has-post-thumbnail","7":"category-naglowki","8":"tag-breaking-news","9":"tag-breakingnews","10":"tag-fala_komentarzy","11":"tag-featured-news","12":"tag-featurednews","13":"tag-headlines","14":"tag-latest-news","15":"tag-latestnews","16":"tag-naglowki","17":"tag-najwazniejsze-artykuly","18":"tag-new_header","19":"tag-news","20":"tag-onet3","21":"tag-onet3d","22":"tag-onet3d_2i","23":"tag-phx","24":"tag-pl","25":"tag-poland","26":"tag-polish","27":"tag-polska","28":"tag-polski","29":"tag-screening_general","30":"tag-tk_trybunal_konstytucyjny","31":"tag-top-stories","32":"tag-topstories","33":"tag-tsue_trybunal_sprawiedliwosci_unii_europejskiej","34":"tag-update_me","35":"tag-v2021","36":"tag-wiadomosci"},"share_on_mastodon":{"url":"https:\/\/pubeurope.com\/@pl\/115740578157221683","error":""},"_links":{"self":[{"href":"https:\/\/www.europesays.com\/pl\/wp-json\/wp\/v2\/posts\/157868","targetHints":{"allow":["GET"]}}],"collection":[{"href":"https:\/\/www.europesays.com\/pl\/wp-json\/wp\/v2\/posts"}],"about":[{"href":"https:\/\/www.europesays.com\/pl\/wp-json\/wp\/v2\/types\/post"}],"author":[{"embeddable":true,"href":"https:\/\/www.europesays.com\/pl\/wp-json\/wp\/v2\/users\/2"}],"replies":[{"embeddable":true,"href":"https:\/\/www.europesays.com\/pl\/wp-json\/wp\/v2\/comments?post=157868"}],"version-history":[{"count":0,"href":"https:\/\/www.europesays.com\/pl\/wp-json\/wp\/v2\/posts\/157868\/revisions"}],"wp:featuredmedia":[{"embeddable":true,"href":"https:\/\/www.europesays.com\/pl\/wp-json\/wp\/v2\/media\/157869"}],"wp:attachment":[{"href":"https:\/\/www.europesays.com\/pl\/wp-json\/wp\/v2\/media?parent=157868"}],"wp:term":[{"taxonomy":"category","embeddable":true,"href":"https:\/\/www.europesays.com\/pl\/wp-json\/wp\/v2\/categories?post=157868"},{"taxonomy":"post_tag","embeddable":true,"href":"https:\/\/www.europesays.com\/pl\/wp-json\/wp\/v2\/tags?post=157868"}],"curies":[{"name":"wp","href":"https:\/\/api.w.org\/{rel}","templated":true}]}}