{"id":157872,"date":"2025-12-18T12:31:13","date_gmt":"2025-12-18T12:31:13","guid":{"rendered":"https:\/\/www.europesays.com\/pl\/157872\/"},"modified":"2025-12-18T12:31:13","modified_gmt":"2025-12-18T12:31:13","slug":"kate-i-william-zapozowali-z-dziecmi-wszyscy-patrza-na-louisa","status":"publish","type":"post","link":"https:\/\/www.europesays.com\/pl\/157872\/","title":{"rendered":"Kate i William zapozowali z dzie\u0107mi. Wszyscy patrz\u0105 na Louisa"},"content":{"rendered":"<p><a href=\"https:\/\/plejada.pl\/temat\/rodziny-krolewskie-rody-royalsi\/rgknq1p\" target=\"_blank\" class=\"ods-c-linked-image\" rel=\"nofollow noopener\"> <img src=\"https:\/\/www.europesays.com\/pl\/wp-content\/uploads\/2025\/12\/QSHk9lBaHR0cHM6Ly9vY2RuLmV1L3B1bHNjbXMvTURBXy9mMTRkOTIyMDcwYjFjMGI2YzQyMTNkNDYwYWYwNTg3Ni5qcGeRlQLNB.jpeg\" height=\"100\" width=\"800\" alt=\"royalsi plejada\" fetchpriority=\"auto\" loading=\"lazy\" decoding=\"async\" class=\"ods-c-image__img ods-c-linked-image__image\"\/>  <\/a><\/p>\n<p class=\"ods-c-paragraph \">Bo\u017conarodzeniowe kartki to jedna z tradycji, kt\u00f3r\u0105 od lat piel\u0119gnuje brytyjska rodzina kr\u00f3lewska. Co roku Windsorowie wypuszczaj\u0105 now\u0105 poczt\u00f3wk\u0119 okoliczno\u015bciow\u0105, a na jej froncie mo\u017cna by\u0142o ju\u017c zobaczy\u0107 mi\u0119dzy innym m\u0142od\u0105 El\u017cbiet\u0119 II, szcz\u0119\u015bliw\u0105 Dian\u0119 Spencer czy nawet syna ksi\u0119cia Harry&#8217;ego i Meghan Markle, Archiego. Kartka publikowana jest zawsze tu\u017c przed \u015bwi\u0119tami.<\/p>\n<p class=\"ods-c-paragraph \">Polecamy: <a href=\"https:\/\/plejada.pl\/newsy\/tak-wyglada-niania-williama-i-kate-opiekuje-sie-ich-dziecmi-od-11-lat\/tfxmbqx\" id=\"54c8f190-3316-4885-8194-6afe61376f6d\" rel=\"nofollow noopener\" target=\"_blank\">To ona opiekuje si\u0119 Charlotte, Georgem i Louisem. Maria Teresa sko\u0144czy\u0142a college dla nia\u0144<\/a><\/p>\n<p class=\"ods-c-paragraph \">Teraz ksi\u0105\u017c\u0119 William oraz ksi\u0119\u017cna Kate publicznie zwr\u00f3cili si\u0119 do os\u00f3b \u015bledz\u0105cych ich aktywno\u015b\u0107 w mediach spo\u0142eczno\u015bciowych. To w\u0142a\u015bnie tam opublikowano tegoroczn\u0105 kartk\u0119 \u015bwi\u0105teczn\u0105 od wspomnianej pary. Do fotografii ma\u0142\u017conkowie pozowali wraz z dzie\u0107mi.<\/p>\n<p>Dalszy ci\u0105g artyku\u0142u pod materia\u0142em wideo<\/p>\n<p> Jakie dzieci maj\u0105 ksi\u0119\u017cna Kate i ksi\u0105\u017c\u0119 William? <\/p>\n<p> Jakie s\u0105 tradycje brytyjskiej rodziny kr\u00f3lewskiej na \u015bwi\u0119ta? <\/p>\n<p> Gdzie ksi\u0119\u017cna Kate z\u0142o\u017cy\u0142a ho\u0142d osobom, kt\u00f3re zmar\u0142y na raka? <\/p>\n<p> Co zrobili Kate i William podczas publikacji kartki \u015bwi\u0105tecznej? <\/p>\n<p>  \u017byczenia od royals\u00f3w<\/p>\n<p class=\"ods-c-paragraph \">Na przedstawionym zdj\u0119ciu, umieszczonym w centralnej cz\u0119\u015bci kartki \u015bwi\u0105tecznej, wida\u0107 <a href=\"https:\/\/plejada.pl\/temat\/william-ksiaze-walii-wilhelm\/88m6dtn\" id=\"b04e451b-8b40-4ec9-8637-2e4878731d6d\" rel=\"nofollow noopener\" target=\"_blank\">ksi\u0119cia Williama<\/a>, <a href=\"https:\/\/plejada.pl\/temat\/kate-kate-middleton-ksiezna-walii\/1ly19tz\" id=\"811f23f9-53e6-4dfd-b41d-6259732fdc20\" rel=\"nofollow noopener\" target=\"_blank\">ksi\u0119\u017cn\u0105 Kate<\/a> oraz ich dzieci: Louisa, Charlotte i George\u2019a. Ca\u0142a rodzina przytula si\u0119 z radosnymi u\u015bmiechami.<\/p>\n<blockquote class=\"ods-o-quota\">\n<p class=\"ods-o-quota__paragraph\">\u017byczymy wszystkim Weso\u0142ych \u015awi\u0105t Bo\u017cego Narodzenia<\/p>\n<\/blockquote>\n<p class=\"ods-c-paragraph \">\u2014 czytamy.<\/p>\n<p class=\"ods-c-paragraph \">Polecamy: <a href=\"https:\/\/plejada.pl\/zdjecia-gwiazd\/karty-swiateczne-od-brytyjskiej-rodziny-krolewskiej-na-przestrzeni-lat-zdjecia\/zed53e4\" id=\"5446784c-b050-4bb4-ae91-ae99eb400738\" rel=\"nofollow noopener\" target=\"_blank\">M\u0142oda El\u017cbieta, szcz\u0119\u015bliwa Diana i uroczy Archie. \u015awi\u0105teczne kartki od Windsor\u00f3w na przestrzeni lat<\/a><\/p>\n<p>    Kartka od ksi\u0119\u017cnej Kate<\/p>\n<p class=\"ods-c-paragraph \"><a href=\"https:\/\/plejada.pl\/temat\/kate-kate-middleton-ksiezna-walii\/1ly19tz\" id=\"40a7fa67-781d-42e3-880f-29eefb18a119\" rel=\"nofollow noopener\" target=\"_blank\">Ksi\u0119\u017cna Kate<\/a> od czasu diagnozy raka wspiera osoby, kt\u00f3re tak jak ona, zmagaj\u0105 si\u0119 z t\u0105 chorob\u0105. Niedawno ukochana <a href=\"https:\/\/plejada.pl\/temat\/william-ksiaze-walii-wilhelm\/88m6dtn\" id=\"8c146759-0171-421c-b602-21ed24278b61\" rel=\"nofollow noopener\" target=\"_blank\">ksi\u0119cia Williama<\/a> odwiedzi\u0142a Ogr\u00f3d Ever After, kt\u00f3ry zbiera fundusze dla organizacji charytatywnej The Royal Marsden Cancer Charity.<\/p>\n<p class=\"ods-c-paragraph \">W sobot\u0119 13 grudnia na oficjalnym profilu na Instagramie pojawi\u0142o si\u0119 nagranie, na kt\u00f3rym zrelacjonowano wizyt\u0119 ksi\u0119\u017cnej Walii w Ever After Garden. Na jej twarzy nie brakowa\u0142o u\u015bmiechu. \u017bona nast\u0119pcy tronu postanowi\u0142a r\u00f3wnie\u017c z\u0142o\u017cy\u0107 ho\u0142d wszystkim tym, kt\u00f3rym nie uda\u0142o si\u0119 wr\u00f3ci\u0107 do zdrowia, zostawiaj\u0105c w ogrodzie odr\u0119cznie napisan\u0105 notatk\u0119. Ten prosty niezwykle poruszaj\u0105cy gest odbi\u0142 si\u0119 szerokim echem w mediach.<\/p>\n<blockquote class=\"ods-o-quota\">\n<p class=\"ods-o-quota__paragraph\">W mi\u0142osnej pami\u0119ci wszystkich tych, kt\u00f3rzy stracili \u017cycie z powodu raka. C<\/p>\n<\/blockquote>\n<p class=\"ods-c-paragraph \">\u2014 napisa\u0142a ksi\u0119\u017cna na kartce, kt\u00f3r\u0105 mo\u017cna by\u0142o dostrzec w\u015br\u00f3d trawy w ogrodzie wype\u0142nionym ponad 30 tys. \u015bwiec\u0105cych bia\u0142ych r\u00f3\u017c.<\/p>\n<p>   <img decoding=\"async\" src=\"https:\/\/www.europesays.com\/pl\/wp-content\/uploads\/2025\/12\/wW9k9lBaHR0cHM6Ly9vY2RuLmV1L3B1bHNjbXMvTURBXy8zMDI3OWNkMTdjYmRjNzE3OWQ4MDFhMDU4MDRjMDFjYy5qcGeRlQLNB.jpeg\" height=\"627\" width=\"940\" alt=\"Kate i William\" loading=\"lazy\" class=\"ods-c-image__img ods-c-image__img--viewport-width\"\/><\/p>\n<p>Kate i WilliamB. Lenoir \/ Shutterstock<\/p>\n<p class=\"ods-c-paragraph \">Dzi\u0119kujemy, \u017ce przeczyta\u0142a\u015b\/e\u015b nasz artyku\u0142 do ko\u0144ca. W serwisie Plejada.pl ka\u017cdego dnia piszemy o najwa\u017cniejszych wydarzeniach show-biznesowych. B\u0105d\u017a na bie\u017c\u0105co! <a rel=\"nofollow noopener\" href=\"https:\/\/news.google.com\/publications\/CAAiEF0PeAlb7W1llpV_mwV2rL4qFAgKIhBdD3gJW-1tZZaVf5sFdqy-?hl=pl&amp;gl=PL&amp;ceid=PL%3Apl\" id=\"8f0425ed-2c8b-441b-8bd6-7655433ea0f5\" target=\"_blank\">Obserwuj<\/a> Plejad\u0119 w Wiadomo\u015bciach Google. Odwied\u017a nas tak\u017ce na <a rel=\"nofollow noopener\" href=\"https:\/\/www.facebook.com\/plejadapl\" id=\"caf8115f-3a01-415a-89d2-1b58db12908e\" target=\"_blank\">Facebooku<\/a>, <a rel=\"nofollow noopener\" href=\"https:\/\/www.instagram.com\/plejadapl\/\" id=\"8d95db45-5c94-4b24-b72b-62310fba9253\" target=\"_blank\">Instagramie<\/a>, <a rel=\"nofollow noopener\" href=\"https:\/\/www.youtube.com\/c\/plejada\" id=\"6d512226-06f1-42d8-babd-8f24cd6dd854\" target=\"_blank\">YouTubie<\/a> oraz <a rel=\"nofollow noopener\" href=\"https:\/\/www.tiktok.com\/@plejada_pl\" id=\"e61c4e68-5503-4fdb-a876-b3f2d844d441\" target=\"_blank\">TikToku<\/a>.<\/p>\n<p class=\"ods-c-paragraph \">Chcesz podzieli\u0107 si\u0119 ciekawym newsem lub zaproponowa\u0107 temat? Skontaktuj si\u0119 z nami, pisz\u0105c maila na adres: plejada@redakcjaonet.pl.<\/p>\n<p><script async src=\"\/\/www.instagram.com\/embed.js\"><\/script><script async src=\"\/\/www.tiktok.com\/embed.js\"><\/script><\/p>\n","protected":false},"excerpt":{"rendered":"Bo\u017conarodzeniowe kartki to jedna z tradycji, kt\u00f3r\u0105 od lat piel\u0119gnuje brytyjska rodzina kr\u00f3lewska. Co roku Windsorowie wypuszczaj\u0105 now\u0105&hellip;\n","protected":false},"author":2,"featured_media":157873,"comment_status":"","ping_status":"","sticky":false,"template":"","format":"standard","meta":{"footnotes":""},"categories":[22],"tags":[122,48,125,46,42,38,40,39,41,123,47],"class_list":{"0":"post-157872","1":"post","2":"type-post","3":"status-publish","4":"format-standard","5":"has-post-thumbnail","7":"category-rozrywka","8":"tag-entertainment","9":"tag-nat_styl","10":"tag-newsy","11":"tag-omp","12":"tag-pl","13":"tag-poland","14":"tag-polish","15":"tag-polska","16":"tag-polski","17":"tag-rozrywka","18":"tag-screening_general"},"share_on_mastodon":{"url":"https:\/\/pubeurope.com\/@pl\/115740586282748535","error":""},"_links":{"self":[{"href":"https:\/\/www.europesays.com\/pl\/wp-json\/wp\/v2\/posts\/157872","targetHints":{"allow":["GET"]}}],"collection":[{"href":"https:\/\/www.europesays.com\/pl\/wp-json\/wp\/v2\/posts"}],"about":[{"href":"https:\/\/www.europesays.com\/pl\/wp-json\/wp\/v2\/types\/post"}],"author":[{"embeddable":true,"href":"https:\/\/www.europesays.com\/pl\/wp-json\/wp\/v2\/users\/2"}],"replies":[{"embeddable":true,"href":"https:\/\/www.europesays.com\/pl\/wp-json\/wp\/v2\/comments?post=157872"}],"version-history":[{"count":0,"href":"https:\/\/www.europesays.com\/pl\/wp-json\/wp\/v2\/posts\/157872\/revisions"}],"wp:featuredmedia":[{"embeddable":true,"href":"https:\/\/www.europesays.com\/pl\/wp-json\/wp\/v2\/media\/157873"}],"wp:attachment":[{"href":"https:\/\/www.europesays.com\/pl\/wp-json\/wp\/v2\/media?parent=157872"}],"wp:term":[{"taxonomy":"category","embeddable":true,"href":"https:\/\/www.europesays.com\/pl\/wp-json\/wp\/v2\/categories?post=157872"},{"taxonomy":"post_tag","embeddable":true,"href":"https:\/\/www.europesays.com\/pl\/wp-json\/wp\/v2\/tags?post=157872"}],"curies":[{"name":"wp","href":"https:\/\/api.w.org\/{rel}","templated":true}]}}