{"id":157890,"date":"2025-12-18T12:41:15","date_gmt":"2025-12-18T12:41:15","guid":{"rendered":"https:\/\/www.europesays.com\/pl\/157890\/"},"modified":"2025-12-18T12:41:15","modified_gmt":"2025-12-18T12:41:15","slug":"naruszenie-przestrzeni-powietrznej-turcji-wojsko-zestrzelilo-niezidentyfikowany-bsp","status":"publish","type":"post","link":"https:\/\/www.europesays.com\/pl\/157890\/","title":{"rendered":"Naruszenie przestrzeni powietrznej Turcji: wojsko zestrzeli\u0142o niezidentyfikowany BSP"},"content":{"rendered":"<p>   <a href=\"https:\/\/defence24.pl\/strona-autora\/natalia-potera\" target=\"_self\" class=\"article-author__wrap\" rel=\"nofollow noopener\"><img loading=\"lazy\" decoding=\"async\" src=\"https:\/\/www.europesays.com\/pl\/wp-content\/uploads\/2025\/12\/natalia-potera.znbq.jpg\" alt=\"Natalia Potera\"  width=\"100\" height=\"100\" author=\"Natalia Potera\" caption=\"\" fullscreen=\"https:\/\/cdn.defence24.pl\/2023\/05\/04\/1920xpx\/tZ7EwiProEAKlIguLBGyRlBsyuMQD4t0APG6NfGz.zasp.jpg\" class=\"img article-author__avatar img-avatar\"\/><br \/>\n          Natalia Potera<br \/>\n        <\/a>  <\/p>\n<p>15 grudnia br. my\u015bliwce F-16 tureckich si\u0142 powietrznych przechwyci\u0142y i zestrzeli\u0142y niezidentyfikowany bezza\u0142ogowy statek powietrzny (BSP), kt\u00f3ry wtargn\u0105\u0142 w tureck\u0105 przestrze\u0144 powietrzn\u0105 znad Morza Czarnego. Przed neutralizacj\u0105 obiekt zd\u0105\u017cy\u0142 przelecie\u0107 nad obszarami centralnej Anatolii. Dron zosta\u0142 zniszczony nad s\u0142abo zaludnionym terenem, co pozwoli\u0142o unikn\u0105\u0107 zagro\u017cenia dla ludno\u015bci cywilnej.<\/p>\n<p>  <img decoding=\"async\" src=\"https:\/\/www.europesays.com\/pl\/wp-content\/uploads\/2025\/12\/UGXJRVZ7JRyfhS29KVGLFCqlcZ8GbhfA0nE1IPSW.vq2t.jpg\" alt=\"\"  width=\"800\" height=\"450\" author=\"msb.gov.tr\" fetchpriority=\"high\" class=\"img image-with-caption__image\"\/><br \/>\n        Autor. msb.gov.tr<br \/>\n             Kontekst operacyjny  <\/p>\n<p class=\"paragraph-module\">Wed\u0142ug informacji opublikowanych przez tureckie Ministerstwo Obrony Narodowej oraz p\u00f3\u017aniejszych doniesie\u0144 medialnych, tureckie systemy radarowe wykry\u0142y niezidentyfikowany obiekt zbli\u017caj\u0105cy si\u0119 do krajowej przestrzeni powietrznej od strony Morza Czarnego, korytarzem Kastamonu. Obiekt by\u0142 okresowo widoczny na radarach (jego trasa pojawia\u0142a si\u0119 i znika\u0142a), co sugerowa\u0142o bardzo ma\u0142y przekr\u00f3j radarowy w po\u0142\u0105czeniu z zak\u0142\u00f3ceniami meteorologicznymi. W efekcie wzbudzi\u0142o to niepewno\u015b\u0107 co do charakteru zagro\u017cenia, z jakim mia\u0142 do czynienia system obrony powietrznej.<\/p>\n<p class=\"paragraph-module\">Tego rodzaju niejednoznaczno\u015b\u0107 identyfikacyjna nie jest niczym niezwyk\u0142ym. Balony meteorologiczne, drony hobbystyczne, komercyjne bezza\u0142ogowe statki powietrzne, wojskowe platformy rozpoznawcze oraz amunicja kr\u0105\u017c\u0105ca poruszaj\u0105 si\u0119 cz\u0119sto na nak\u0142adaj\u0105cych si\u0119 wysoko\u015bciach i zbli\u017conych pr\u0119dko\u015bciach. Ich rozr\u00f3\u017cnienie w czasie rzeczywistym stanowi wyzwanie zar\u00f3wno pod wzgl\u0119dem poznawczym, jak i technicznym.<\/p>\n<p class=\"paragraph-module\">Incydent ten uwypukla szersz\u0105 rzeczywisto\u015b\u0107, w kt\u00f3rej wsp\u00f3\u0142czesna przestrze\u0144 powietrzna staje si\u0119 coraz bardziej zat\u0142oczona obiektami o wykrywalno\u015bci nieprzekraczaj\u0105cej tradycyjnych prog\u00f3w radarowych. Dotyczy to zw\u0142aszcza platform o niewielkiej powierzchni metalowej skrzyde\u0142, zdolnych do wykorzystywania martwych p\u00f3l system\u00f3w radarowych projektowanych pierwotnie do wykrywania samolot\u00f3w za\u0142ogowych i pocisk\u00f3w balistycznych.<\/p>\n<p class=\"paragraph-module\">Pomimo niejasno\u015bci, dane \u015bledzenia by\u0142y w czasie rzeczywistym przekazywane do Centrum Operacji Powietrznych w Eski\u015fehir, funkcjonuj\u0105cego w ramach krajowych i natowskich struktur dowodzenia.<\/p>\n<p class=\"paragraph-module\">W miar\u0119 zbli\u017cania si\u0119 obiektu do tureckiej przestrzeni powietrznej poderwano my\u015bliwce F-16 w trybie szybkiego reagowania (QRA). Identyfikacja wizualna potwierdzi\u0142a, \u017ce celem jest bezza\u0142ogowy statek powietrzny, kt\u00f3ry utraci\u0142 \u0142\u0105czno\u015b\u0107 dowodzenia i porusza si\u0119 po sta\u0142ej, liniowej trajektorii. Zamiast natychmiastowego ataku tureckie w\u0142adze pozwoli\u0142y na kontynuacj\u0119 lotu w g\u0142\u0105b l\u0105du, a\u017c do osi\u0105gni\u0119cia obszaru uznanego za bezpieczny do przechwycenia. BSP zosta\u0142 ostatecznie zniszczony pociskiem AIM-9X Sidewinder w rejonie linii \u00c7ank\u0131r\u0131\u2013Elmada\u011f, oko\u0142o 200 km od wybrze\u017ca.<\/p>\n<p class=\"paragraph-module\">Turcja dysponuje warstwowym systemem naziemnej obrony powietrznej, obejmuj\u0105cym m.in. opracowane w kraju systemy H\u0130SAR-A i H\u0130SAR-O. Mimo to zdecydowano si\u0119 na u\u017cycie pocisku AIM-9X Sidewinder wystrzelonego z my\u015bliwca F-16. Cho\u0107 zastosowanie za\u0142ogowego samolotu bojowego uzbrojonego w relatywnie drogi pocisk powietrze\u2013powietrze przeciwko niewielkiemu BSP mo\u017ce pocz\u0105tkowo wydawa\u0107 si\u0119 nieproporcjonalne, decyzja ta by\u0142a w pe\u0142ni przemy\u015blana.<\/p>\n<p class=\"paragraph-module\">Na pierwszy rzut oka podj\u0119te kroki mog\u0105 sprawia\u0107 wra\u017cenie przesadnych. Odpowied\u017a na te w\u0105tpliwo\u015bci le\u017cy jednak w geografii, proporcjonalno\u015bci i zarz\u0105dzaniu ryzykiem. AIM-9X jest wysoce skutecznym pociskiem kr\u00f3tkiego zasi\u0119gu, wyposa\u017conym w g\u0142owic\u0119 samonaprowadzaj\u0105c\u0105 z obrazowaniem w podczerwieni, zdolno\u015b\u0107 operowania poza lini\u0105 celowania oraz wyj\u0105tkow\u0105 zwrotno\u015b\u0107. Dzi\u0119ki temu doskonale nadaje si\u0119 do zwalczania cel\u00f3w o niskiej sygnaturze, kt\u00f3re mog\u0142yby unikn\u0105\u0107 ataku ze strony starszych system\u00f3w uzbrojenia. W obronie powietrznej, zw\u0142aszcza nad terytorium pa\u0144stwa, koszt pora\u017cki przewy\u017csza koszt pocisku przechwytuj\u0105cego.<br \/>\nMy\u015bliwce z kolei oferuj\u0105 mobilno\u015b\u0107, identyfikacj\u0119 wizualn\u0105 oraz precyzyjne okre\u015blenie momentu ataku. W tym przypadku F-16 pe\u0142ni\u0142y nie tylko rol\u0119 platformy ra\u017cenia, lecz tak\u017ce powietrznych sensor\u00f3w, potwierdzaj\u0105c charakter, zachowanie i trajektori\u0119 lotu bezza\u0142ogowego statku powietrznego. By\u0142o to kluczowe przed podj\u0119ciem dzia\u0142a\u0144 o charakterze \u015bmierciono\u015bnym.<\/p>\n<p class=\"paragraph-module\">Neutralizacja obiektu stanowi\u0142a r\u00f3wnie\u017c demonstracj\u0119 gotowo\u015bci. U\u017cycie systemu rakietowego pierwszej linii sygnalizowa\u0142o, \u017ce Turcja traktuje naruszenia swojej przestrzeni powietrznej \u2013 zar\u00f3wno celowe, jak i niezamierzone \u2013 z najwy\u017csz\u0105 powag\u0105.<\/p>\n<p class=\"paragraph-module\">Kluczowym aspektem incydentu by\u0142o tak\u017ce funkcjonowanie tureckiej architektury dowodzenia i kontroli. Dane radarowe udost\u0119pniono strukturom NATO, a przechwycenie przeprowadzono w ramach zar\u00f3wno krajowych, jak i sojuszniczych procedur. \u015awiadczy to o praktycznym dzia\u0142aniu zintegrowanego systemu obrony powietrznej i przeciwrakietowej NATO (IAMD).<\/p>\n<p>    Sygnatura zaginionego drona  <\/p>\n<p class=\"paragraph-module\">Jednym z najbardziej charakterystycznych element\u00f3w operacyjnych by\u0142o zachowanie drona w locie. Po identyfikacji wizualnej tureccy piloci i kontrolerzy zaobserwowali, \u017ce obiekt utrzymywa\u0142 sta\u0142y, niezmienny kurs w kierunku centralnej Anatolii. Liniowa trajektoria silnie sugerowa\u0142a, i\u017c bezza\u0142ogowy statek powietrzny, prawdopodobnie po\u0142\u0105czony z satelit\u0105, utraci\u0142 \u0142\u0105czno\u015b\u0107 z systemem dowodzenia i kontroli.<\/p>\n<p class=\"paragraph-module\">Takie zachowanie jest dobrze udokumentowane we wsp\u00f3\u0142czesnych konfliktach. Po zerwaniu \u0142\u0105czy danych, czy to wskutek walki elektronicznej, zak\u0142\u00f3ce\u0144 satelitarnych czy te\u017c awarii technicznej, wiele BSP automatycznie powraca do zaprogramowanych tras lub kontynuuje lot po ostatnim wektorze a\u017c do wyczerpania paliwa b\u0105d\u017a zderzenia. Cecha ta odegra\u0142a kluczow\u0105 rol\u0119 w tureckim procesie decyzyjnym.<\/p>\n<p>    Nieznane pochodzenie  <\/p>\n<p class=\"paragraph-module\">Najbardziej wra\u017cliwym politycznie aspektem incydentu pozostaje pochodzenie bezza\u0142ogowego statku powietrznego. Analizy obronne szybko wykluczy\u0142y du\u017ce platformy NATO, takie jak ameryka\u0144skie RQ-4 Global Hawk czy MQ-9 Reaper, kt\u00f3re regularnie operuj\u0105 nad wodami mi\u0119dzynarodowymi Morza Czarnego. Zar\u00f3wno rozmiar, jak i sygnatura radarowa oraz profil lotu nie odpowiada\u0142y tym systemom.<\/p>\n<p class=\"paragraph-module\">Uwaga skupi\u0142a si\u0119 natomiast na mniejszych BSP o sta\u0142ym skrzydle, powszechnie wykorzystywanych w wojnie rosyjsko-ukrai\u0144skiej, w tym na amunicji kr\u0105\u017c\u0105cej typu Shahed-136. Systemy te s\u0105 tanie, liczne i trudne do wykrycia, a intensywne u\u017cycie \u015brodk\u00f3w walki elektronicznej cz\u0119sto prowadzi do zak\u0142\u00f3ce\u0144 ich nawigacji.<\/p>\n<p class=\"paragraph-module\">Nie sformu\u0142owano jednak \u017cadnych natychmiastowych oskar\u017ce\u0144 ani nie dosz\u0142o do eskalacji dyplomatycznej. Tureccy urz\u0119dnicy akcentowali kwestie bezpiecze\u0144stwa, ocen\u0119 techniczn\u0105 oraz trwaj\u0105ce \u015bledztwo, co odzwierciedla delikatn\u0105 r\u00f3wnowag\u0119 polityczn\u0105 Ankary. Turcja, jako cz\u0142onek NATO, pa\u0144stwo nadmorskie Morza Czarnego i aktor utrzymuj\u0105cy z\u0142o\u017cone relacje zar\u00f3wno z Rosj\u0105, jak i Ukrain\u0105, stara si\u0119 unika\u0107 nadmiernej reakcji, kt\u00f3ra mog\u0142aby zachwia\u0107 istniej\u0105c\u0105 regionaln\u0105 \u201er\u00f3wnowag\u0119\u201d.<\/p>\n<p class=\"paragraph-module\">Utrzymuj\u0105ca si\u0119 niepewno\u015b\u0107 co do pochodzenia drona rodzi jednak strategiczny dylemat. Je\u015bli BSP pochodzi\u0142 ze strefy konfliktu, jego wtargni\u0119cie w tureck\u0105 przestrze\u0144 powietrzn\u0105 mo\u017cna interpretowa\u0107 jako niezamierzone \u201erozlanie si\u0119\u201d wojny na pozosta\u0142e pa\u0144stwa.  Zestrzelenie drona wzmacnia d\u0142ugoletnie stanowisko Ankary, \u017ce wojna nie mo\u017ce rozprzestrzenia\u0107 si\u0119 poza granice Ukrainy.<\/p>\n<p>    Koncepcja \u201eStalowej Kopu\u0142y\u201d w praktyce  <\/p>\n<p class=\"paragraph-module\">Tureccy urz\u0119dnicy przedstawili incydent jako dow\u00f3d funkcjonowania rozwijanej koncepcji obrony powietrznej okre\u015blanej mianem \u201eStalowej Kopu\u0142y\u201d, tj. sieciowej architektury \u0142\u0105cz\u0105cej radary, systemy dowodzenia i kontroli, \u015brodki walki elektronicznej, my\u015bliwce oraz uzbrojenie rakietowe.<\/p>\n<p class=\"paragraph-module\">Co istotne, Stalowa Kopu\u0142a nie jest pojedynczym systemem, lecz procesem obejmuj\u0105cym wykrywanie, klasyfikacj\u0119, podejmowanie decyzji oraz przechwycenie. Ostatni incydent pokaza\u0142, \u017ce kluczowym elementem tej architektury nie jest pojedynczy komponent sprz\u0119towy, lecz integracja wszystkich podzespo\u0142\u00f3w. Czujniki wykry\u0142y obiekt, centra dowodzenia skonsolidowa\u0142y dane i skoordynowa\u0142y reakcj\u0119, my\u015bliwce dokona\u0142y przechwycenia, a w\u0142adze lotnictwa cywilnego mia\u0142y przekierowa\u0107 ruch pasa\u017cerski w ramach \u015brodk\u00f3w ostro\u017cno\u015bci. Ka\u017cdy etap funkcjonowa\u0142 w ramach sp\u00f3jnego ekosystemu cywilno-wojskowego.<\/p>\n<p>    Implikacje dla bezpiecze\u0144stwa Morza Czarnego i wschodniej flanki NATO  <\/p>\n<p class=\"paragraph-module\">Przypadek Turcji pokazuje, w jaki spos\u00f3b tanie bezza\u0142ogowe statki powietrzne mog\u0105 wnika\u0107 g\u0142\u0119boko w przestrze\u0144 powietrzn\u0105 pa\u0144stwa bez jednoznacznie wrogiego zamiaru, zmuszaj\u0105c obro\u0144c\u00f3w do podejmowania szybkich decyzji w warunkach niepewno\u015bci. BSP zacieraj\u0105 granice mi\u0119dzy wypadkiem, rozpoznaniem a prowokacj\u0105, komplikuj\u0105c sygnalizowanie odstraszania i zwi\u0119kszaj\u0105c ryzyko b\u0142\u0119dnej oceny.<\/p>\n<p class=\"paragraph-module\">Dla NATO incydent ten stanowi ilustracj\u0119 konieczno\u015bci dostosowania obrony powietrznej nie tylko do zagro\u017ce\u0144 wysokiego szczebla \u2013 takich jak pociski balistyczne, manewruj\u0105ce czy samoloty bojowe \u2013 lecz tak\u017ce do narusze\u0144 na niskich pu\u0142apach, kt\u00f3re stopniowo mog\u0105 podwa\u017ca\u0107 suwerenno\u015b\u0107 przestrzeni powietrznej pa\u0144stw sojuszniczych.<\/p>\n<p class=\"paragraph-module\">Incydent ten jest istotn\u0105 lekcj\u0105 dla Sojuszu w zakresie ochrony przestrzeni powietrznej, odporno\u015bci system\u00f3w dowodzenia i kontroli oraz koordynacji cywilno-wojskowej w warunkach niejednoznaczno\u015bci. Podkre\u015bla on r\u00f3wnie\u017c strategiczne znaczenie Turcji jako pa\u0144stwa frontowego NATO, kt\u00f3rego reakcje na zagro\u017cenia maj\u0105 bezpo\u015bredni wp\u0142yw na stabilno\u015b\u0107 bezpiecze\u0144stwa w regionie Morza Czarnego.<\/p>\n","protected":false},"excerpt":{"rendered":"Natalia Potera 15 grudnia br. my\u015bliwce F-16 tureckich si\u0142 powietrznych przechwyci\u0142y i zestrzeli\u0142y niezidentyfikowany bezza\u0142ogowy statek powietrzny (BSP),&hellip;\n","protected":false},"author":2,"featured_media":157891,"comment_status":"","ping_status":"","sticky":false,"template":"","format":"standard","meta":{"footnotes":""},"categories":[14],"tags":[32,33,743,4250,27,34,35,28225,28,31,160,25,40,41,87,11770,31365,80,29,30,192,31364,415,26,82,83,84],"class_list":{"0":"post-157890","1":"post","2":"type-post","3":"status-publish","4":"format-standard","5":"has-post-thumbnail","7":"category-swiat","8":"tag-breaking-news","9":"tag-breakingnews","10":"tag-dron","11":"tag-f-16","12":"tag-headlines","13":"tag-latest-news","14":"tag-latestnews","15":"tag-morze-czarne","16":"tag-naglowki","17":"tag-najwazniejsze-artykuly","18":"tag-nato","19":"tag-news","20":"tag-polish","21":"tag-polski","22":"tag-rosja","23":"tag-shahed","24":"tag-stalowa-kopula","25":"tag-swiat","26":"tag-top-stories","27":"tag-topstories","28":"tag-turcja","29":"tag-uav","30":"tag-ukraina","31":"tag-wiadomosci","32":"tag-world","33":"tag-world-news","34":"tag-worldnews"},"share_on_mastodon":{"url":"https:\/\/pubeurope.com\/@pl\/115740625502181105","error":""},"_links":{"self":[{"href":"https:\/\/www.europesays.com\/pl\/wp-json\/wp\/v2\/posts\/157890","targetHints":{"allow":["GET"]}}],"collection":[{"href":"https:\/\/www.europesays.com\/pl\/wp-json\/wp\/v2\/posts"}],"about":[{"href":"https:\/\/www.europesays.com\/pl\/wp-json\/wp\/v2\/types\/post"}],"author":[{"embeddable":true,"href":"https:\/\/www.europesays.com\/pl\/wp-json\/wp\/v2\/users\/2"}],"replies":[{"embeddable":true,"href":"https:\/\/www.europesays.com\/pl\/wp-json\/wp\/v2\/comments?post=157890"}],"version-history":[{"count":0,"href":"https:\/\/www.europesays.com\/pl\/wp-json\/wp\/v2\/posts\/157890\/revisions"}],"wp:featuredmedia":[{"embeddable":true,"href":"https:\/\/www.europesays.com\/pl\/wp-json\/wp\/v2\/media\/157891"}],"wp:attachment":[{"href":"https:\/\/www.europesays.com\/pl\/wp-json\/wp\/v2\/media?parent=157890"}],"wp:term":[{"taxonomy":"category","embeddable":true,"href":"https:\/\/www.europesays.com\/pl\/wp-json\/wp\/v2\/categories?post=157890"},{"taxonomy":"post_tag","embeddable":true,"href":"https:\/\/www.europesays.com\/pl\/wp-json\/wp\/v2\/tags?post=157890"}],"curies":[{"name":"wp","href":"https:\/\/api.w.org\/{rel}","templated":true}]}}