{"id":157895,"date":"2025-12-18T12:44:09","date_gmt":"2025-12-18T12:44:09","guid":{"rendered":"https:\/\/www.europesays.com\/pl\/157895\/"},"modified":"2025-12-18T12:44:09","modified_gmt":"2025-12-18T12:44:09","slug":"verstappen-stracil-przywilej-mistrza-swiata-zaskakujaca-decyzja-holendra","status":"publish","type":"post","link":"https:\/\/www.europesays.com\/pl\/157895\/","title":{"rendered":"Verstappen straci\u0142 przywilej mistrza \u015bwiata. Zaskakuj\u0105ca decyzja Holendra"},"content":{"rendered":"\n<p class=\"contentpart contentpart--default contentpart--text\" data-position=\"0\"><a href=\"https:\/\/sportowefakty.wp.pl\/wyscigi-samochodowe\/max-verstappen\" rel=\"nofollow noopener\" target=\"_blank\">Max Verstappen<\/a>\u00a0po czterech latach musi odda\u0107 &#8222;jedynk\u0119&#8221; w zwi\u0105zku z utrat\u0105 tytu\u0142u mistrza \u015bwiata <a href=\"https:\/\/sportowefakty.wp.pl\/formula-1\" rel=\"nofollow noopener\" target=\"_blank\">Formu\u0142y 1<\/a>. Nowo kreowany czempion w osobie <a href=\"https:\/\/sportowefakty.wp.pl\/formula-1\/lando-norris\" rel=\"nofollow noopener\" target=\"_blank\">Lando Norrisa<\/a>\u00a0ju\u017c potwierdzi\u0142, \u017ce skorzysta z przywileju jazdy bolidem z numerem &#8222;1&#8221; i w sezonie 2026 zobaczymy go na maszynie <a href=\"https:\/\/sportowefakty.wp.pl\/wyscigi-samochodowe\/mclaren-honda\" rel=\"nofollow noopener\" target=\"_blank\">McLarena<\/a>.<\/p>\n<p class=\"contentpart contentpart--default contentpart--text\" data-position=\"1\">Holender w tej sytuacji musia\u0142 wybra\u0107 nowy numer startowy. 28-latek ujawni\u0142, \u017ce b\u0119dzie \u015bciga\u0142 si\u0119 z &#8222;tr\u00f3jk\u0105&#8221; na bolidzie <a href=\"https:\/\/sportowefakty.wp.pl\/wyscigi-samochodowe\/infiniti-red-bull-racing\" rel=\"nofollow noopener\" target=\"_blank\">Red Bull Racing<\/a>. To zaskoczenie, bo wcze\u015bniej Verstappen korzysta\u0142 z numeru 33. Towarzyszy\u0142 on kierowcy od jego debiutu w F1 w barwach Toro Rosso w sezonie 2015.<\/p>\n<p> <img role=\"presentation\" src=\"https:\/\/std.wpcdn.pl\/images\/adv\/placeholder_wp.svg\" loading=\"lazy\" alt=\"\" decoding=\"async\"\/>  <\/p>\n<p class=\"contentpart contentpart--default contentpart--text\" data-position=\"2\">ZOBACZ WIDEO: Kadra, relacje z Lewandowskim i Urbanem. Jerzy Brz\u0119czek go\u015bciem WP SportoweFakty<\/p>\n<p class=\"contentpart contentpart--default contentpart--text\" data-position=\"4\">Dlaczego czterokrotny mistrz \u015bwiata nie powr\u00f3ci\u0142 do &#8222;33&#8221;? Holender nie ukrywa, \u017ce &#8222;tr\u00f3jka&#8221; jest jego ulubion\u0105 liczb\u0105, ale przed laty nie m\u00f3g\u0142 z niej korzysta\u0107. By\u0142a bowiem zaj\u0119ta przez <a href=\"https:\/\/sportowefakty.wp.pl\/wyscigi-samochodowe\/daniel-ricciardo\" rel=\"nofollow noopener\" target=\"_blank\">Daniela Ricciardo<\/a>. Australijczyk zako\u0144czy\u0142 jednak karier\u0119 w F1 po tym jak utraci\u0142 miejsce w <a href=\"https:\/\/sportowefakty.wp.pl\/wyscigi-samochodowe\/scuderia-toro-rosso\" rel=\"nofollow noopener\" target=\"_blank\">Visa Cash App RB<\/a>\u00a0w trakcie sezonu 2024.<\/p>\n<p class=\"contentpart contentpart--default contentpart--text\" data-position=\"5\">&#8211; Nie zdecydowa\u0142em si\u0119 na numer 33. Moj\u0105 ulubion\u0105 liczb\u0105 zawsze by\u0142a &#8222;tr\u00f3jka&#8221;, nie licz\u0105c &#8222;jedynki&#8221;. Teraz mo\u017cemy si\u0119 zamieni\u0107, wi\u0119c b\u0119dzie to numer 3 &#8211; powiedzia\u0142 Verstappen w rozmowie z Viaplay.<\/p>\n<p class=\"contentpart contentpart--default contentpart--text\" data-position=\"6\">&#8211; Numer 33 zawsze by\u0142 w porz\u0105dku, ale po prostu bardziej lubi\u0119 jedn\u0105 &#8222;tr\u00f3jk\u0119&#8221; ni\u017c dwie. Zawsze m\u00f3wi\u0142em, \u017ce numer 33 oznacza\u0142 dla mnie podw\u00f3jne szcz\u0119\u015bcie, ale swoje szcz\u0119\u015bcie w Formule 1 ju\u017c wyczerpa\u0142em &#8211; doda\u0142 kierowca Red Bulla.<\/p>\n<p> <img role=\"presentation\" src=\"https:\/\/std.wpcdn.pl\/images\/adv\/placeholder_wp.svg\" loading=\"lazy\" alt=\"\" decoding=\"async\"\/>  <\/p>\n<p class=\"contentpart contentpart--default contentpart--text\" data-position=\"7\">Formalnie numer 3 by\u0142 ci\u0105gle zarezerwowany dla Ricciardo, bo przys\u0142uguje on kierowcy jeszcze przez dwa lata od momentu zako\u0144czenia start\u00f3w w F1. Australijczyk nie zamierza jednak wraca\u0107 do \u015bcigania i wyda\u0142 zgod\u0119 na to, by Verstappen przej\u0105\u0142 &#8222;tr\u00f3jk\u0119&#8221;.<\/p>\n","protected":false},"excerpt":{"rendered":"Max Verstappen\u00a0po czterech latach musi odda\u0107 &#8222;jedynk\u0119&#8221; w zwi\u0105zku z utrat\u0105 tytu\u0142u mistrza \u015bwiata Formu\u0142y 1. Nowo kreowany&hellip;\n","protected":false},"author":2,"featured_media":157896,"comment_status":"","ping_status":"","sticky":false,"template":"","format":"standard","meta":{"footnotes":""},"categories":[24],"tags":[2901,2897,42,38,40,39,41,2896,127,126,750,2902],"class_list":{"0":"post-157895","1":"post","2":"type-post","3":"status-publish","4":"format-standard","5":"has-post-thumbnail","7":"category-sport","8":"tag-formula-1","9":"tag-max-verstappen","10":"tag-pl","11":"tag-poland","12":"tag-polish","13":"tag-polska","14":"tag-polski","15":"tag-red-bull-racing","16":"tag-sport","17":"tag-sports","18":"tag-sporty-motorowe","19":"tag-wyscigi-samochodowe"},"share_on_mastodon":{"url":"https:\/\/pubeurope.com\/@pl\/115740637300742719","error":""},"_links":{"self":[{"href":"https:\/\/www.europesays.com\/pl\/wp-json\/wp\/v2\/posts\/157895","targetHints":{"allow":["GET"]}}],"collection":[{"href":"https:\/\/www.europesays.com\/pl\/wp-json\/wp\/v2\/posts"}],"about":[{"href":"https:\/\/www.europesays.com\/pl\/wp-json\/wp\/v2\/types\/post"}],"author":[{"embeddable":true,"href":"https:\/\/www.europesays.com\/pl\/wp-json\/wp\/v2\/users\/2"}],"replies":[{"embeddable":true,"href":"https:\/\/www.europesays.com\/pl\/wp-json\/wp\/v2\/comments?post=157895"}],"version-history":[{"count":0,"href":"https:\/\/www.europesays.com\/pl\/wp-json\/wp\/v2\/posts\/157895\/revisions"}],"wp:featuredmedia":[{"embeddable":true,"href":"https:\/\/www.europesays.com\/pl\/wp-json\/wp\/v2\/media\/157896"}],"wp:attachment":[{"href":"https:\/\/www.europesays.com\/pl\/wp-json\/wp\/v2\/media?parent=157895"}],"wp:term":[{"taxonomy":"category","embeddable":true,"href":"https:\/\/www.europesays.com\/pl\/wp-json\/wp\/v2\/categories?post=157895"},{"taxonomy":"post_tag","embeddable":true,"href":"https:\/\/www.europesays.com\/pl\/wp-json\/wp\/v2\/tags?post=157895"}],"curies":[{"name":"wp","href":"https:\/\/api.w.org\/{rel}","templated":true}]}}