{"id":157897,"date":"2025-12-18T12:45:11","date_gmt":"2025-12-18T12:45:11","guid":{"rendered":"https:\/\/www.europesays.com\/pl\/157897\/"},"modified":"2025-12-18T12:45:11","modified_gmt":"2025-12-18T12:45:11","slug":"zmaga-sie-z-rakiem-w-trzecim-stadium-po-dwoch-latach-pokazal-sie-publicznie","status":"publish","type":"post","link":"https:\/\/www.europesays.com\/pl\/157897\/","title":{"rendered":"Zmaga si\u0119 z rakiem w trzecim stadium. Po dw\u00f3ch latach pokaza\u0142 si\u0119 publicznie"},"content":{"rendered":"<p class=\"Paragraph_desktopParagraph__U31Gm\">W listopadzie 2024 r. James Van Der Beek poinformowa\u0142 fan\u00f3w, \u017ce w sierpniu 2023 r. wykryto u niego raka jelita grubego w trzecim stadium. Po blisko dw\u00f3ch latach od diagnozy aktor ponownie stan\u0105\u0142 przed kamerami. Opublikowana przez dziennikarza NBC fotografia stanowi zapowied\u017a zbli\u017caj\u0105cego si\u0119 wywiadu z artyst\u0105.<\/p>\n<p class=\"Paragraph_desktopParagraph__U31Gm\">&#8222;Sp\u0119dzili\u015bmy dzie\u0144 w Teksasie na ranczu Jamesa Van Der Beeka. Na zewn\u0105trz pochmurno i ponuro, ale James to prawdziwa iskra pozytywno\u015bci. To by\u0142o od\u015bwie\u017caj\u0105ce i inspiruj\u0105ce. Rozmawiali\u015bmy o tym, gdzie jest na swojej drodze, o znaczeniu bada\u0144 przesiewowych w kierunku raka i o tym, jak znajduje rado\u015b\u0107 w rodzinie i wierze&#8221; \u2014 napisa\u0142 dziennikarz NBC w podpisie pod karuzel\u0105 trzech zdj\u0119\u0107.<\/p>\n<ul class=\"OchatFollowUps_wrapper__1ry7X\">\n<li class=\"OchatFollowUps_item__Dhyly OchatFollowUps_itemDesktop__R6aBv\">Jak d\u0142ugo James Van Der Beek zmaga si\u0119 z rakiem?<\/li>\n<li class=\"OchatFollowUps_item__Dhyly OchatFollowUps_itemDesktop__R6aBv\">Kiedy Van Der Beek po raz pierwszy publicznie m\u00f3wi\u0142 o swojej diagnozie?<\/li>\n<li class=\"OchatFollowUps_item__Dhyly OchatFollowUps_itemDesktop__R6aBv\">Jak\u0105 rol\u0119 zagra\u0142 James Van Der Beek w telewizji?<\/li>\n<li class=\"OchatFollowUps_item__Dhyly OchatFollowUps_itemDesktop__R6aBv\">Co zach\u0119ca Van Der Beek do robienia bada\u0144 diagnostycznych?<\/li>\n<\/ul>\n<p>James Van Der Beek pokaza\u0142 si\u0119 publicznie <\/p>\n<p class=\"Paragraph_desktopParagraph__U31Gm\"><a href=\"https:\/\/plejada.pl\/temat\/james-van-der-beek-aktor\/hl6se3r\" id=\"2ec32172-f6f1-445d-8027-3f1792b089b1\" rel=\"nofollow noopener\" target=\"_blank\">James Van Der Beek<\/a> zyska\u0142 \u015bwiatow\u0105 popularno\u015b\u0107 dzi\u0119ki roli Dawsona Leery\u2019ego w serialu &#8222;Jezioro marze\u0144&#8221;. M\u0142odzie\u017cowa produkcja sta\u0142a si\u0119 mi\u0119dzynarodowym hitem i trampolin\u0105 do dalszej kariery aktora. Od d\u0142u\u017cszego czasu w mediach m\u00f3wi si\u0119 o nim nie tyle w kontek\u015bcie jego r\u00f3l, ile choroby. James Van Der Beek w 2023 r. us\u0142ysza\u0142 od lekarzy, \u017ce choruje na nowotw\u00f3r jelita grubego, jednak publicznie o diagnozie powiedzia\u0142 dopiero rok p\u00f3\u017aniej.<\/p>\n<p class=\"Paragraph_desktopParagraph__U31Gm\">W walce z chorob\u0105 zaanga\u017cowali si\u0119 wszyscy \u2014 aktor, jego \u017cona Kimberly oraz ich sze\u015bcioro dzieci.<\/p>\n<p class=\"Paragraph_desktopParagraph__U31Gm\">Polecamy: <a href=\"https:\/\/plejada.pl\/newsy\/aktor-jeziora-marzen-walczy-z-nowotworem-mowi-o-swoim-stanie-zdrowia\/pht1w3b\" id=\"90604ffd-c000-4562-a0ad-16c10367b47e\" rel=\"nofollow noopener\" target=\"_blank\">Aktor &#8222;Jeziora marze\u0144&#8221; walczy z nowotworem. M\u00f3wi o swoim stanie zdrowia<\/a><\/p>\n<p><img decoding=\"async\" class=\"Image_image__0tuHp Image_autoHeight__f2n87 \" height=\"587\" width=\"390\" src=\"https:\/\/www.europesays.com\/pl\/wp-content\/uploads\/2025\/12\/whQk9kpTURBXy9jMmJhYjA5ZWEwM2RjN2MxMGM0ZTllZDQzODk2ZTcwZi5qcGeSlQLNA6wAwsOVAgDNAkvCw94AA6EwAaExAaEzw.jpeg\" alt=\"James Van Der Beek\" loading=\"lazy\" \/>Featureflash Photo Agency \/ Shutterstock<\/p>\n<p>James Van Der Beek<\/p>\n<p class=\"Paragraph_desktopParagraph__U31Gm\">Dzi\u0119kujemy, \u017ce przeczyta\u0142a\u015b\/e\u015b nasz artyku\u0142 do ko\u0144ca. W serwisie Plejada.pl ka\u017cdego dnia piszemy o najwa\u017cniejszych wydarzeniach show-biznesowych. B\u0105d\u017a na bie\u017c\u0105co! <a rel=\"nofollow noopener\" href=\"https:\/\/news.google.com\/publications\/CAAiEF0PeAlb7W1llpV_mwV2rL4qFAgKIhBdD3gJW-1tZZaVf5sFdqy-?hl=pl&amp;gl=PL&amp;ceid=PL%3Apl\" id=\"bdc9563c-d4a3-4821-8cf4-ad4274e32176\" target=\"_blank\">Obserwuj<\/a> Plejad\u0119 w Wiadomo\u015bciach Google. Odwied\u017a nas tak\u017ce na <a rel=\"nofollow noopener\" href=\"https:\/\/www.facebook.com\/plejadapl\" id=\"5575843f-5a19-49aa-a95f-b52941ecb48e\" target=\"_blank\">Facebooku<\/a>, <a rel=\"nofollow noopener\" href=\"https:\/\/www.instagram.com\/plejadapl\/\" id=\"c0c47807-52a0-4b69-9ab7-a97a31db3c33\" target=\"_blank\">Instagramie<\/a>, <a rel=\"nofollow noopener\" href=\"https:\/\/www.youtube.com\/c\/plejada\" id=\"6e97e622-6bf3-4a38-8bcf-7929765a40f6\" target=\"_blank\">YouTubie<\/a> oraz <a rel=\"nofollow noopener\" href=\"https:\/\/www.tiktok.com\/@plejada_pl\" id=\"4fd31f09-161b-4baa-816f-bea9cff2f70d\" target=\"_blank\">TikToku<\/a>.<\/p>\n<p class=\"Paragraph_desktopParagraph__U31Gm\">Chcesz podzieli\u0107 si\u0119 ciekawym newsem lub zaproponowa\u0107 temat? Skontaktuj si\u0119 z nami, pisz\u0105c maila na adres: plejada@redakcjaonet.pl.<\/p>\n<p><script async src=\"\/\/www.instagram.com\/embed.js\"><\/script><script async src=\"\/\/www.tiktok.com\/embed.js\"><\/script><\/p>\n","protected":false},"excerpt":{"rendered":"W listopadzie 2024 r. James Van Der Beek poinformowa\u0142 fan\u00f3w, \u017ce w sierpniu 2023 r. wykryto u niego&hellip;\n","protected":false},"author":2,"featured_media":157898,"comment_status":"","ping_status":"","sticky":false,"template":"","format":"standard","meta":{"footnotes":""},"categories":[22],"tags":[122,19875,261,53,52,68,51,55,42,38,40,39,41,123,47,65,50],"class_list":{"0":"post-157897","1":"post","2":"type-post","3":"status-publish","4":"format-standard","5":"has-post-thumbnail","7":"category-rozrywka","8":"tag-entertainment","9":"tag-james_van_der_beek_aktor","10":"tag-kultura","11":"tag-new_header","12":"tag-onet3","13":"tag-onet3d","14":"tag-onet3d_2i","15":"tag-phx","16":"tag-pl","17":"tag-poland","18":"tag-polish","19":"tag-polska","20":"tag-polski","21":"tag-rozrywka","22":"tag-screening_general","23":"tag-update_me","24":"tag-v2021"},"share_on_mastodon":{"url":"https:\/\/pubeurope.com\/@pl\/115740640838849727","error":""},"_links":{"self":[{"href":"https:\/\/www.europesays.com\/pl\/wp-json\/wp\/v2\/posts\/157897","targetHints":{"allow":["GET"]}}],"collection":[{"href":"https:\/\/www.europesays.com\/pl\/wp-json\/wp\/v2\/posts"}],"about":[{"href":"https:\/\/www.europesays.com\/pl\/wp-json\/wp\/v2\/types\/post"}],"author":[{"embeddable":true,"href":"https:\/\/www.europesays.com\/pl\/wp-json\/wp\/v2\/users\/2"}],"replies":[{"embeddable":true,"href":"https:\/\/www.europesays.com\/pl\/wp-json\/wp\/v2\/comments?post=157897"}],"version-history":[{"count":0,"href":"https:\/\/www.europesays.com\/pl\/wp-json\/wp\/v2\/posts\/157897\/revisions"}],"wp:featuredmedia":[{"embeddable":true,"href":"https:\/\/www.europesays.com\/pl\/wp-json\/wp\/v2\/media\/157898"}],"wp:attachment":[{"href":"https:\/\/www.europesays.com\/pl\/wp-json\/wp\/v2\/media?parent=157897"}],"wp:term":[{"taxonomy":"category","embeddable":true,"href":"https:\/\/www.europesays.com\/pl\/wp-json\/wp\/v2\/categories?post=157897"},{"taxonomy":"post_tag","embeddable":true,"href":"https:\/\/www.europesays.com\/pl\/wp-json\/wp\/v2\/tags?post=157897"}],"curies":[{"name":"wp","href":"https:\/\/api.w.org\/{rel}","templated":true}]}}