{"id":157915,"date":"2025-12-18T12:56:07","date_gmt":"2025-12-18T12:56:07","guid":{"rendered":"https:\/\/www.europesays.com\/pl\/157915\/"},"modified":"2025-12-18T12:56:07","modified_gmt":"2025-12-18T12:56:07","slug":"wystawili-tysiace-fikcyjnych-faktur-na-ponad-80-mln-zl-akcja-sluzb","status":"publish","type":"post","link":"https:\/\/www.europesays.com\/pl\/157915\/","title":{"rendered":"Wystawili tysi\u0105ce fikcyjnych faktur na ponad 80 mln z\u0142. Akcja s\u0142u\u017cb"},"content":{"rendered":"<p class=\"ods-c-paragraph \">Kolejn\u0105 realizacj\u0119 w ramach \u015bledztwa w sprawie tzw. pustych faktur przeprowadzili <a href=\"https:\/\/wiadomosci.onet.pl\/cbsp\" id=\"7024a70b-1e33-49dd-a5f9-441b1570a9f1\" rel=\"nofollow noopener\" target=\"_blank\">funkcjonariusze CB\u015aP<\/a>, we wsp\u00f3\u0142pracy ze \u015al\u0105skim Urz\u0119dem Celno-Skarbowym w Katowicach. Post\u0119powanie prowadzone jest pod nadzorem zachodniopomorskiego wydzia\u0142u zamiejscowego Prokuratury Krajowej w Szczecinie.<\/p>\n<p>Wystawili ponad trzy tysi\u0105ce nierzetelnych faktur<\/p>\n<p class=\"ods-c-paragraph \">Mundurowi zatrzymali siedem os\u00f3b. \u2014 Zarzuca si\u0119 im wystawienie nierzetelnych faktur VAT na kwot\u0119 ponad 20 mln z\u0142, co doprowadzi\u0142o do uszczuplenia podatku VAT w wysoko\u015bci przekraczaj\u0105cej 6 mln z\u0142. Za zarzucane czyny grozi im kara do 15 lat pozbawienia wolno\u015bci \u2014 relacjonuje kom. Krzysztof Wrze\u015bniowski, rzecznik CB\u015aP.<\/p>\n<p class=\"ods-c-paragraph \">Sprawa dotyczy dzia\u0142alno\u015bci nieuczciwych firm funkcjonuj\u0105cych m.in. na terenie Sosnowca, Jaworzna, D\u0105browy G\u00f3rniczej, Tarnowskich G\u00f3r, Katowic oraz innych miejscowo\u015bci w kraju. Ustalenia \u015bledczych wskazuj\u0105, \u017ce przest\u0119pczy proceder by\u0142 prowadzony na szerok\u0105 skal\u0119 i mia\u0142 charakter zorganizowany.<\/p>\n<p>Dalszy ci\u0105g artyku\u0142u pod materia\u0142em wideo<\/p>\n<p> Ile os\u00f3b zosta\u0142o zatrzymanych w akcji? <\/p>\n<p> Jak\u0105 warto\u015b\u0107 mia\u0142y wystawione fikcyjne faktury? <\/p>\n<p> Kto by\u0142 szefem grupy przest\u0119pczej? <\/p>\n<p> Jakie s\u0105 potencjalne kary za pope\u0142nione przest\u0119pstwa? <\/p>\n<p class=\"ods-c-paragraph \">\u2014 Z dotychczas zgromadzonego materia\u0142u dowodowego wynika, \u017ce grupa przest\u0119pcza, wykorzystuj\u0105c kilkadziesi\u0105t podmiot\u00f3w gospodarczych, wprowadzi\u0142a do obrotu ponad trzy tysi\u0105ce nierzetelnych faktur o \u0142\u0105cznej warto\u015bci przekraczaj\u0105cej 80 mln z\u0142. Dokumenty te po\u015bwiadcza\u0142y nieprawd\u0119 i s\u0142u\u017cy\u0142y do nieuprawnionego obni\u017cania zobowi\u0105za\u0144 podatkowych przez rzeczywi\u015bcie dzia\u0142aj\u0105ce przedsi\u0119biorstwa \u2014 t\u0142umaczy kom. Wrze\u015bniowski.<\/p>\n<p class=\"ods-c-paragraph \">Z ustale\u0144 s\u0142u\u017cb wynika, \u017ce z fikcyjnych koszt\u00f3w skorzysta\u0142o kilkadziesi\u0105t firm. W \u015bledztwie wyst\u0119puj\u0119 \u0142\u0105cznie 46 podejrzanych. Zarzut kierowania zorganizowan\u0105 grup\u0105 przest\u0119pcz\u0105 us\u0142ysza\u0142 57-letni mieszkaniec Jaworzna, kt\u00f3ry \u2014 wed\u0142ug \u015bledczych \u2014 pe\u0142ni\u0142 kluczow\u0105 rol\u0119 w ca\u0142ym procederze.<\/p>\n<p>Szefem grupy prokurent sp\u00f3\u0142ek z bran\u017cy gastronomii i transportu<\/p>\n<p class=\"ods-c-paragraph \">\u2014 M\u0119\u017cczyzna by\u0142 wsp\u00f3lnikiem i prokurentem sp\u00f3\u0142ek formalnie zajmuj\u0105cych si\u0119 dzia\u0142alno\u015bci\u0105 gastronomiczn\u0105 oraz transportem drogowym. Ustalono, \u017ce pos\u0142u\u017cy\u0142 si\u0119 i wystawi\u0142 puste faktury o warto\u015bci oko\u0142o 23 mln z\u0142, doprowadzaj\u0105c do oszustw podatkowych w zakresie VAT i CIT na kwot\u0119 ponad 4 mln z\u0142. Decyzj\u0105 s\u0105du zosta\u0142 on tymczasowo aresztowany \u2014 informuje rzecznik CB\u015aP.<\/p>\n<p class=\"ods-c-paragraph \">Pozosta\u0142ym 45 osobom zatrzymanym w toku \u015bledztwa prokurator przedstawi\u0142 zarzuty m.in. udzia\u0142u w zorganizowanej grupie przest\u0119pczej oraz pope\u0142nienia przest\u0119pstw karno-skarbowych. W celu zabezpieczenia przysz\u0142ych kar i roszcze\u0144 Skarbu Pa\u0144stwa prokurator wyda\u0142 11 postanowie\u0144 o zastosowaniu zabezpiecze\u0144 maj\u0105tkowych na \u0142\u0105czn\u0105 kwot\u0119 przekraczaj\u0105c\u0105 1,5 mln z\u0142.<\/p>\n<p class=\"ods-c-paragraph \">\u2014 \u015aledztwo ma charakter rozwojowy. Funkcjonariusze nie wykluczaj\u0105 kolejnych zatrzyma\u0144 \u2014 podkre\u015bla Krzysztof Wrze\u015bniowski.<\/p>\n","protected":false},"excerpt":{"rendered":"Kolejn\u0105 realizacj\u0119 w ramach \u015bledztwa w sprawie tzw. pustych faktur przeprowadzili funkcjonariusze CB\u015aP, we wsp\u00f3\u0142pracy ze \u015al\u0105skim Urz\u0119dem&hellip;\n","protected":false},"author":2,"featured_media":157916,"comment_status":"","ping_status":"","sticky":false,"template":"","format":"standard","meta":{"footnotes":""},"categories":[12],"tags":[32,33,4383,28516,36,37,27,4320,34,35,28,31,48,25,46,5130,42,38,414,40,39,41,47,1887,29,30,10810,26],"class_list":{"0":"post-157915","1":"post","2":"type-post","3":"status-publish","4":"format-standard","5":"has-post-thumbnail","7":"category-polska","8":"tag-breaking-news","9":"tag-breakingnews","10":"tag-cbsp","11":"tag-faktury","12":"tag-featured-news","13":"tag-featurednews","14":"tag-headlines","15":"tag-katowice","16":"tag-latest-news","17":"tag-latestnews","18":"tag-naglowki","19":"tag-najwazniejsze-artykuly","20":"tag-nat_styl","21":"tag-news","22":"tag-omp","23":"tag-oszustwo","24":"tag-pl","25":"tag-poland","26":"tag-policja","27":"tag-polish","28":"tag-polska","29":"tag-polski","30":"tag-screening_general","31":"tag-slask","32":"tag-top-stories","33":"tag-topstories","34":"tag-vat","35":"tag-wiadomosci"},"share_on_mastodon":{"url":"https:\/\/pubeurope.com\/@pl\/115740684097130350","error":""},"_links":{"self":[{"href":"https:\/\/www.europesays.com\/pl\/wp-json\/wp\/v2\/posts\/157915","targetHints":{"allow":["GET"]}}],"collection":[{"href":"https:\/\/www.europesays.com\/pl\/wp-json\/wp\/v2\/posts"}],"about":[{"href":"https:\/\/www.europesays.com\/pl\/wp-json\/wp\/v2\/types\/post"}],"author":[{"embeddable":true,"href":"https:\/\/www.europesays.com\/pl\/wp-json\/wp\/v2\/users\/2"}],"replies":[{"embeddable":true,"href":"https:\/\/www.europesays.com\/pl\/wp-json\/wp\/v2\/comments?post=157915"}],"version-history":[{"count":0,"href":"https:\/\/www.europesays.com\/pl\/wp-json\/wp\/v2\/posts\/157915\/revisions"}],"wp:featuredmedia":[{"embeddable":true,"href":"https:\/\/www.europesays.com\/pl\/wp-json\/wp\/v2\/media\/157916"}],"wp:attachment":[{"href":"https:\/\/www.europesays.com\/pl\/wp-json\/wp\/v2\/media?parent=157915"}],"wp:term":[{"taxonomy":"category","embeddable":true,"href":"https:\/\/www.europesays.com\/pl\/wp-json\/wp\/v2\/categories?post=157915"},{"taxonomy":"post_tag","embeddable":true,"href":"https:\/\/www.europesays.com\/pl\/wp-json\/wp\/v2\/tags?post=157915"}],"curies":[{"name":"wp","href":"https:\/\/api.w.org\/{rel}","templated":true}]}}