{"id":157917,"date":"2025-12-18T12:57:11","date_gmt":"2025-12-18T12:57:11","guid":{"rendered":"https:\/\/www.europesays.com\/pl\/157917\/"},"modified":"2025-12-18T12:57:11","modified_gmt":"2025-12-18T12:57:11","slug":"ucieczka-ze-szpitala-psychiatrycznego-dwoch-funkcjonariuszy-powaznie-rannych-onet","status":"publish","type":"post","link":"https:\/\/www.europesays.com\/pl\/157917\/","title":{"rendered":"Ucieczka ze szpitala psychiatrycznego. Dw\u00f3ch funkcjonariuszy powa\u017cnie rannych &#8211; Onet"},"content":{"rendered":"<ol>\n<li><a href=\"https:\/\/news.google.com\/rss\/articles\/CBMi0gFBVV95cUxNYTgxaldvTkVFUnctU282MmRTbkRaWnFyckh0V3BzQjh3NXVYUXZSa1F6ZHVCd251RGc5OTduQS1IaUFEWnZFdHpBZV9ndTZ5dmx0WTVtalZST3htal91VHNTUlNacUdZU3BOVG9rX3hHWFRJZUJvRXVUS0pFYTFPX2VfYTZPcDBGVEtwZWVmN2otSVdCb1l5S3pKRTNoQlJXODdRWlNXdFVLQUdFNV9mZ2FYSmx5RWJ1ZlFYcDlBZlhlNm4xcG42QmRxM1lhSjFCYVE?oc=5\" target=\"_blank\" rel=\"nofollow noopener\">Ucieczka ze szpitala psychiatrycznego. Dw\u00f3ch funkcjonariuszy powa\u017cnie rannych<\/a>&nbsp;&nbsp;Onet<\/li>\n<li><a href=\"https:\/\/news.google.com\/rss\/articles\/CBMitAFBVV95cUxPY1NPRWhEamQ2aU5qeWlXSE8zdDRCV2lzZi1ERnZHSWFfZWZQUVMxbDdtLXM2bzhuMHBFZk4xc2ZJaTFuR0Ntc0FfbUhaZGtlLU9qMUJ3cHE2VUN6UlRROG1kNDNvMUg4ZVdJalF6dmtFZk1QOUNHSC10bGIyUnpwdFBOYV9MSi0wU2QyYURacWZJOUxZRWtZYm9FckJncFRabXA4OTdlRmtFa1FvcG9UOHRYeDY?oc=5\" target=\"_blank\" rel=\"nofollow noopener\">Uciek\u0142 ze szpitala psychiatrycznego. Policja zatrzyma\u0142a poszukiwanego<\/a>&nbsp;&nbsp;RMF24<\/li>\n<li><a href=\"https:\/\/news.google.com\/rss\/articles\/CBMiuAFBVV95cUxOai1EOWtiRjZ6djFFcC1IOWJnTWlPTEMwNGNtbWxqREpxRTNCUl9mSFBoY041N19XX3V0S25HOHVxSDgzakVjYmpVcy14SHN5ZlB0UE1oenF1OUxhaXd4WlRoUkVHQVhOemhPZW9mTTNlWUltZldEYkFKY2JocEp6NFBmREZpQm1rX2VmOU1MUmtXY0VtN3JRVnlHc01lcVUtSVU0N3lNMU5CcXB5Q0NHYVZkdGVpS0lv?oc=5\" target=\"_blank\" rel=\"nofollow noopener\">Ucieczka ze szpitala psychiatrycznego, ranni funkcjonariusze i post\u0119powanie wyja\u015bniaj\u0105ce w S\u0142u\u017cbie Wi\u0119ziennej<\/a>&nbsp;&nbsp;rzeszow.wyborcza.pl<\/li>\n<li><a href=\"https:\/\/news.google.com\/rss\/articles\/CBMiqgFBVV95cUxPLU5uUW4wTDYtdzNQa0tyOTdmU3V4QkJ2eWtSTFRGbnVEeUxHS2tzNS1QczZKZFowZlJSLXhwS0lJd2dzeFp0ZHJmX3R4dG1FS1JEWWY5dmtVYmVZdk85ODhRaEo5cXZoeXI1VV9mV2NwX0o4SFQ0MVRvd1VGWTE0MnhmeGFaYm41a0FTVXVBVWplOGY0ZDdtdVdHbHBoN2NrSHFhTHQ5cGpYdw?oc=5\" target=\"_blank\" rel=\"nofollow noopener\">Uciek\u0142 ze szpitala psychiatrycznego, jest ju\u017c w r\u0119kach policji<\/a>&nbsp;&nbsp;TVN24<\/li>\n<li><a href=\"https:\/\/news.google.com\/rss\/articles\/CBMivAFBVV95cUxNRzlSNzZzUDhUbjdOU2JrYXFpOV9MNHZ1UkZwc3h0M1dlUllnSzZDQ2JSVDk3Q1ZKcHZoMm42Z2k2V0VQMy1mMXp1eWxYaS02RHZpUVdvbU43b29kMzBIUGhyYjBDUjFUUDRmdzVOalZWSGdOR1gtOG96SjdKS2lfNUd1Yks3cml1TnVBX05vNGVLZ1ljS2FBOXVER0x3MFpxWnFRcTJSQzlUaU1MNlpZSElzY0hUVmdnYmJxNA?oc=5\" target=\"_blank\" rel=\"nofollow noopener\">Koniec ob\u0142awy na Podkarpaciu. &#8222;Podejrzany o zn\u0119canie si\u0119 nad rodzin\u0105&#8221;<\/a>&nbsp;&nbsp;o2.pl<\/li>\n<\/ol>\n","protected":false},"excerpt":{"rendered":"Ucieczka ze szpitala psychiatrycznego. Dw\u00f3ch funkcjonariuszy powa\u017cnie rannych&nbsp;&nbsp;Onet Uciek\u0142 ze szpitala psychiatrycznego. Policja zatrzyma\u0142a poszukiwanego&nbsp;&nbsp;RMF24 Ucieczka ze szpitala&hellip;\n","protected":false},"author":2,"featured_media":157918,"comment_status":"","ping_status":"","sticky":false,"template":"","format":"standard","meta":{"footnotes":""},"categories":[5],"tags":[32,33,244,36,37,27,67,34,35,28,31,53,25,52,68,51,55,42,38,251,40,39,41,47,15780,29,30,65,50,26,6984],"class_list":{"0":"post-157917","1":"post","2":"type-post","3":"status-publish","4":"format-standard","5":"has-post-thumbnail","7":"category-naglowki","8":"tag-breaking-news","9":"tag-breakingnews","10":"tag-ctr_tst","11":"tag-featured-news","12":"tag-featurednews","13":"tag-headlines","14":"tag-intextvideo_splayer","15":"tag-latest-news","16":"tag-latestnews","17":"tag-naglowki","18":"tag-najwazniejsze-artykuly","19":"tag-new_header","20":"tag-news","21":"tag-onet3","22":"tag-onet3d","23":"tag-onet3d_2i","24":"tag-phx","25":"tag-pl","26":"tag-poland","27":"tag-policja_policjanci_policjant_policjantka_policjantki","28":"tag-polish","29":"tag-polska","30":"tag-polski","31":"tag-screening_general","32":"tag-szpital_psychiatryczny","33":"tag-top-stories","34":"tag-topstories","35":"tag-update_me","36":"tag-v2021","37":"tag-wiadomosci","38":"tag-wiezienie_areszt_wiezien_wiezniowie_wiezniarka_sluzba_wiezienna"},"share_on_mastodon":{"url":"","error":"Validation failed: Text character limit of 500 exceeded"},"_links":{"self":[{"href":"https:\/\/www.europesays.com\/pl\/wp-json\/wp\/v2\/posts\/157917","targetHints":{"allow":["GET"]}}],"collection":[{"href":"https:\/\/www.europesays.com\/pl\/wp-json\/wp\/v2\/posts"}],"about":[{"href":"https:\/\/www.europesays.com\/pl\/wp-json\/wp\/v2\/types\/post"}],"author":[{"embeddable":true,"href":"https:\/\/www.europesays.com\/pl\/wp-json\/wp\/v2\/users\/2"}],"replies":[{"embeddable":true,"href":"https:\/\/www.europesays.com\/pl\/wp-json\/wp\/v2\/comments?post=157917"}],"version-history":[{"count":0,"href":"https:\/\/www.europesays.com\/pl\/wp-json\/wp\/v2\/posts\/157917\/revisions"}],"wp:featuredmedia":[{"embeddable":true,"href":"https:\/\/www.europesays.com\/pl\/wp-json\/wp\/v2\/media\/157918"}],"wp:attachment":[{"href":"https:\/\/www.europesays.com\/pl\/wp-json\/wp\/v2\/media?parent=157917"}],"wp:term":[{"taxonomy":"category","embeddable":true,"href":"https:\/\/www.europesays.com\/pl\/wp-json\/wp\/v2\/categories?post=157917"},{"taxonomy":"post_tag","embeddable":true,"href":"https:\/\/www.europesays.com\/pl\/wp-json\/wp\/v2\/tags?post=157917"}],"curies":[{"name":"wp","href":"https:\/\/api.w.org\/{rel}","templated":true}]}}