{"id":157919,"date":"2025-12-18T12:58:09","date_gmt":"2025-12-18T12:58:09","guid":{"rendered":"https:\/\/www.europesays.com\/pl\/157919\/"},"modified":"2025-12-18T12:58:09","modified_gmt":"2025-12-18T12:58:09","slug":"ten-transfer-moze-wstrzasnac-f1-dwie-gwiazdy-na-celowniku","status":"publish","type":"post","link":"https:\/\/www.europesays.com\/pl\/157919\/","title":{"rendered":"Ten transfer mo\u017ce wstrz\u0105sn\u0105\u0107 F1. Dwie gwiazdy na celowniku"},"content":{"rendered":"\n<p class=\"contentpart contentpart--default contentpart--text\" data-position=\"0\"><a href=\"https:\/\/sportowefakty.wp.pl\/wyscigi-samochodowe\/fernando-alonso\" rel=\"nofollow noopener\" target=\"_blank\">Fernando Alonso<\/a>\u00a0ju\u017c za kilka miesi\u0119cy sko\u0144czy 45 lat. Dlatego w padoku <a href=\"https:\/\/sportowefakty.wp.pl\/formula-1\" rel=\"nofollow noopener\" target=\"_blank\">Formu\u0142y 1<\/a>\u00a0coraz g\u0142o\u015bniej m\u00f3wi si\u0119 o tym, \u017ce sezon 2026 mo\u017ce by\u0107 jego ostatnim w karierze. Zw\u0142aszcza je\u015bli oka\u017ce si\u0119, \u017ce <a href=\"https:\/\/sportowefakty.wp.pl\/wyscigi-samochodowe\/sahara-force-india-f1-team\" rel=\"nofollow noopener\" target=\"_blank\">Aston Martin<\/a>\u00a0nie zbudowa\u0142 zwyci\u0119skiego bolidu. Hiszpan mo\u017ce nie mie\u0107 motywacji, aby czeka\u0107 kilka kolejnych lat na pr\u00f3b\u0119 zdobycia trzeciego tytu\u0142u mistrzowskiego w F1.<\/p>\n<p class=\"contentpart contentpart--default contentpart--text\" data-position=\"1\">Utrata kierowcy z Oviedo by\u0142aby olbrzymim ciosem dla stajni z Silverstone. Zesp\u00f3\u0142 nale\u017c\u0105cy do miliardera <a href=\"https:\/\/sportowefakty.wp.pl\/formula-1\/lawrence-stroll\" rel=\"nofollow noopener\" target=\"_blank\">Lawrence&#8217;a Strolla<\/a>\u00a0ma olbrzymie ambicje, wi\u0119c potrzebuje kierowcy ze \u015bwiatowej czo\u0142\u00f3wki. Takim na pewno nie jest <a href=\"https:\/\/sportowefakty.wp.pl\/wyscigi-samochodowe\/lance-stroll\" rel=\"nofollow noopener\" target=\"_blank\">Lance Stroll<\/a>. Syn w\u0142a\u015bciciela Astona Martina ma miejsce w F1 wy\u0142\u0105cznie ze wzgl\u0119du na maj\u0105tek ojca.<\/p>\n<p> <img role=\"presentation\" src=\"https:\/\/std.wpcdn.pl\/images\/adv\/placeholder_wp.svg\" loading=\"lazy\" alt=\"\" decoding=\"async\"\/>  <\/p>\n<p class=\"contentpart contentpart--default contentpart--text\" data-position=\"2\">ZOBACZ WIDEO: Kadra, relacje z Lewandowskim i Urbanem. Jerzy Brz\u0119czek go\u015bciem WP SportoweFakty<\/p>\n<p class=\"contentpart contentpart--default contentpart--text\" data-position=\"4\">Na celowniku Astona Martina s\u0105 <a href=\"https:\/\/sportowefakty.wp.pl\/wyscigi-samochodowe\/max-verstappen\" rel=\"nofollow noopener\" target=\"_blank\">Max Verstappen<\/a>\u00a0i <a href=\"https:\/\/sportowefakty.wp.pl\/wyscigi-samochodowe\/charles-leclerc\" rel=\"nofollow noopener\" target=\"_blank\">Charles Leclerc<\/a>\u00a0&#8211; wynika z ustale\u0144 dziennikarza <a href=\"https:\/\/sportowefakty.wp.pl\/wyscigi-samochodowe\/ted-kravitz\" rel=\"nofollow noopener\" target=\"_blank\">Teda Kravitza<\/a>. O losach obu kierowc\u00f3w mog\u0105 zadecydowa\u0107 rezultaty sezonu 2026. Je\u015bli <a href=\"https:\/\/sportowefakty.wp.pl\/wyscigi-samochodowe\/infiniti-red-bull-racing\" rel=\"nofollow noopener\" target=\"_blank\">Red Bull Racing<\/a>\u00a0i <a href=\"https:\/\/sportowefakty.wp.pl\/wyscigi-samochodowe\/scuderia-ferrari\" rel=\"nofollow noopener\" target=\"_blank\">Ferrari<\/a>\u00a0nie stworz\u0105 konkurencyjnych maszyn po zmianie przepis\u00f3w w F1, Verstappen i Leclerc b\u0119d\u0105 mogli przedwcze\u015bnie zmieni\u0107 pracodawc\u0119.<\/p>\n<p class=\"contentpart contentpart--default contentpart--text\" data-position=\"5\">W trudniejszej sytuacji jest Monakijczyk. 28-latek czeka na mistrzowski bolid od momentu do\u0142\u0105czenia do Ferrari w 2019 roku i jak dot\u0105d nie mia\u0142 realnej szansy na walk\u0119 o tytu\u0142. W minionym sezonie Leclerc kilkukrotnie stan\u0105\u0142 na podium, ale Ferrari nie wygra\u0142o ani jednego wy\u015bcigu i spad\u0142o w &#8222;generalce&#8221; konstruktor\u00f3w z drugiej na czwart\u0105 pozycj\u0119.<\/p>\n<p class=\"contentpart contentpart--default contentpart--text\" data-position=\"6\">Chocia\u017c Leclerc wielokrotnie zapewnia\u0142 o mi\u0142o\u015bci do Ferrari, to jego uczucie zostanie wystawione na pr\u00f3b\u0119, je\u015bli po kilku wy\u015bcigach sezonu 2026 oka\u017ce si\u0119, \u017ce czerwony bolid zn\u00f3w odstaje od konkurencji. &#8211; Nie zapominajmy o Charlesie. Jego mened\u017cer po przerwie wakacyjnej w minionym sezonie zacz\u0105\u0142 m\u00f3wi\u0107 o tym, \u017ce nadszed\u0142 czas, aby Leclerc znalaz\u0142 si\u0119 w aucie godnym mistrzostwa &#8211; powiedzia\u0142 Kravitz w podca\u015bcie &#8222;F1 Show&#8221;.<\/p>\n<p> <img role=\"presentation\" src=\"https:\/\/std.wpcdn.pl\/images\/adv\/placeholder_wp.svg\" loading=\"lazy\" alt=\"\" decoding=\"async\"\/>  <\/p>\n<p class=\"contentpart contentpart--default contentpart--text\" data-position=\"7\">&#8211; Mened\u017cer Leclerca potencjalnie rozgl\u0105da si\u0119 za miejscem w innym zespole. Nawet je\u015bli Charles podpisa\u0142 kontrakt z Ferrari do ko\u0144ca 2028 roku, to mo\u017ce si\u0119 okaza\u0107, \u017ce opu\u015bci zesp\u00f3\u0142 wcze\u015bniej ni\u017c Hamilton &#8211; doda\u0142 dziennikarz Sky Sports.<\/p>\n<p class=\"contentpart contentpart--default contentpart--text\" data-position=\"8\">Leclerca do transferu mo\u017ce przekona\u0107 wizja rozwoju Astona Martina. Lawrence Stroll zainwestowa\u0142 w sw\u00f3j zesp\u00f3\u0142 kilkaset milion\u00f3w dolar\u00f3w. Budowa nowej fabryki w Silverstone poch\u0142on\u0119\u0142\u0105 ponad 250 mln dolar\u00f3w, a dodatkowo miliarder nam\u00f3wi\u0142 do wsp\u00f3\u0142pracy <a href=\"https:\/\/sportowefakty.wp.pl\/wyscigi-samochodowe\/adrian-newey\" rel=\"nofollow noopener\" target=\"_blank\">Adriana Neweya<\/a>.\u00a0Brytyjczyk uwa\u017cany jest za najlepszego in\u017cyniera w dziejach F1. Newey na przestrzeni lat wsp\u00f3\u0142tworzy\u0142 zwyci\u0119skie konstrukcje Williamsa, McLarena i Red Bulla.<\/p>\n<p class=\"contentpart contentpart--default contentpart--text\" data-position=\"9\">&#8211; Leclerc by\u0142 w tym roku znakomity. Jest gotowy, by zdoby\u0107 mistrzostwo, ale dok\u0105d m\u00f3g\u0142by p\u00f3j\u015b\u0107? By\u0107 mo\u017ce, je\u015bli Aston Martin z autem zaprojektowanym przez Neweya i silnikiem Hondy za kilka lat b\u0119dzie mocny i nie pozyska Verstappena, to wstawi\u0142bym tam w\u0142a\u015bnie Leclerca &#8211; podsumowa\u0142 Kravitz.<\/p>\n<p> <img role=\"presentation\" src=\"https:\/\/std.wpcdn.pl\/images\/adv\/placeholder_wp.svg\" loading=\"lazy\" alt=\"\" decoding=\"async\"\/>  <\/p>\n<p class=\"contentpart contentpart--default contentpart--text\" data-position=\"10\">Gdyby Ferrari straci\u0142o swojego lidera, musia\u0142oby poszuka\u0107 godnego nast\u0119pcy Monakijczyka. Ju\u017c teraz w tym kontek\u015bcie wymienia si\u0119 <a href=\"https:\/\/sportowefakty.wp.pl\/moto\/oscar-piastri\" rel=\"nofollow noopener\" target=\"_blank\">Oscara Piastriego<\/a>\u00a0z <a href=\"https:\/\/sportowefakty.wp.pl\/wyscigi-samochodowe\/mclaren-honda\" rel=\"nofollow noopener\" target=\"_blank\">McLarena<\/a>, kt\u00f3ry w sezonie 2025 przegra\u0142 o w\u0142os walk\u0119 o tytu\u0142 mistrza \u015bwiata F1 z <a href=\"https:\/\/sportowefakty.wp.pl\/formula-1\/lando-norris\" rel=\"nofollow noopener\" target=\"_blank\">Lando Norrisem<\/a>.<\/p>\n","protected":false},"excerpt":{"rendered":"Fernando Alonso\u00a0ju\u017c za kilka miesi\u0119cy sko\u0144czy 45 lat. Dlatego w padoku Formu\u0142y 1\u00a0coraz g\u0142o\u015bniej m\u00f3wi si\u0119 o tym,&hellip;\n","protected":false},"author":2,"featured_media":157920,"comment_status":"","ping_status":"","sticky":false,"template":"","format":"standard","meta":{"footnotes":""},"categories":[24],"tags":[31372,3819,2892,2901,2897,42,38,40,39,41,2896,127,126,750,2902],"class_list":{"0":"post-157919","1":"post","2":"type-post","3":"status-publish","4":"format-standard","5":"has-post-thumbnail","7":"category-sport","8":"tag-aston-martin","9":"tag-charles-leclerc","10":"tag-ferrari","11":"tag-formula-1","12":"tag-max-verstappen","13":"tag-pl","14":"tag-poland","15":"tag-polish","16":"tag-polska","17":"tag-polski","18":"tag-red-bull-racing","19":"tag-sport","20":"tag-sports","21":"tag-sporty-motorowe","22":"tag-wyscigi-samochodowe"},"share_on_mastodon":{"url":"https:\/\/pubeurope.com\/@pl\/115740693194607432","error":""},"_links":{"self":[{"href":"https:\/\/www.europesays.com\/pl\/wp-json\/wp\/v2\/posts\/157919","targetHints":{"allow":["GET"]}}],"collection":[{"href":"https:\/\/www.europesays.com\/pl\/wp-json\/wp\/v2\/posts"}],"about":[{"href":"https:\/\/www.europesays.com\/pl\/wp-json\/wp\/v2\/types\/post"}],"author":[{"embeddable":true,"href":"https:\/\/www.europesays.com\/pl\/wp-json\/wp\/v2\/users\/2"}],"replies":[{"embeddable":true,"href":"https:\/\/www.europesays.com\/pl\/wp-json\/wp\/v2\/comments?post=157919"}],"version-history":[{"count":0,"href":"https:\/\/www.europesays.com\/pl\/wp-json\/wp\/v2\/posts\/157919\/revisions"}],"wp:featuredmedia":[{"embeddable":true,"href":"https:\/\/www.europesays.com\/pl\/wp-json\/wp\/v2\/media\/157920"}],"wp:attachment":[{"href":"https:\/\/www.europesays.com\/pl\/wp-json\/wp\/v2\/media?parent=157919"}],"wp:term":[{"taxonomy":"category","embeddable":true,"href":"https:\/\/www.europesays.com\/pl\/wp-json\/wp\/v2\/categories?post=157919"},{"taxonomy":"post_tag","embeddable":true,"href":"https:\/\/www.europesays.com\/pl\/wp-json\/wp\/v2\/tags?post=157919"}],"curies":[{"name":"wp","href":"https:\/\/api.w.org\/{rel}","templated":true}]}}