{"id":157943,"date":"2025-12-18T13:12:06","date_gmt":"2025-12-18T13:12:06","guid":{"rendered":"https:\/\/www.europesays.com\/pl\/157943\/"},"modified":"2025-12-18T13:12:06","modified_gmt":"2025-12-18T13:12:06","slug":"to-dlatego-maciej-rybus-nie-wroci-do-polski-nie-ma-juz-zadnych-zludzen-przeglad-sportowy-onet","status":"publish","type":"post","link":"https:\/\/www.europesays.com\/pl\/157943\/","title":{"rendered":"To dlatego Maciej Rybus nie wr\u00f3ci do Polski. Nie ma ju\u017c \u017cadnych z\u0142udze\u0144 &#8211; Przegl\u0105d Sportowy Onet"},"content":{"rendered":"<ol>\n<li><a href=\"https:\/\/news.google.com\/rss\/articles\/CBMiwAFBVV95cUxQcXNmWUgzNzJIeF91eTZCelVST1hmYjl1SXBFR1pJaGd0UFN1OTllcFF2cnl6U2JQZU1VUEVJSVA5azBIQTI1T3I4ZjdXTWJtb25tVGtTMlJxVWJLSFB2Y0xXTGVMbDlwVlZhSi1lX3ZVdl9YUnJfVzdUX3hSYlp5ZG45NlVkdWE0Z1VxYkloU2piZDdQZi16NUZOLUJsVkEwZlhpSXE4R0o3azNRNGRESHUzYkxBU3duenpoX3MtQ2U?oc=5\" target=\"_blank\" rel=\"nofollow noopener\">To dlatego Maciej Rybus nie wr\u00f3ci do Polski. Nie ma ju\u017c \u017cadnych z\u0142udze\u0144<\/a>&nbsp;&nbsp;Przegl\u0105d Sportowy Onet<\/li>\n<li><a href=\"https:\/\/news.google.com\/rss\/articles\/CBMisgFBVV95cUxNVkNXeW9kQ194dUtIZmRpelhjOGpyRVZMMW5yQ0dqQlBYbG43MElDMUFfSFpUMTRZX0wtdFlfZmFDVnFOanAza0dQMHpmbnFpWEFmQnVPSEI2MzZ5ODFoNlNodVNYZGNJWjhUYk5qR3F2ZU1GWTctNzBCcGhjWDFxSGNDenQ0TDZyM1djdnQ4dTQ4d2VCYmNKZTQ5aFlXWkRLeG51RGhyczMxblNNMUNpZldR?oc=5\" target=\"_blank\" rel=\"nofollow noopener\">Maciej Rybus wrzuci\u0142 zdj\u0119cie z SYNAMI! Niedawno rozwi\u00f3d\u0142 si\u0119 z \u017con\u0105 (FOTO)<\/a>&nbsp;&nbsp;Pudelek<\/li>\n<li><a href=\"https:\/\/news.google.com\/rss\/articles\/CBMiogFBVV95cUxQZkhvVXQyVEdocnJkbkdyRXJzVXhVYW4xSVJxR182N19UdGJ6TlJZU2dZbFRlN0p1QnVsZ2ZDTm43Tk1wMnE3RDlnSjM4R0xwS29iVDh2d0ZPRFJMaW9GZnQ2MHFhT3FsM2UxV0NPUG5hMTVhMHUzWmNUMnIxRURla2ZlSzVNeUpKc2ZQcXZRemVTeXloMU5rUEpZN0tuQUVKY0E?oc=5\" target=\"_blank\" rel=\"nofollow noopener\">Rybus szczerze o swojej karierze. &#8222;Mo\u017ce dobiega\u0107 ko\u0144ca&#8221;<\/a>&nbsp;&nbsp;SportoweFakty<\/li>\n<li><a href=\"https:\/\/news.google.com\/rss\/articles\/CBMihgJBVV95cUxPRnN0V2c1VFdRWnRCcnJlQW4zdHYxZ2ZfVWNVZ0tZUlh6SmtLMG5PTC0wV1p6SVVDQXNLTGRJZlZNRjd5SnBRRW1aRXhZaGk0dTlWdnBKR3hKb1J0UjlwcWptZnhDX2xKQXltTExJYUhUNXlmd3RWNUZwdGRRU0pDVjJmTmNtbFF4UHRmdW83RklsSF9NYms4X2Z4eGxLOUNTMlNiTkE1NFBNTE5rMXFFWmZaaFRtMVQ3X2FnMkFTckxlTFFHUGZ2Rl9lY1BPVk4zTzhPQTQyY2NBTnp4Qzk4UFpjRVJITldEejc4aFlIRnY0R3A4WE51TFFFQnZFZFFiOTlNUV9R?oc=5\" target=\"_blank\" rel=\"nofollow noopener\">By\u0142a \u017cona Macieja Rybusa odkrywa r\u00f3\u017cne zakamarki swojego cia\u0142a. Urod\u0105 czaruje nie tylko pi\u0142karzy<\/a>&nbsp;&nbsp;Super Express<\/li>\n<li><a href=\"https:\/\/news.google.com\/rss\/articles\/CBMiuAFBVV95cUxPR25kUFBtTVFYN0VnZ3hBQkpvQll5eE4xYkxHaDM5ZG9lOHozTWdHbzItdHFDQ1lRb2ROZUc3UXVwOWVsc3AtTTdBdnVFSWFRdUZvV1Bhajl4aWdYakk5OFpna2VPd2hwSDJXU1kyNGpfUFJ4QVFGYnhlVTU1ZDRWdjVaQmt2R0d0Ry1WRFF4aHJLWXp6cDZkQXFRV1NyYWNCaUJjQ1BmOGdidVd0N1pJakY3dzRycnNG?oc=5\" target=\"_blank\" rel=\"nofollow noopener\">A jednak to nie plotki. Rybus oficjalnie potwierdza. I wprost og\u0142asza ws. Polski i Rosji<\/a>&nbsp;&nbsp;Sport w INTERIA.PL<\/li>\n<\/ol>\n","protected":false},"excerpt":{"rendered":"To dlatego Maciej Rybus nie wr\u00f3ci do Polski. Nie ma ju\u017c \u017cadnych z\u0142udze\u0144&nbsp;&nbsp;Przegl\u0105d Sportowy Onet Maciej Rybus wrzuci\u0142&hellip;\n","protected":false},"author":2,"featured_media":157944,"comment_status":"","ping_status":"","sticky":false,"template":"","format":"standard","meta":{"footnotes":""},"categories":[24],"tags":[67,26909,7953,948,42,38,40,39,41,136,128,87,47,127,135,126,130],"class_list":{"0":"post-157943","1":"post","2":"type-post","3":"status-publish","4":"format-standard","5":"has-post-thumbnail","7":"category-sport","8":"tag-intextvideo_splayer","9":"tag-maciej_rybus","10":"tag-mariusz_piekarski","11":"tag-pilka_nozna","12":"tag-pl","13":"tag-poland","14":"tag-polish","15":"tag-polska","16":"tag-polski","17":"tag-ps_detal_new","18":"tag-psv2","19":"tag-rosja","20":"tag-screening_general","21":"tag-sport","22":"tag-sport_sport","23":"tag-sports","24":"tag-wiadomosci_sportowe"},"share_on_mastodon":{"url":"https:\/\/pubeurope.com\/@pl\/115740747062265919","error":""},"_links":{"self":[{"href":"https:\/\/www.europesays.com\/pl\/wp-json\/wp\/v2\/posts\/157943","targetHints":{"allow":["GET"]}}],"collection":[{"href":"https:\/\/www.europesays.com\/pl\/wp-json\/wp\/v2\/posts"}],"about":[{"href":"https:\/\/www.europesays.com\/pl\/wp-json\/wp\/v2\/types\/post"}],"author":[{"embeddable":true,"href":"https:\/\/www.europesays.com\/pl\/wp-json\/wp\/v2\/users\/2"}],"replies":[{"embeddable":true,"href":"https:\/\/www.europesays.com\/pl\/wp-json\/wp\/v2\/comments?post=157943"}],"version-history":[{"count":0,"href":"https:\/\/www.europesays.com\/pl\/wp-json\/wp\/v2\/posts\/157943\/revisions"}],"wp:featuredmedia":[{"embeddable":true,"href":"https:\/\/www.europesays.com\/pl\/wp-json\/wp\/v2\/media\/157944"}],"wp:attachment":[{"href":"https:\/\/www.europesays.com\/pl\/wp-json\/wp\/v2\/media?parent=157943"}],"wp:term":[{"taxonomy":"category","embeddable":true,"href":"https:\/\/www.europesays.com\/pl\/wp-json\/wp\/v2\/categories?post=157943"},{"taxonomy":"post_tag","embeddable":true,"href":"https:\/\/www.europesays.com\/pl\/wp-json\/wp\/v2\/tags?post=157943"}],"curies":[{"name":"wp","href":"https:\/\/api.w.org\/{rel}","templated":true}]}}