{"id":157960,"date":"2025-12-18T13:21:13","date_gmt":"2025-12-18T13:21:13","guid":{"rendered":"https:\/\/www.europesays.com\/pl\/157960\/"},"modified":"2025-12-18T13:21:13","modified_gmt":"2025-12-18T13:21:13","slug":"gmail-wysle-do-ciebie-maila-za-ponad-1200-zlotych-miesiecznie-google-rusza-z-nowym-programem","status":"publish","type":"post","link":"https:\/\/www.europesays.com\/pl\/157960\/","title":{"rendered":"Gmail wy\u015ble do ciebie maila za ponad 1200 z\u0142otych miesi\u0119cznie. Google rusza z nowym programem"},"content":{"rendered":"<p>Google w\u0142a\u015bnie wystartowa\u0142o z wa\u017cnym eksperymentem, kt\u00f3ry je\u015bli si\u0119 powiedzie, na zawsze zmieni Gmaila. Rozpocz\u0119\u0142y si\u0119 ograniczone testy CC, czyli nowego asystenta AI dzia\u0142aj\u0105cego bezpo\u015brednio w poczcie e-mail.<\/p>\n<p>Jak CC b\u0119dzie dzia\u0142a\u0107 w Gmailu?<\/p>\n<p>CC \u0142\u0105czy si\u0119 nie tylko z poczt\u0105, ale te\u017c Dyskiem i <a href=\"https:\/\/android.com.pl\/tech\/820827-kalendarz-google-flairs-ozdobniki\/\" rel=\"nofollow noopener\" target=\"_blank\">Kalendarzem Google<\/a>. Dzi\u0119ki temu asystent mo\u017ce codziennie wys\u0142a\u0107 u\u017cytkownikowi maila, kt\u00f3ry podsumuje najwa\u017cniejsze aktywno\u015bci zaplanowane na dany dzie\u0144.<\/p>\n<p>Dzia\u0142anie nowego asystenta na wideo.<\/p>\n<p>Na tym jednak zastosowanie CC si\u0119 nie ko\u0144czy. Z asystentem mo\u017cna konwersowa\u0107 przez wiadomo\u015bci e-mail, dzi\u0119ki czemu dostosuje si\u0119 on bardziej do u\u017cytkownika. Mo\u017cemy mu samodzielnie rozpisa\u0107 czynno\u015bci wymagaj\u0105ce przypomnienia lub te\u017c zoptymalizowa\u0107 go z my\u015bl\u0105 o nast\u0119pnych dniach.<\/p>\n<p>Niestety, polscy u\u017cytkownicy Gmaila nie b\u0119d\u0105 mogli jeszcze sprawdzi\u0107 CC w akcji. Asystent zosta\u0142 udost\u0119pniony jako eksperyment tylko w Stanach Zjednoczonych i Kanadzie, od 18. roku \u017cycia. Najpierw otrzymaj\u0105 dost\u0119p ci, kt\u00f3rzy p\u0142ac\u0105 za <a href=\"https:\/\/android.com.pl\/tech\/930444-nowa-subskrypcja-google-ai-pro-1000-zl\/\" rel=\"nofollow noopener\" target=\"_blank\">Google AI Ultra<\/a>, kosztuj\u0105ce 1229,99 z\u0142otych miesi\u0119cznie.<\/p>\n<p>\u0179r\u00f3d\u0142o: Google \/ YouTube. Zdj\u0119cie otwieraj\u0105ce: Jess rodriguez \/ Adobe Stock<\/p>\n<p class=\"has-small-font-size\">Cz\u0119\u015b\u0107 odno\u015bnik\u00f3w to linki afiliacyjne lub linki do ofert naszych partner\u00f3w. Po klikni\u0119ciu mo\u017cesz zapozna\u0107 si\u0119 z cen\u0105 i dost\u0119pno\u015bci\u0105 wybranego przez nas produktu \u2013 nie ponosisz \u017cadnych koszt\u00f3w, a jednocze\u015bnie wspierasz niezale\u017cno\u015b\u0107 zespo\u0142u redakcyjnego.<\/p>\n","protected":false},"excerpt":{"rendered":"Google w\u0142a\u015bnie wystartowa\u0142o z wa\u017cnym eksperymentem, kt\u00f3ry je\u015bli si\u0119 powiedzie, na zawsze zmieni Gmaila. Rozpocz\u0119\u0142y si\u0119 ograniczone testy&hellip;\n","protected":false},"author":2,"featured_media":157961,"comment_status":"","ping_status":"","sticky":false,"template":"","format":"standard","meta":{"footnotes":""},"categories":[20],"tags":[120,118,119,42,38,40,39,41,116,114,115,121,117],"class_list":{"0":"post-157960","1":"post","2":"type-post","3":"status-publish","4":"format-standard","5":"has-post-thumbnail","7":"category-nauka-i-technika","8":"tag-nauka","9":"tag-nauka-i-technika","10":"tag-naukatechnika","11":"tag-pl","12":"tag-poland","13":"tag-polish","14":"tag-polska","15":"tag-polski","16":"tag-science","17":"tag-science-and-technology","18":"tag-sciencetechnology","19":"tag-technika","20":"tag-technology"},"share_on_mastodon":{"url":"https:\/\/pubeurope.com\/@pl\/115740782557010632","error":""},"_links":{"self":[{"href":"https:\/\/www.europesays.com\/pl\/wp-json\/wp\/v2\/posts\/157960","targetHints":{"allow":["GET"]}}],"collection":[{"href":"https:\/\/www.europesays.com\/pl\/wp-json\/wp\/v2\/posts"}],"about":[{"href":"https:\/\/www.europesays.com\/pl\/wp-json\/wp\/v2\/types\/post"}],"author":[{"embeddable":true,"href":"https:\/\/www.europesays.com\/pl\/wp-json\/wp\/v2\/users\/2"}],"replies":[{"embeddable":true,"href":"https:\/\/www.europesays.com\/pl\/wp-json\/wp\/v2\/comments?post=157960"}],"version-history":[{"count":0,"href":"https:\/\/www.europesays.com\/pl\/wp-json\/wp\/v2\/posts\/157960\/revisions"}],"wp:featuredmedia":[{"embeddable":true,"href":"https:\/\/www.europesays.com\/pl\/wp-json\/wp\/v2\/media\/157961"}],"wp:attachment":[{"href":"https:\/\/www.europesays.com\/pl\/wp-json\/wp\/v2\/media?parent=157960"}],"wp:term":[{"taxonomy":"category","embeddable":true,"href":"https:\/\/www.europesays.com\/pl\/wp-json\/wp\/v2\/categories?post=157960"},{"taxonomy":"post_tag","embeddable":true,"href":"https:\/\/www.europesays.com\/pl\/wp-json\/wp\/v2\/tags?post=157960"}],"curies":[{"name":"wp","href":"https:\/\/api.w.org\/{rel}","templated":true}]}}