{"id":157968,"date":"2025-12-18T13:25:11","date_gmt":"2025-12-18T13:25:11","guid":{"rendered":"https:\/\/www.europesays.com\/pl\/157968\/"},"modified":"2025-12-18T13:25:11","modified_gmt":"2025-12-18T13:25:11","slug":"tak-25-latek-uciekl-ze-szpitala-psychiatrycznego-nowe-szczegoly-onet","status":"publish","type":"post","link":"https:\/\/www.europesays.com\/pl\/157968\/","title":{"rendered":"Tak 25-latek uciek\u0142 ze szpitala psychiatrycznego. Nowe szczeg\u00f3\u0142y &#8211; Onet"},"content":{"rendered":"<ol>\n<li><a href=\"https:\/\/news.google.com\/rss\/articles\/CBMi1AFBVV95cUxPSHF3Q1Fvd1VreWZaRUdFaTNnVHBLM3IyM25PN182a0ViQUc1c09jYlZIX0xwOUFOVU9sOGR6cGJ3SjdlRWs5RVQzaGdjQkw4aDlsaktudXNrVFNrck1TSmVHdEV1RVI2T1BWWktoSW4xdWdteTlzSmhOOW5Pc05abi1seXk4YURJU1pnYWpCQUdza2M0MWFXVHZ4SFBrQmw3U1h4UmZzM2sxMmliemJPc3otejhsMXFmMGYyX19Sb0lhYXJGV3RZVFpPQi1DbmlUaU4tYg?oc=5\" target=\"_blank\" rel=\"nofollow noopener\">Tak 25-latek uciek\u0142 ze szpitala psychiatrycznego. Nowe szczeg\u00f3\u0142y<\/a>&nbsp;&nbsp;Onet<\/li>\n<li><a href=\"https:\/\/news.google.com\/rss\/articles\/CBMivAFBVV95cUxQY0ItT1g1dmJFYkk4NnBHbHB2QUNFZUxTTmlxUWlQTXFqbnFZbUltYkVwa0V1RlVZUS1oeENFQnJKS19Xb2NNVWFZc0xmdEhyZFRubkc4VTFJeTVCRmRCbkpDaXMzaDU4VFUtSENGT0paSkRUQkt6YUU1SVNEWXRhc21hLV9ZT3ZJWmw1NHJzSGdTNl9MSmJVM2xaeGVKNTFKUk5ramYyRFZRRHdJTXkxMVp4ZFJFRlhSVUMwSw?oc=5\" target=\"_blank\" rel=\"nofollow noopener\">Policja zatrzyma\u0142a 25-latka, kt\u00f3ry uciek\u0142 ze szpitala psychiatrycznego<\/a>&nbsp;&nbsp;Gazeta<\/li>\n<li><a href=\"https:\/\/news.google.com\/rss\/articles\/CBMitAFBVV95cUxPY1NPRWhEamQ2aU5qeWlXSE8zdDRCV2lzZi1ERnZHSWFfZWZQUVMxbDdtLXM2bzhuMHBFZk4xc2ZJaTFuR0Ntc0FfbUhaZGtlLU9qMUJ3cHE2VUN6UlRROG1kNDNvMUg4ZVdJalF6dmtFZk1QOUNHSC10bGIyUnpwdFBOYV9MSi0wU2QyYURacWZJOUxZRWtZYm9FckJncFRabXA4OTdlRmtFa1FvcG9UOHRYeDY?oc=5\" target=\"_blank\" rel=\"nofollow noopener\">Uciek\u0142 ze szpitala psychiatrycznego. Policja zatrzyma\u0142a poszukiwanego<\/a>&nbsp;&nbsp;RMF24<\/li>\n<li><a href=\"https:\/\/news.google.com\/rss\/articles\/CBMipwFBVV95cUxQTThHMm5leF8zd0hNSW1qRFpqTlhmLTZ4Q1dKNDJYX296Nlpyd1BCd2ZzMjhnVXBQTUJMNnVvdGRMRldKQ1JZX2ZPQWk0amludDJJOVlleE1KRjN0NWUtdmRUTVhhZWh3T0dHcnNvZnUweWEwUGhqdnJMUHlnTW9xeDZsSGpxTkFDQWxsdXVJdjhYV1hRd0RvM09HR29IRUdPQ0xHWTQ1OA?oc=5\" target=\"_blank\" rel=\"nofollow noopener\">\u017burawica. Uciek\u0142 ze szpitala, &#8222;mo\u017ce by\u0107 niebezpieczny&#8221;. Pilny apel policji<\/a>&nbsp;&nbsp;TVN24<\/li>\n<li><a href=\"https:\/\/news.google.com\/rss\/articles\/CBMizAFBVV95cUxQcWVfcHl3a3U3aVJUZ0VSS2J4T1hPeFhjR0FyT0tVQUJxakx0UXF5R2J4eWwyWUJSOXprdzdodkdfYjFuRXltaVM2S3BpcmlSMDV2NlZJc0xYQTlVOU1JcncxUUstT1g5ejJIcUNiQUl5SXdWb3NqQ0ZyY2d6M2lURU9PbzlxWGdyU2FYaEF5b1AteC1uMU10QUNkVUFnTFFYd1ZmRS1Tb3ZkX1k4Wl91TkszT0xDTkR0dVZFOG5VM0dxeWttM0NGcFhTLUo?oc=5\" target=\"_blank\" rel=\"nofollow noopener\">Pilny apel policji w \u015brodku nocy. &#8222;Nie pr\u00f3bowa\u0107 zatrzymywa\u0107&#8221;. Nowe fakty<\/a>&nbsp;&nbsp;Fakt<\/li>\n<\/ol>\n","protected":false},"excerpt":{"rendered":"Tak 25-latek uciek\u0142 ze szpitala psychiatrycznego. Nowe szczeg\u00f3\u0142y&nbsp;&nbsp;Onet Policja zatrzyma\u0142a 25-latka, kt\u00f3ry uciek\u0142 ze szpitala psychiatrycznego&nbsp;&nbsp;Gazeta Uciek\u0142 ze&hellip;\n","protected":false},"author":2,"featured_media":157918,"comment_status":"","ping_status":"","sticky":false,"template":"","format":"standard","meta":{"footnotes":""},"categories":[5],"tags":[32,33,36,37,27,67,34,35,28,31,53,25,52,68,51,55,42,38,251,40,39,41,47,15780,29,30,65,50,26,6984],"class_list":{"0":"post-157968","1":"post","2":"type-post","3":"status-publish","4":"format-standard","5":"has-post-thumbnail","7":"category-naglowki","8":"tag-breaking-news","9":"tag-breakingnews","10":"tag-featured-news","11":"tag-featurednews","12":"tag-headlines","13":"tag-intextvideo_splayer","14":"tag-latest-news","15":"tag-latestnews","16":"tag-naglowki","17":"tag-najwazniejsze-artykuly","18":"tag-new_header","19":"tag-news","20":"tag-onet3","21":"tag-onet3d","22":"tag-onet3d_2i","23":"tag-phx","24":"tag-pl","25":"tag-poland","26":"tag-policja_policjanci_policjant_policjantka_policjantki","27":"tag-polish","28":"tag-polska","29":"tag-polski","30":"tag-screening_general","31":"tag-szpital_psychiatryczny","32":"tag-top-stories","33":"tag-topstories","34":"tag-update_me","35":"tag-v2021","36":"tag-wiadomosci","37":"tag-wiezienie_areszt_wiezien_wiezniowie_wiezniarka_sluzba_wiezienna"},"share_on_mastodon":{"url":"","error":"Validation failed: Text character limit of 500 exceeded"},"_links":{"self":[{"href":"https:\/\/www.europesays.com\/pl\/wp-json\/wp\/v2\/posts\/157968","targetHints":{"allow":["GET"]}}],"collection":[{"href":"https:\/\/www.europesays.com\/pl\/wp-json\/wp\/v2\/posts"}],"about":[{"href":"https:\/\/www.europesays.com\/pl\/wp-json\/wp\/v2\/types\/post"}],"author":[{"embeddable":true,"href":"https:\/\/www.europesays.com\/pl\/wp-json\/wp\/v2\/users\/2"}],"replies":[{"embeddable":true,"href":"https:\/\/www.europesays.com\/pl\/wp-json\/wp\/v2\/comments?post=157968"}],"version-history":[{"count":0,"href":"https:\/\/www.europesays.com\/pl\/wp-json\/wp\/v2\/posts\/157968\/revisions"}],"wp:featuredmedia":[{"embeddable":true,"href":"https:\/\/www.europesays.com\/pl\/wp-json\/wp\/v2\/media\/157918"}],"wp:attachment":[{"href":"https:\/\/www.europesays.com\/pl\/wp-json\/wp\/v2\/media?parent=157968"}],"wp:term":[{"taxonomy":"category","embeddable":true,"href":"https:\/\/www.europesays.com\/pl\/wp-json\/wp\/v2\/categories?post=157968"},{"taxonomy":"post_tag","embeddable":true,"href":"https:\/\/www.europesays.com\/pl\/wp-json\/wp\/v2\/tags?post=157968"}],"curies":[{"name":"wp","href":"https:\/\/api.w.org\/{rel}","templated":true}]}}