{"id":158006,"date":"2025-12-18T13:45:16","date_gmt":"2025-12-18T13:45:16","guid":{"rendered":"https:\/\/www.europesays.com\/pl\/158006\/"},"modified":"2025-12-18T13:45:16","modified_gmt":"2025-12-18T13:45:16","slug":"olejnik-przerwala-giertychowi-stanela-po-stronie-prezydenta","status":"publish","type":"post","link":"https:\/\/www.europesays.com\/pl\/158006\/","title":{"rendered":"Olejnik przerwa\u0142a Giertychowi. Stan\u0119\u0142a po stronie prezydenta"},"content":{"rendered":"\n<p>&#13;<br \/>\nW \u015brod\u0119 wieczorem w\u00a0Sejmie odby\u0142o si\u0119 g\u0142osowanie w\u00a0sprawie odrzucenia prezydenckiego weta do\u00a0tzw. ustawy \u0142a\u0144cuchowej, nazywanej te\u017c &#8222;kojcow\u0105&#8221;. 246 pos\u0142\u00f3w g\u0142osowa\u0142o za\u00a0wnioskiem o\u00a0ponowne uchwalenie tej ustawy. Przeciwko by\u0142o 192 parlamentarzyst\u00f3w. Nikt nie\u00a0wstrzyma\u0142 si\u0119 od\u00a0g\u0142osu. W\u00a0praktyce oznacza to, \u017ce\u00a0<a href=\"https:\/\/dorzeczy.pl\/kraj\/821567\/ustawa-lancuchowa-sejm-zdecydowal-w-sprawie-weta-prezydenta.html\" rel=\"nofollow noopener\" target=\"_blank\">Sejm podtrzyma\u0142 weto prezydenta<\/a>. Wi\u0119kszo\u015b\u0107 potrzebna do\u00a0jego odrzucenia wynosi\u0142a 263. Koalicji rz\u0105dz\u0105cej zabrak\u0142o wi\u0119c 17 g\u0142os\u00f3w. &#13;\n<\/p>\n<p>&#13;<br \/>\nZa odrzuceniem weta g\u0142osowa\u0142o 155 pos\u0142\u00f3w z\u00a0Koalicji Obywatelskiej, 31 z\u00a0Polskiego Stronnictwa Ludowego, 31 z\u00a0Polski 2050, 21 z\u00a0Lewicy, czterech z\u00a0Razem oraz\u00a0czterech niezrzeszonych. Przeciw by\u0142o 175 pos\u0142\u00f3w z\u00a0PiS, 10 z\u00a0Konfederacji, czterech z\u00a0Wolnych Republikan\u00f3w, dw\u00f3ch z\u00a0Konfederacji Korony Polskiej oraz\u00a0jeden niezrzeszony. W\u00a0g\u0142osowaniu nie\u00a0wzi\u0119\u0142o udzia\u0142u 22 pos\u0142\u00f3w, w\u00a0tym Jaros\u0142aw Kaczy\u0144ski. &#13;\n<\/p>\n<p>Monika Olejnik zruga\u0142a Romana Giertycha. &#8222;Nie go\u015b\u0107, panie po\u015ble, tylko prezydent&#8221;<\/p>\n<p>&#13;<br \/>\nTemat zosta\u0142 podj\u0119ty w\u00a0ostatnim wydaniu programu &#8222;Kropka nad i&#8221; na\u00a0antenie TVN24. &#13;\n<\/p>\n<p>&#13;<br \/>\n\u2013 To\u00a0chyba nie\u00a0jest dobry dzie\u0144 dla\u00a0Koalicji, to\u00a0nie jest dobry dzie\u0144 dla\u00a0partii rz\u0105dz\u0105cej, to\u00a0nie jest dobry dzie\u0144 dla\u00a0tych, co\u00a0kochaj\u0105 zwierz\u0119ta. Weto prezydenta pozosta\u0142o i\u00a0nie ma\u00a0ustawy \u0142a\u0144cuchowej \u2013\u00a0zacz\u0119\u0142a rozmow\u0119 prowadz\u0105ca powiedzia\u0142a. &#13;\n<\/p>\n<p>&#13;<br \/>\nRoman Giertych krytykowa\u0142 prezydenta Karola Nawrockiego do\u00a0tego stopnia, \u017ce\u00a0w\u00a0pewnym momencie dziennikarka mu przerwa\u0142a. Monice Olejnik nie\u00a0spodoba\u0142o si\u0119, \u017ce\u00a0polityk na\u00a0wizji okre\u015bli\u0142 g\u0142ow\u0119 pa\u0144stwa mianem &#8222;go\u015bcia&#8221;. Prowadz\u0105ca zaapelowa\u0142a o\u00a0szacunek do\u00a0urz\u0119du. &#13;\n<\/p>\n<p>&#13;<br \/>\n\u2013 Mamy go\u015bcia, kt\u00f3ry bierze snusy na\u00a0wizji. Nie\u00a0przejmuje si\u0119 tym&#8230; \u2013\u00a0m\u00f3wi\u0142 Giertych, zanim zosta\u0142 upomniany przez gwiazd\u0119 TVN24. &#13;\n<\/p>\n<p>&#13;<br \/>\n\u2013 Nie\u00a0go\u015b\u0107, panie po\u015ble, tylko prezydent Polski, g\u0142owa pa\u0144stwa \u2013\u00a0stwierdzi\u0142a Olejnik. &#13;\n<\/p>\n<p>&#13;<br \/>\n\u2013 Pe\u0142ni funkcj\u0119 prezydenta, ale\u00a0ja ju\u017c mu napisa\u0142em par\u0119 dni temu: &#8222;Panie Nawrocki, ogarnij si\u0119 pan, (&#8230;) zachowuj si\u0119 pan, jakby\u015b udawa\u0142, \u017ce\u00a0jest pan prezydentem&#8221; (&#8230;) Nie\u00a0mo\u017cna w\u00a0ten spos\u00f3b post\u0119powa\u0107, \u017ce\u00a0na z\u0142o\u015b\u0107 si\u0119 wetuje \u2013\u00a0kontynuowa\u0142 swoje rozwa\u017cania pose\u0142 KO. &#13;\n<\/p>\n<p>&#13;<br \/>\nCzytaj te\u017c:<br \/><a href=\"https:\/\/rozrywka.dorzeczy.pl\/film-i-telewizja\/821228\/olejnik-drwi-z-nawrockiego-chodzi-o-telefony-od-tuska.html\" rel=\"follow nofollow noopener\" data-schema=\"DORZECZY\" data-image=\"https:\/\/img.dorzeczy.pl\/_thumb\/90\/9d\/d40b380ff5079919025b97b1938f.jpeg\" target=\"_blank\">&#8222;Mo\u017ce sygna\u0142 jest za\u00a0cicho&#8221;. Znana dziennikarka drwi z\u00a0prezydenta<\/a>Czytaj te\u017c:<br \/><a href=\"https:\/\/dorzeczy.pl\/opinie\/820736\/olejnik-do-czarzastego-nie-ma-pan-wyrzutow-sumienia.html\" rel=\"follow nofollow noopener\" data-schema=\"DORZECZY\" data-image=\"https:\/\/img.dorzeczy.pl\/_thumb\/e9\/f6\/ce0b9f9eb47cfd4660c11dfd48e9.jpeg\" target=\"_blank\">Czarzasty do\u00a0Olejnik: Wiele os\u00f3b by\u00a0chcia\u0142o siedzie\u0107 na\u00a0pani miejscu<\/a>&#13;<\/p>\n","protected":false},"excerpt":{"rendered":"&#13; W \u015brod\u0119 wieczorem w\u00a0Sejmie odby\u0142o si\u0119 g\u0142osowanie w\u00a0sprawie odrzucenia prezydenckiego weta do\u00a0tzw. ustawy \u0142a\u0144cuchowej, nazywanej te\u017c &#8222;kojcow\u0105&#8221;.&hellip;\n","protected":false},"author":2,"featured_media":158007,"comment_status":"","ping_status":"","sticky":false,"template":"","format":"standard","meta":{"footnotes":""},"categories":[12],"tags":[32,33,98,36,37,288,27,291,690,34,35,287,22442,28,31,25,42,38,40,39,41,7978,290,29,30,27627,8206,26],"class_list":{"0":"post-158006","1":"post","2":"type-post","3":"status-publish","4":"format-standard","5":"has-post-thumbnail","7":"category-polska","8":"tag-breaking-news","9":"tag-breakingnews","10":"tag-dorzeczy","11":"tag-featured-news","12":"tag-featurednews","13":"tag-film-i-telewizja","14":"tag-headlines","15":"tag-historia","16":"tag-karol-nawrocki","17":"tag-latest-news","18":"tag-latestnews","19":"tag-malgorzata-puzyr","20":"tag-monika-olejnik","21":"tag-naglowki","22":"tag-najwazniejsze-artykuly","23":"tag-news","24":"tag-pl","25":"tag-poland","26":"tag-polish","27":"tag-polska","28":"tag-polski","29":"tag-roman-giertych","30":"tag-rozrywka-do-rzeczy","31":"tag-top-stories","32":"tag-topstories","33":"tag-ustawa-lancuchowa","34":"tag-weto","35":"tag-wiadomosci"},"share_on_mastodon":{"url":"https:\/\/pubeurope.com\/@pl\/115740876848632595","error":""},"_links":{"self":[{"href":"https:\/\/www.europesays.com\/pl\/wp-json\/wp\/v2\/posts\/158006","targetHints":{"allow":["GET"]}}],"collection":[{"href":"https:\/\/www.europesays.com\/pl\/wp-json\/wp\/v2\/posts"}],"about":[{"href":"https:\/\/www.europesays.com\/pl\/wp-json\/wp\/v2\/types\/post"}],"author":[{"embeddable":true,"href":"https:\/\/www.europesays.com\/pl\/wp-json\/wp\/v2\/users\/2"}],"replies":[{"embeddable":true,"href":"https:\/\/www.europesays.com\/pl\/wp-json\/wp\/v2\/comments?post=158006"}],"version-history":[{"count":0,"href":"https:\/\/www.europesays.com\/pl\/wp-json\/wp\/v2\/posts\/158006\/revisions"}],"wp:featuredmedia":[{"embeddable":true,"href":"https:\/\/www.europesays.com\/pl\/wp-json\/wp\/v2\/media\/158007"}],"wp:attachment":[{"href":"https:\/\/www.europesays.com\/pl\/wp-json\/wp\/v2\/media?parent=158006"}],"wp:term":[{"taxonomy":"category","embeddable":true,"href":"https:\/\/www.europesays.com\/pl\/wp-json\/wp\/v2\/categories?post=158006"},{"taxonomy":"post_tag","embeddable":true,"href":"https:\/\/www.europesays.com\/pl\/wp-json\/wp\/v2\/tags?post=158006"}],"curies":[{"name":"wp","href":"https:\/\/api.w.org\/{rel}","templated":true}]}}