{"id":158027,"date":"2025-12-18T13:56:14","date_gmt":"2025-12-18T13:56:14","guid":{"rendered":"https:\/\/www.europesays.com\/pl\/158027\/"},"modified":"2025-12-18T13:56:14","modified_gmt":"2025-12-18T13:56:14","slug":"marsjanska-sonda-maven-nadal-nie-odpowiada-nasa-ma-zle-wiesci","status":"publish","type":"post","link":"https:\/\/www.europesays.com\/pl\/158027\/","title":{"rendered":"Marsja\u0144ska sonda MAVEN nadal nie odpowiada. NASA ma z\u0142e wie\u015bci"},"content":{"rendered":"<p class=\"typography ids-typeset-body ids-typeset-body--preset-large link paragraph ids-paragraph ids-paragraph--default\">NASA ma du\u017cy <a href=\"https:\/\/geekweek.interia.pl\/kosmos\/news-nie-ma-kontaktu-z-maven-milknie-jedna-z-kluczowych-misji-wok,nId,22466403\" target=\"_self\" rel=\"nofollow noopener\">problem ze statkiem MAVEN<\/a>, kt\u00f3ry bada\u0142 Marsa od kilkunastu lat. Na pocz\u0105tku grudnia agencja straci\u0142a kontakt z sond\u0105 kosmiczn\u0105. W tym tygodniu Amerykanie udost\u0119pnili nowe informacje, kt\u00f3re uda\u0142o si\u0119 uzyska\u0107 po analizie zdarzenia.<\/p>\n<p>Sonda marsja\u0144ska MAVEN ci\u0105gle milczy i NASA wskazuje na dziwne zachowanie<\/p>\n<p class=\"typography ids-typeset-body ids-typeset-body--preset-large link paragraph ids-paragraph ids-paragraph--default\"><a href=\"https:\/\/geekweek.interia.pl\/marki-i-produkty-nasa,gsbi,2582\" target=\"_self\" rel=\"nofollow noopener\">NASA<\/a> przekaza\u0142a, \u017ce mimo wielokrotnych pr\u00f3b nawi\u0105zania kontaktu ze statkiem, sonda MAVEN nadal nie odpowiada. Uda\u0142o si\u0119 tak\u017ce uzyska\u0107 pewne dane, kt\u00f3re pochodz\u0105 z 6 grudnia i te nie s\u0105 optymistyczne.<\/p>\n<blockquote role=\"blockquote\" class=\"quote ids-quote ids-quote--nosurface--short--medium\"><p>Analiza tego sygna\u0142u sugeruje, \u017ce sonda MAVEN obraca\u0142a si\u0119 w nieoczekiwany spos\u00f3b, gdy wy\u0142oni\u0142a si\u0119 zza Marsa\u00a0napisali przedstawiciele NASA w aktualizacji<\/p><\/blockquote>\n<p class=\"typography ids-typeset-body ids-typeset-body--preset-large link paragraph ids-paragraph ids-paragraph--default\">&#8222;Ponadto cz\u0119stotliwo\u015b\u0107 sygna\u0142u \u015bledzenia sugeruje, \u017ce trajektoria orbity sondy MAVEN mog\u0142a ulec zmianie &#8221; &#8211; dodaje NASA. Dla agencji brak kontaktu ze statkiem jest du\u017cym problemem, bo s\u0142u\u017cy\u0142 on r\u00f3wnie\u017c do komunikacji z \u0142azikami przebywaj\u0105cymi na Marsie. St\u0105d te\u017c zaplanowano dodatkowe operacje.<\/p>\n<blockquote role=\"blockquote\" class=\"quote ids-quote ids-quote--nosurface--short--medium\"><p>Na kolejne dwa tygodnie zaplanowanych operacji powierzchniowych NASA organizuje dodatkowe przeloty z pozosta\u0142ych orbiter\u00f3w, aby zespo\u0142y Perseverance i Curiosity dostosowa\u0142y swoje codzienne dzia\u0142ania planistyczne w celu kontynuowania misji naukowych\u00a0dodaje NASA.<\/p><\/blockquote>\n<p>Sonda kosmiczna MAVEN bada\u0142a atmosfer\u0119 Marsa<\/p>\n<p class=\"typography ids-typeset-body ids-typeset-body--preset-large link paragraph ids-paragraph ids-paragraph--default\">MAVEN (<a href=\"https:\/\/geekweek.interia.pl\/marki-i-produkty-mars,gsbi,2903\" target=\"_self\" rel=\"nofollow noopener\">Mars<\/a> Atmosphere and Volatile Evolution) zosta\u0142a wystrzelona w listopadzie 2013 r. Po 10 miesi\u0105cach dotar\u0142a na orbit\u0119 Czerwonej Planety. Celem misji by\u0142o zbadanie atmosfery Marsa i jej interakcji z wiatrem s\u0142onecznym.<\/p>\n<p class=\"typography ids-typeset-body ids-typeset-body--preset-large link paragraph ids-paragraph ids-paragraph--default\">G\u0142\u00f3wna misja MAVEN trwa\u0142a rok i zako\u0144czy\u0142a si\u0119 sukcesem. Potem statek wykorzystano do zbierania cennych danych z Czerwonej Planety oraz w roli przeka\u017anika z \u0142azikami czy l\u0105downikami. Teraz \u0142\u0105czno\u015b\u0107 b\u0119dzie realizowana z wykorzystaniem sond Mars Reconnaissance Orbiter i Mars Odyssey.<\/p>\n<p class=\"typography ids-typeset-body ids-typeset-body--preset-large link paragraph ids-paragraph ids-paragraph--default\">Sonda marsja\u0144ska MAVEN milczy od 4 grudnia. Od dw\u00f3ch tygodni nie ma z ni\u0105 kontaktu i nie wiadomo, czy misja jest do uratowania. Obecnie w kierunku Czerwonej Planety lec\u0105 dwa nowe statki (bli\u017aniacze) w ramach <a href=\"https:\/\/geekweek.interia.pl\/nauka\/news-misja-nasa-escapade-na-marsa-z-data-startu-sondy-poleca-raki,nId,22167204\" target=\"_self\" rel=\"nofollow noopener\">ESCAPADE<\/a>. Wystrzelono je w kosmos ponad miesi\u0105c temu <a href=\"https:\/\/geekweek.interia.pl\/technologia\/news-blue-origin-chce-zagrozic-starshipowi-rakieta-new-glenn-uros,nId,22456768\" target=\"_self\" rel=\"nofollow noopener\">rakiet\u0119 New Glenn firmy Blue Origin<\/a>.<\/p>\n<p>NASA prezentuje prototyp skafandra dla astronaut\u00f3w misji Artemis IIIAFP<\/p>\n<p><a class=\"ids-undecorated-link source ids-page-info--source__link\" href=\"https:\/\/www.interia.pl\" rel=\"nofollow noopener\" target=\"_blank\"><img decoding=\"async\" class=\"ids-image-holder__img\" loading=\"lazy\" alt=\"\" title=\"\" height=\"24px\" src=\"https:\/\/www.europesays.com\/pl\/wp-content\/uploads\/2025\/12\/1766036834_937_0009A60QQ5I2TYF7-C202-F4.webp.webp\"\/><\/a><\/p>\n<p>Masz sugestie, uwagi albo widzisz b\u0142\u0105d? Napisz do nas<\/p>\n<p>Zapisz si\u0119 na geekweekowy newsletter i \u0142ap naj\u015bwie\u017csze newsy ze \u015bwiata tech, lifehacki, porady i ciekawostki.<\/p>\n","protected":false},"excerpt":{"rendered":"NASA ma du\u017cy problem ze statkiem MAVEN, kt\u00f3ry bada\u0142 Marsa od kilkunastu lat. Na pocz\u0105tku grudnia agencja straci\u0142a&hellip;\n","protected":false},"author":2,"featured_media":158028,"comment_status":"","ping_status":"","sticky":false,"template":"","format":"standard","meta":{"footnotes":""},"categories":[20],"tags":[120,118,119,42,38,40,39,41,116,114,115,121,117],"class_list":{"0":"post-158027","1":"post","2":"type-post","3":"status-publish","4":"format-standard","5":"has-post-thumbnail","7":"category-nauka-i-technika","8":"tag-nauka","9":"tag-nauka-i-technika","10":"tag-naukatechnika","11":"tag-pl","12":"tag-poland","13":"tag-polish","14":"tag-polska","15":"tag-polski","16":"tag-science","17":"tag-science-and-technology","18":"tag-sciencetechnology","19":"tag-technika","20":"tag-technology"},"share_on_mastodon":{"url":"https:\/\/pubeurope.com\/@pl\/115740920312658605","error":""},"_links":{"self":[{"href":"https:\/\/www.europesays.com\/pl\/wp-json\/wp\/v2\/posts\/158027","targetHints":{"allow":["GET"]}}],"collection":[{"href":"https:\/\/www.europesays.com\/pl\/wp-json\/wp\/v2\/posts"}],"about":[{"href":"https:\/\/www.europesays.com\/pl\/wp-json\/wp\/v2\/types\/post"}],"author":[{"embeddable":true,"href":"https:\/\/www.europesays.com\/pl\/wp-json\/wp\/v2\/users\/2"}],"replies":[{"embeddable":true,"href":"https:\/\/www.europesays.com\/pl\/wp-json\/wp\/v2\/comments?post=158027"}],"version-history":[{"count":0,"href":"https:\/\/www.europesays.com\/pl\/wp-json\/wp\/v2\/posts\/158027\/revisions"}],"wp:featuredmedia":[{"embeddable":true,"href":"https:\/\/www.europesays.com\/pl\/wp-json\/wp\/v2\/media\/158028"}],"wp:attachment":[{"href":"https:\/\/www.europesays.com\/pl\/wp-json\/wp\/v2\/media?parent=158027"}],"wp:term":[{"taxonomy":"category","embeddable":true,"href":"https:\/\/www.europesays.com\/pl\/wp-json\/wp\/v2\/categories?post=158027"},{"taxonomy":"post_tag","embeddable":true,"href":"https:\/\/www.europesays.com\/pl\/wp-json\/wp\/v2\/tags?post=158027"}],"curies":[{"name":"wp","href":"https:\/\/api.w.org\/{rel}","templated":true}]}}