{"id":158032,"date":"2025-12-18T13:59:08","date_gmt":"2025-12-18T13:59:08","guid":{"rendered":"https:\/\/www.europesays.com\/pl\/158032\/"},"modified":"2025-12-18T13:59:08","modified_gmt":"2025-12-18T13:59:08","slug":"afera-rars-jest-data-decyzji-w-sprawie-ekstradycji-michala-kuczmierowskiego","status":"publish","type":"post","link":"https:\/\/www.europesays.com\/pl\/158032\/","title":{"rendered":"Afera RARS. Jest data decyzji w sprawie ekstradycji Micha\u0142a Kuczmierowskiego"},"content":{"rendered":"<p> Dlaczego o tym piszemy? <\/p>\n<p class=\"ods-c-paragraph \">By\u0142y szef RARS us\u0142ysza\u0142 w sierpniu 2024 r. zarzuty dotycz\u0105ce udzia\u0142u w zorganizowanej grupie przest\u0119pczej, niedope\u0142nienia obowi\u0105zk\u00f3w i przekroczenia uprawnie\u0144 w celu osi\u0105gni\u0119cia korzy\u015bci maj\u0105tkowej.<\/p>\n<p class=\"ods-c-paragraph \">Na pocz\u0105tku wrze\u015bnia 2024 r. Kuczmierowski zosta\u0142 zatrzymany w Londynie na podstawie Europejskiego Nakazu Aresztowania wydanego na wniosek polskich w\u0142adz. W lutym 2025 r. brytyjski wymiar sprawiedliwo\u015bci zdecydowa\u0142, \u017ce by\u0142y szef RARS mo\u017ce opu\u015bci\u0107 areszt za kaucj\u0105 i por\u0119czeniem maj\u0105tkowym. 10 lutego wyszed\u0142 on na wolno\u015b\u0107.<\/p>\n<p> Kiedy zapadnie decyzja o ekstradycji Kuczmierowskiego? <\/p>\n<p> Jakie zarzuty postawiono Micha\u0142owi Kuczmierowskiemu? <\/p>\n<p> Gdzie odby\u0142a si\u0119 ostatnia rozprawa w sprawie Kuczmierowskiego? <\/p>\n<p> Co dotyczy \u015bledztwa w sprawie RARS? <\/p>\n<p>   Afera RARS. O co chodzi? <\/p>\n<p class=\"ods-c-paragraph \">\u015aledztwo w sprawie nieprawid\u0142owo\u015bci w RARS wszcz\u0119to 1 grudnia 2023 r., prowadzi je \u015al\u0105ski Wydzia\u0142 Zamiejscowy Departamentu do spraw Przest\u0119pczo\u015bci Zorganizowanej i Korupcji Prokuratury Krajowej w Katowicach. Dotyczy ono m.in. przekroczenia uprawnie\u0144 i niedope\u0142nienia obowi\u0105zk\u00f3w przez pracownik\u00f3w RARS podczas organizowania i realizowania zakupu towar\u00f3w, a tym samym dzia\u0142ania na szkod\u0119 interesu publicznego od 23 lutego 2021 r. do 27 listopada 2023 r. w Warszawie w celu osi\u0105gni\u0119cia korzy\u015bci maj\u0105tkowej.<\/p>\n<p>     Ekstradycja Micha\u0142a Kuczmierowskiego. Kiedy zapadnie decyzja? <\/p>\n<p class=\"ods-c-paragraph \">Jak ustali\u0142o Polskie Radio, decyzja o ewentualnej ekstradycji Micha\u0142a Kuczmierowskiego zapadnie 27 lutego 2026 r. o godz. 10. W czwartek 18 grudnia przed londy\u0144skim s\u0105dem magistrackim Westminster odby\u0142a si\u0119 ostatnia rozprawa w tej sprawie. Jak donosi Polskie Radio, bez wzgl\u0119du na to, czy brytyjski s\u0105d zgodzi si\u0119 na wydanie Kuczmierowskiego Polsce, czy odm\u00f3wi ekstradycji, ka\u017cda ze stron zapowiada odwo\u0142anie.<\/p>\n<p class=\"ods-c-paragraph \">Czytaj wi\u0119cej:<\/p>\n","protected":false},"excerpt":{"rendered":"Dlaczego o tym piszemy? By\u0142y szef RARS us\u0142ysza\u0142 w sierpniu 2024 r. zarzuty dotycz\u0105ce udzia\u0142u w zorganizowanej grupie&hellip;\n","protected":false},"author":2,"featured_media":156398,"comment_status":"","ping_status":"","sticky":false,"template":"","format":"standard","meta":{"footnotes":"","_share_on_mastodon":"0"},"categories":[12],"tags":[32,33,1624,36,37,27,49,34,35,4890,28,31,48,25,46,42,38,40,39,41,4891,47,29,30,70,26],"class_list":["post-158032","post","type-post","status-publish","format-standard","has-post-thumbnail","category-polska","tag-breaking-news","tag-breakingnews","tag-ekstradycja","tag-featured-news","tag-featurednews","tag-headlines","tag-kraj","tag-latest-news","tag-latestnews","tag-michal_kuczmierowski","tag-naglowki","tag-najwazniejsze-artykuly","tag-nat_styl","tag-news","tag-omp","tag-pl","tag-poland","tag-polish","tag-polska","tag-polski","tag-rars","tag-screening_general","tag-top-stories","tag-topstories","tag-w_skrocie","tag-wiadomosci"],"share_on_mastodon":{"url":"https:\/\/pubeurope.com\/@pl\/115740931806275768","error":""},"_links":{"self":[{"href":"https:\/\/www.europesays.com\/pl\/wp-json\/wp\/v2\/posts\/158032","targetHints":{"allow":["GET"]}}],"collection":[{"href":"https:\/\/www.europesays.com\/pl\/wp-json\/wp\/v2\/posts"}],"about":[{"href":"https:\/\/www.europesays.com\/pl\/wp-json\/wp\/v2\/types\/post"}],"author":[{"embeddable":true,"href":"https:\/\/www.europesays.com\/pl\/wp-json\/wp\/v2\/users\/2"}],"replies":[{"embeddable":true,"href":"https:\/\/www.europesays.com\/pl\/wp-json\/wp\/v2\/comments?post=158032"}],"version-history":[{"count":0,"href":"https:\/\/www.europesays.com\/pl\/wp-json\/wp\/v2\/posts\/158032\/revisions"}],"wp:featuredmedia":[{"embeddable":true,"href":"https:\/\/www.europesays.com\/pl\/wp-json\/wp\/v2\/media\/156398"}],"wp:attachment":[{"href":"https:\/\/www.europesays.com\/pl\/wp-json\/wp\/v2\/media?parent=158032"}],"wp:term":[{"taxonomy":"category","embeddable":true,"href":"https:\/\/www.europesays.com\/pl\/wp-json\/wp\/v2\/categories?post=158032"},{"taxonomy":"post_tag","embeddable":true,"href":"https:\/\/www.europesays.com\/pl\/wp-json\/wp\/v2\/tags?post=158032"}],"curies":[{"name":"wp","href":"https:\/\/api.w.org\/{rel}","templated":true}]}}