{"id":158037,"date":"2025-12-18T14:02:16","date_gmt":"2025-12-18T14:02:16","guid":{"rendered":"https:\/\/www.europesays.com\/pl\/158037\/"},"modified":"2025-12-18T14:02:16","modified_gmt":"2025-12-18T14:02:16","slug":"kate-i-william-zapozowali-z-dziecmi-wszyscy-patrza-na-louisa-2","status":"publish","type":"post","link":"https:\/\/www.europesays.com\/pl\/158037\/","title":{"rendered":"Kate i William zapozowali z dzie\u0107mi. Wszyscy patrz\u0105 na Louisa"},"content":{"rendered":"<p><a class=\"Slot_linkedImage__I6x1q\" target=\"_blank\" href=\"https:\/\/plejada.pl\/temat\/rodziny-krolewskie-rody-royalsi\/rgknq1p\" rel=\"noopener noreferrer nofollow\" data-allow-layer=\"true\"><img decoding=\"async\" class=\"Image_image__0tuHp Image_autoHeight__f2n87 \" height=\"93\" width=\"750\" src=\"https:\/\/www.europesays.com\/pl\/wp-content\/uploads\/2025\/12\/tS5k9kpTURBXy9mMTRkOTIyMDcwYjFjMGI2YzQyMTNkNDYwYWYwNTg3Ni5qcGeSlQLNAu4AwsOVAgDNAu7Cw94AA6EwAaExAaEzw.jpeg\" loading=\"lazy\" \/><\/a><\/p>\n<p class=\"Paragraph_desktopParagraph__U31Gm\">Bo\u017conarodzeniowe kartki to jedna z tradycji, kt\u00f3r\u0105 od lat piel\u0119gnuje brytyjska rodzina kr\u00f3lewska. Co roku Windsorowie wypuszczaj\u0105 now\u0105 poczt\u00f3wk\u0119 okoliczno\u015bciow\u0105, a na jej froncie mo\u017cna by\u0142o ju\u017c zobaczy\u0107 mi\u0119dzy innym m\u0142od\u0105 El\u017cbiet\u0119 II, szcz\u0119\u015bliw\u0105 Dian\u0119 Spencer czy nawet syna ksi\u0119cia Harry&#8217;ego i Meghan Markle, Archiego. Kartka publikowana jest zawsze tu\u017c przed \u015bwi\u0119tami.<\/p>\n<p class=\"Paragraph_desktopParagraph__U31Gm\">Polecamy: <a href=\"https:\/\/plejada.pl\/newsy\/tak-wyglada-niania-williama-i-kate-opiekuje-sie-ich-dziecmi-od-11-lat\/tfxmbqx\" id=\"5ae34603-af83-4b46-8b13-32abc41030da\" rel=\"nofollow noopener\" target=\"_blank\">To ona opiekuje si\u0119 Charlotte, Georgem i Louisem. Maria Teresa sko\u0144czy\u0142a college dla nia\u0144<\/a><\/p>\n<p class=\"Paragraph_desktopParagraph__U31Gm\">Teraz ksi\u0105\u017c\u0119 William oraz ksi\u0119\u017cna Kate publicznie zwr\u00f3cili si\u0119 do os\u00f3b \u015bledz\u0105cych ich aktywno\u015b\u0107 w mediach spo\u0142eczno\u015bciowych. To w\u0142a\u015bnie tam opublikowano tegoroczn\u0105 kartk\u0119 \u015bwi\u0105teczn\u0105 od wspomnianej pary. Do fotografii ma\u0142\u017conkowie pozowali wraz z dzie\u0107mi.<\/p>\n<ul class=\"OchatFollowUps_wrapper__1ry7X\">\n<li class=\"OchatFollowUps_item__Dhyly OchatFollowUps_itemDesktop__R6aBv\">Jakie dzieci maj\u0105 ksi\u0119\u017cna Kate i ksi\u0105\u017c\u0119 William?<\/li>\n<li class=\"OchatFollowUps_item__Dhyly OchatFollowUps_itemDesktop__R6aBv\">Jakie s\u0105 tradycje brytyjskiej rodziny kr\u00f3lewskiej na \u015bwi\u0119ta?<\/li>\n<li class=\"OchatFollowUps_item__Dhyly OchatFollowUps_itemDesktop__R6aBv\">Gdzie ksi\u0119\u017cna Kate z\u0142o\u017cy\u0142a ho\u0142d osobom, kt\u00f3re zmar\u0142y na raka?<\/li>\n<li class=\"OchatFollowUps_item__Dhyly OchatFollowUps_itemDesktop__R6aBv\">Co zrobili Kate i William podczas publikacji kartki \u015bwi\u0105tecznej?<\/li>\n<\/ul>\n<p>\u017byczenia od royals\u00f3w <\/p>\n<p class=\"Paragraph_desktopParagraph__U31Gm\">Na przedstawionym zdj\u0119ciu, umieszczonym w centralnej cz\u0119\u015bci kartki \u015bwi\u0105tecznej, wida\u0107 <a href=\"https:\/\/plejada.pl\/temat\/william-ksiaze-walii-wilhelm\/88m6dtn\" id=\"243cccf7-c67e-4f48-8149-242c0c7b979e\" rel=\"nofollow noopener\" target=\"_blank\">ksi\u0119cia Williama<\/a>, <a href=\"https:\/\/plejada.pl\/temat\/kate-kate-middleton-ksiezna-walii\/1ly19tz\" id=\"b631118e-ca23-4683-9aa9-855f3a124646\" rel=\"nofollow noopener\" target=\"_blank\">ksi\u0119\u017cn\u0105 Kate<\/a> oraz ich dzieci: Louisa, Charlotte i George\u2019a. Ca\u0142a rodzina przytula si\u0119 z radosnymi u\u015bmiechami.<\/p>\n<blockquote>\n<p class=\"Paragraph_desktopParagraph__U31Gm\">\u017byczymy wszystkim Weso\u0142ych \u015awi\u0105t Bo\u017cego Narodzenia<\/p>\n<\/blockquote>\n<p class=\"Paragraph_desktopParagraph__U31Gm\">\u2014 czytamy.<\/p>\n<p class=\"Paragraph_desktopParagraph__U31Gm\">Polecamy: <a href=\"https:\/\/plejada.pl\/zdjecia-gwiazd\/karty-swiateczne-od-brytyjskiej-rodziny-krolewskiej-na-przestrzeni-lat-zdjecia\/zed53e4\" id=\"1d053edc-1ca4-4689-8df1-642a3d0fddb7\" rel=\"nofollow noopener\" target=\"_blank\">M\u0142oda El\u017cbieta, szcz\u0119\u015bliwa Diana i uroczy Archie. \u015awi\u0105teczne kartki od Windsor\u00f3w na przestrzeni lat<\/a><\/p>\n<p>Kartka od ksi\u0119\u017cnej Kate <\/p>\n<p class=\"Paragraph_desktopParagraph__U31Gm\"><a href=\"https:\/\/plejada.pl\/temat\/kate-kate-middleton-ksiezna-walii\/1ly19tz\" id=\"031be2c5-0fa6-4405-ace5-91930ffb0940\" rel=\"nofollow noopener\" target=\"_blank\">Ksi\u0119\u017cna Kate<\/a> od czasu diagnozy raka wspiera osoby, kt\u00f3re tak jak ona, zmagaj\u0105 si\u0119 z t\u0105 chorob\u0105. Niedawno ukochana <a href=\"https:\/\/plejada.pl\/temat\/william-ksiaze-walii-wilhelm\/88m6dtn\" id=\"3c1190cc-b11a-4241-9e85-3d3f15389945\" rel=\"nofollow noopener\" target=\"_blank\">ksi\u0119cia Williama<\/a> odwiedzi\u0142a Ogr\u00f3d Ever After, kt\u00f3ry zbiera fundusze dla organizacji charytatywnej The Royal Marsden Cancer Charity.<\/p>\n<p class=\"Paragraph_desktopParagraph__U31Gm\">W sobot\u0119 13 grudnia na oficjalnym profilu na Instagramie pojawi\u0142o si\u0119 nagranie, na kt\u00f3rym zrelacjonowano wizyt\u0119 ksi\u0119\u017cnej Walii w Ever After Garden. Na jej twarzy nie brakowa\u0142o u\u015bmiechu. \u017bona nast\u0119pcy tronu postanowi\u0142a r\u00f3wnie\u017c z\u0142o\u017cy\u0107 ho\u0142d wszystkim tym, kt\u00f3rym nie uda\u0142o si\u0119 wr\u00f3ci\u0107 do zdrowia, zostawiaj\u0105c w ogrodzie odr\u0119cznie napisan\u0105 notatk\u0119. Ten prosty niezwykle poruszaj\u0105cy gest odbi\u0142 si\u0119 szerokim echem w mediach.<\/p>\n<blockquote>\n<p class=\"Paragraph_desktopParagraph__U31Gm\">W mi\u0142osnej pami\u0119ci wszystkich tych, kt\u00f3rzy stracili \u017cycie z powodu raka. C<\/p>\n<\/blockquote>\n<p class=\"Paragraph_desktopParagraph__U31Gm\">\u2014 napisa\u0142a ksi\u0119\u017cna na kartce, kt\u00f3r\u0105 mo\u017cna by\u0142o dostrzec w\u015br\u00f3d trawy w ogrodzie wype\u0142nionym ponad 30 tys. \u015bwiec\u0105cych bia\u0142ych r\u00f3\u017c.<\/p>\n<p><img decoding=\"async\" class=\"Image_image__0tuHp Image_autoHeight__f2n87 \" height=\"587\" width=\"880\" src=\"https:\/\/www.europesays.com\/pl\/wp-content\/uploads\/2025\/12\/U1pk9kpTURBXy8zMDI3OWNkMTdjYmRjNzE3OWQ4MDFhMDU4MDRjMDFjYy5qcGeSlQLNA6wAwsOVAgDNAkvCw94AA6EwAaExAaEzw.jpeg\" alt=\"Kate i William\" loading=\"lazy\" \/>B. Lenoir \/ Shutterstock<\/p>\n<p>Kate i William<\/p>\n<p class=\"Paragraph_desktopParagraph__U31Gm\">Dzi\u0119kujemy, \u017ce przeczyta\u0142a\u015b\/e\u015b nasz artyku\u0142 do ko\u0144ca. W serwisie Plejada.pl ka\u017cdego dnia piszemy o najwa\u017cniejszych wydarzeniach show-biznesowych. B\u0105d\u017a na bie\u017c\u0105co! <a rel=\"nofollow noopener\" href=\"https:\/\/news.google.com\/publications\/CAAiEF0PeAlb7W1llpV_mwV2rL4qFAgKIhBdD3gJW-1tZZaVf5sFdqy-?hl=pl&amp;gl=PL&amp;ceid=PL%3Apl\" id=\"61c9949f-4c91-493a-9841-544d0c03ed44\" target=\"_blank\">Obserwuj<\/a> Plejad\u0119 w Wiadomo\u015bciach Google. Odwied\u017a nas tak\u017ce na <a rel=\"nofollow noopener\" href=\"https:\/\/www.facebook.com\/plejadapl\" id=\"ee8088f7-3bbe-49df-a54c-c9b041bdeaf1\" target=\"_blank\">Facebooku<\/a>, <a rel=\"nofollow noopener\" href=\"https:\/\/www.instagram.com\/plejadapl\/\" id=\"03ce9c5b-f14d-488c-aef3-0cab917d0d8d\" target=\"_blank\">Instagramie<\/a>, <a rel=\"nofollow noopener\" href=\"https:\/\/www.youtube.com\/c\/plejada\" id=\"349645eb-d717-4c36-8c46-9d301c8ce05c\" target=\"_blank\">YouTubie<\/a> oraz <a rel=\"nofollow noopener\" href=\"https:\/\/www.tiktok.com\/@plejada_pl\" id=\"8b17f844-48ce-441c-a67f-438232faef50\" target=\"_blank\">TikToku<\/a>.<\/p>\n<p class=\"Paragraph_desktopParagraph__U31Gm\">Chcesz podzieli\u0107 si\u0119 ciekawym newsem lub zaproponowa\u0107 temat? Skontaktuj si\u0119 z nami, pisz\u0105c maila na adres: plejada@redakcjaonet.pl.<\/p>\n<p><script async src=\"\/\/www.instagram.com\/embed.js\"><\/script><script async src=\"\/\/www.tiktok.com\/embed.js\"><\/script><\/p>\n","protected":false},"excerpt":{"rendered":"Bo\u017conarodzeniowe kartki to jedna z tradycji, kt\u00f3r\u0105 od lat piel\u0119gnuje brytyjska rodzina kr\u00f3lewska. Co roku Windsorowie wypuszczaj\u0105 now\u0105&hellip;\n","protected":false},"author":2,"featured_media":158038,"comment_status":"","ping_status":"","sticky":false,"template":"","format":"standard","meta":{"footnotes":""},"categories":[22],"tags":[9022,761,122,67,483,8929,9021,53,52,68,51,55,42,38,40,39,41,459,123,47,196,50,195],"class_list":{"0":"post-158037","1":"post","2":"type-post","3":"status-publish","4":"format-standard","5":"has-post-thumbnail","7":"category-rozrywka","8":"tag-charlotte_ksiezniczka_karolina_z_walii","9":"tag-divert_me","10":"tag-entertainment","11":"tag-intextvideo_splayer","12":"tag-kate_kate_middleton_ksiezna_walii","13":"tag-ksiaze_george_ksiaze_jerzy_z_walii","14":"tag-ludwik_z_walii_syn_ksiecia_williama_ksiaze_louis","15":"tag-new_header","16":"tag-onet3","17":"tag-onet3d","18":"tag-onet3d_2i","19":"tag-phx","20":"tag-pl","21":"tag-poland","22":"tag-polish","23":"tag-polska","24":"tag-polski","25":"tag-rodziny_krolewskie_rody_royalsi","26":"tag-rozrywka","27":"tag-screening_general","28":"tag-styl_zycia","29":"tag-v2021","30":"tag-william_ksiaze_walii_wilhelm"},"share_on_mastodon":{"url":"https:\/\/pubeurope.com\/@pl\/115740943866373046","error":""},"_links":{"self":[{"href":"https:\/\/www.europesays.com\/pl\/wp-json\/wp\/v2\/posts\/158037","targetHints":{"allow":["GET"]}}],"collection":[{"href":"https:\/\/www.europesays.com\/pl\/wp-json\/wp\/v2\/posts"}],"about":[{"href":"https:\/\/www.europesays.com\/pl\/wp-json\/wp\/v2\/types\/post"}],"author":[{"embeddable":true,"href":"https:\/\/www.europesays.com\/pl\/wp-json\/wp\/v2\/users\/2"}],"replies":[{"embeddable":true,"href":"https:\/\/www.europesays.com\/pl\/wp-json\/wp\/v2\/comments?post=158037"}],"version-history":[{"count":0,"href":"https:\/\/www.europesays.com\/pl\/wp-json\/wp\/v2\/posts\/158037\/revisions"}],"wp:featuredmedia":[{"embeddable":true,"href":"https:\/\/www.europesays.com\/pl\/wp-json\/wp\/v2\/media\/158038"}],"wp:attachment":[{"href":"https:\/\/www.europesays.com\/pl\/wp-json\/wp\/v2\/media?parent=158037"}],"wp:term":[{"taxonomy":"category","embeddable":true,"href":"https:\/\/www.europesays.com\/pl\/wp-json\/wp\/v2\/categories?post=158037"},{"taxonomy":"post_tag","embeddable":true,"href":"https:\/\/www.europesays.com\/pl\/wp-json\/wp\/v2\/tags?post=158037"}],"curies":[{"name":"wp","href":"https:\/\/api.w.org\/{rel}","templated":true}]}}