{"id":158049,"date":"2025-12-18T14:08:09","date_gmt":"2025-12-18T14:08:09","guid":{"rendered":"https:\/\/www.europesays.com\/pl\/158049\/"},"modified":"2025-12-18T14:08:09","modified_gmt":"2025-12-18T14:08:09","slug":"fantastyczny-ruch-boniek-zachwycony-transferem","status":"publish","type":"post","link":"https:\/\/www.europesays.com\/pl\/158049\/","title":{"rendered":"&#8222;Fantastyczny ruch&#8221;. Boniek zachwycony transferem"},"content":{"rendered":"\n<p class=\"contentpart contentpart--default contentpart--text\" data-position=\"0\">&#8222;Fantastyczny ruch&#8221; &#8211; napisa\u0142 <a href=\"https:\/\/sportowefakty.wp.pl\/pilka-nozna\/zbigniew-boniek\" rel=\"nofollow noopener\" target=\"_blank\">Zbigniew Boniek<\/a>\u00a0w sieci, a do kr\u00f3tkiego wpisu doda\u0142 trzy emotikony d\u0142oni bij\u0105cych brawo oraz ikon\u0119 &#8222;top&#8221;.<\/p>\n<p class=\"contentpart contentpart--default contentpart--text\" data-position=\"1\">Wiadomo, kt\u00f3ry transfer komplementuje &#8222;Zibi&#8221;, poniewa\u017c zacytowa\u0142 wpis <a href=\"https:\/\/sportowefakty.wp.pl\/pilka-nozna\/widzew-lodz\" rel=\"nofollow noopener\" target=\"_blank\">Widzewa \u0141\u00f3d\u017a<\/a>, w kt\u00f3rym klub chwali si\u0119 mi\u0119dzy innymi komentarzem <a href=\"https:\/\/sportowefakty.wp.pl\/pilka-nozna\/kamil-grabara\" rel=\"nofollow noopener\" target=\"_blank\">Kamila Grabary<\/a>, bramkarza <a href=\"https:\/\/sportowefakty.wp.pl\/pilka-nozna\/polska\" rel=\"nofollow noopener\" target=\"_blank\">reprezentacji Polski<\/a>. Grabara tak\u017ce komplementuje wzmocnienie Widzewa.<\/p>\n<p> <img role=\"presentation\" src=\"https:\/\/std.wpcdn.pl\/images\/adv\/placeholder_wp.svg\" loading=\"lazy\" alt=\"\" decoding=\"async\"\/>  <\/p>\n<p class=\"contentpart contentpart--default contentpart--text\" data-position=\"2\"><a href=\"https:\/\/sportowefakty.wp.pl\/pilka-nozna\/lukas-lerager\" rel=\"nofollow noopener\" target=\"_blank\">Lukas  Lerager<\/a>, 10-krotny <a href=\"https:\/\/sportowefakty.wp.pl\/pilka-nozna\/dania\" rel=\"nofollow noopener\" target=\"_blank\">reprezentant Danii<\/a>, podpisa\u0142 z Widzewem kontrakt do 2028 roku z mo\u017cliwo\u015bci\u0105 przed\u0142u\u017cenia. Do zespo\u0142u z <a href=\"https:\/\/sportowefakty.wp.pl\/pilka-nozna\/pko-ekstraklasa\" rel=\"nofollow noopener\" target=\"_blank\">PKO Ekstraklasy<\/a>\u00a0przenosi si\u0119 po grze w <a href=\"https:\/\/sportowefakty.wp.pl\/pilka-nozna\/fc-kopenhaga\" rel=\"nofollow noopener\" target=\"_blank\">FC Kopenhaga<\/a>. 32-latek jest drugim wzmocnieniem Widzewa przed rund\u0105 wiosenn\u0105 po <a href=\"https:\/\/sportowefakty.wp.pl\/pilka-nozna\/christopher-cheng\" rel=\"nofollow noopener\" target=\"_blank\">Christopherze Chengu<\/a>. Lerager jest \u015brodkowym pomocnikiem.<\/p>\n<p class=\"contentpart contentpart--default contentpart--text\" data-position=\"3\">ZOBACZ WIDEO: #dziejesiewsporcie: Gol z po\u0142owy boiska. Mo\u017cna ogl\u0105da\u0107 i ogl\u0105da\u0107<\/p>\n<p class=\"contentpart contentpart--default contentpart--text\" data-position=\"5\"><a href=\"https:\/\/sportowefakty.wp.pl\/pilka-nozna\/dariusz-adamczuk\" rel=\"nofollow noopener\" target=\"_blank\">Dariusz Adamczuk<\/a>, kt\u00f3ry odpowiada za transfery Widzewa, liczy na wykorzystanie do\u015bwiadczenia i umiej\u0119tno\u015bci Lukasa Leragera. Nowy zawodnik ma pom\u00f3c Widzewowi w realizacji mocarstwowych plan\u00f3w. Co prawda jesieni\u0105 dru\u017cyna gra\u0142a nier\u00f3wno w ekstraklasie, ale awansowa\u0142a do \u0107wier\u0107fina\u0142u <a href=\"https:\/\/sportowefakty.wp.pl\/pilka-nozna\/puchar-polski\" rel=\"nofollow noopener\" target=\"_blank\">STS Pucharu Polski<\/a>.<\/p>\n<p class=\"contentpart contentpart--default contentpart--text\" data-position=\"6\">Wzmocnienia Widzewa nie m\u00f3g\u0142 przeoczy\u0107 Zbigniew Boniek, kt\u00f3ry nie tylko pasjonuje si\u0119 polsk\u0105 lig\u0105, ale r\u00f3wnie\u017c sympatyzuje z \u0142\u00f3dzkim klubem.<\/p>\n<p> <img role=\"presentation\" src=\"https:\/\/std.wpcdn.pl\/images\/adv\/placeholder_wp.svg\" loading=\"lazy\" alt=\"\" decoding=\"async\"\/>  <\/p>\n<p class=\"contentpart contentpart--default contentpart--text\" data-position=\"7\">Boniek jest jedn\u0105 z najbardziej rozpoznawalnych postaci w historii Widzewa. Do klubu trafi\u0142 w po\u0142owie lat 70. i sta\u0142 si\u0119 jego liderem. W barwach Widzewa zdoby\u0142 mi\u0119dzy innymi mistrzostwo kraju.<\/p>\n<p class=\"contentpart contentpart--default contentpart--text\" data-position=\"8\">Zwi\u0105zki Bo\u0144ka z Widzewem nie zako\u0144czy\u0142y si\u0119 wraz z transferem do <a href=\"https:\/\/sportowefakty.wp.pl\/pilka-nozna\/juventus-fc\" rel=\"nofollow noopener\" target=\"_blank\">Juventusu FC<\/a>. Przez lata podkre\u015bla\u0142 swoje przywi\u0105zanie do \u0142\u00f3dzkiego klubu, otwarcie m\u00f3wi\u0105c, \u017ce to w\u0142a\u015bnie Widzew ukszta\u0142towa\u0142 go jako sportowca.<\/p>\n","protected":false},"excerpt":{"rendered":"&#8222;Fantastyczny ruch&#8221; &#8211; napisa\u0142 Zbigniew Boniek\u00a0w sieci, a do kr\u00f3tkiego wpisu doda\u0142 trzy emotikony d\u0142oni bij\u0105cych brawo oraz&hellip;\n","protected":false},"author":2,"featured_media":140560,"comment_status":"","ping_status":"","sticky":false,"template":"","format":"standard","meta":{"footnotes":""},"categories":[24],"tags":[30643,3652,269,1724,42,38,40,39,41,127,126,2817,4065,4061],"class_list":{"0":"post-158049","1":"post","2":"type-post","3":"status-publish","4":"format-standard","5":"has-post-thumbnail","7":"category-sport","8":"tag-lukas-lerager","9":"tag-lodz","10":"tag-pilka-nozna","11":"tag-pko-ekstraklasa","12":"tag-pl","13":"tag-poland","14":"tag-polish","15":"tag-polska","16":"tag-polski","17":"tag-sport","18":"tag-sports","19":"tag-transfery","20":"tag-widzew-lodz","21":"tag-zbigniew-boniek"},"share_on_mastodon":{"url":"https:\/\/pubeurope.com\/@pl\/115740967532244819","error":""},"_links":{"self":[{"href":"https:\/\/www.europesays.com\/pl\/wp-json\/wp\/v2\/posts\/158049","targetHints":{"allow":["GET"]}}],"collection":[{"href":"https:\/\/www.europesays.com\/pl\/wp-json\/wp\/v2\/posts"}],"about":[{"href":"https:\/\/www.europesays.com\/pl\/wp-json\/wp\/v2\/types\/post"}],"author":[{"embeddable":true,"href":"https:\/\/www.europesays.com\/pl\/wp-json\/wp\/v2\/users\/2"}],"replies":[{"embeddable":true,"href":"https:\/\/www.europesays.com\/pl\/wp-json\/wp\/v2\/comments?post=158049"}],"version-history":[{"count":0,"href":"https:\/\/www.europesays.com\/pl\/wp-json\/wp\/v2\/posts\/158049\/revisions"}],"wp:featuredmedia":[{"embeddable":true,"href":"https:\/\/www.europesays.com\/pl\/wp-json\/wp\/v2\/media\/140560"}],"wp:attachment":[{"href":"https:\/\/www.europesays.com\/pl\/wp-json\/wp\/v2\/media?parent=158049"}],"wp:term":[{"taxonomy":"category","embeddable":true,"href":"https:\/\/www.europesays.com\/pl\/wp-json\/wp\/v2\/categories?post=158049"},{"taxonomy":"post_tag","embeddable":true,"href":"https:\/\/www.europesays.com\/pl\/wp-json\/wp\/v2\/tags?post=158049"}],"curies":[{"name":"wp","href":"https:\/\/api.w.org\/{rel}","templated":true}]}}