{"id":158062,"date":"2025-12-18T14:15:08","date_gmt":"2025-12-18T14:15:08","guid":{"rendered":"https:\/\/www.europesays.com\/pl\/158062\/"},"modified":"2025-12-18T14:15:08","modified_gmt":"2025-12-18T14:15:08","slug":"kamil-grabara-reaguje-na-wielki-transfer-widzewa-lodz-dosadnie-przeglad-sportowy-onet","status":"publish","type":"post","link":"https:\/\/www.europesays.com\/pl\/158062\/","title":{"rendered":"Kamil Grabara reaguje na wielki transfer Widzewa \u0141\u00f3d\u017a. Dosadnie &#8211; Przegl\u0105d Sportowy Onet"},"content":{"rendered":"<ol>\n<li><a href=\"https:\/\/news.google.com\/rss\/articles\/CBMixgFBVV95cUxNSVRSLTdBQ2VXTkJMeFpCV19OaDROMTdXQ1p0eW9HS2kwTGRhYVNNbUlJa1Zrd0VBU3dva3dlSGZnVmZkZWxSdGppTDQxSGdXdWZwZTF6VWVxMEVjMlJtMTNXRmVLUmgzMHNZb0lrTVRQdUtSTGpvZ1l1eUVDOWx0V3VSZlBURDVjbTdrTXo3b0VUY1hZX3RuWFdPdUQ3QWhkUFNwVy1vUFFtczJQS3V4OV8td1RzNkRWT2NiZzhQLVVQYTJwUGc?oc=5\" target=\"_blank\" rel=\"nofollow noopener\">Kamil Grabara reaguje na wielki transfer Widzewa \u0141\u00f3d\u017a. Dosadnie<\/a>&nbsp;&nbsp;Przegl\u0105d Sportowy Onet<\/li>\n<li><a href=\"https:\/\/news.google.com\/rss\/articles\/CBMiwAFBVV95cUxNT3dqYkoxTTlDWElfeWhKYnRvQTBaT2o1ckZqejhiSW5Xd1dqT1FEaFVfMTJDb0N2WGxxeDRCSTZXVnEyRlpoZnBJWjkweFJjXzJPQlVULTFFV2RyVkxhX1Iyc3ByUk9kZmg0bFA0d3o0S1ZQSHR2ZmdMd2RZM3ppdGxyalRpQWh2UUpKcVNqZllzaDJPNjdKa3hDSzB5QUk0YkNvaU15RktQaHo2blZ6NTRIR3MyOGFvX2ZFWFBVWHg?oc=5\" target=\"_blank\" rel=\"nofollow noopener\">To nie \u017cart. Tyle b\u0119dzie zarabia\u0107 nowa gwiazda Widzewa \u0141\u00f3d\u017a<\/a>&nbsp;&nbsp;Przegl\u0105d Sportowy Onet<\/li>\n<li><a href=\"https:\/\/news.google.com\/rss\/articles\/CBMimgFBVV95cUxPbTBtejRTWmNuV2RELU9yX0IyZFZ2TnJydUFfWnVudXdWR1d2WjlvLXBYcE9PUndGSk1SOEJkUFNTUmFVTkRJQXRHelR5V0JNYlZ0SXI0VW5MWk9CS004UWdGSmwwUHZCUEJaZFpvOTdjc01XdHdEWDhjMWNKcmxoeGVCLWxGZGRsZ2g3RF9SaWZ4ZTdVb3podEdB?oc=5\" target=\"_blank\" rel=\"nofollow noopener\">&#8222;Fantastyczny ruch&#8221;. Boniek zachwycony transferem<\/a>&nbsp;&nbsp;SportoweFakty<\/li>\n<li><a href=\"https:\/\/news.google.com\/rss\/articles\/CBMiZkFVX3lxTE15eTcwNC0xT3huRFlhYzY3S1ozYTV0TS1KZFpZdWZNYXpjamsxc0dqMExkUHR1SHRHU2M3anBzTVJfZG0yRnl2UWZQNVBfaWN2cmNtYkE1M0Rway1XaWc0M1pPMU1Ldw?oc=5\" target=\"_blank\" rel=\"nofollow noopener\">Lukas Lerager 2028!<\/a>&nbsp;&nbsp;Widzew \u0141\u00f3d\u017a &#8211; Strona Oficjalna<\/li>\n<li><a href=\"https:\/\/news.google.com\/rss\/articles\/CBMirAFBVV95cUxPLS0zbUp0Uy1SSlZJTGV4Tzlpa1Y0WGJyUUhFMHk5SGxZR0d5OENKUmNWRHdfSWZseG93VWxqNzdEWnJIcmgtUlBGaVRMcFRtTENWUXZEM2htYm1nYjZYcGhqNEY0dDFOVTF1bG80eDVZcC1GYnAtT19ucExpdXI4ZkkyWGhkYUxtMWN3enlzNldyN0xlc2Z6Mnd0bFhJRl9xZmpYNTV4cHhFSU9m?oc=5\" target=\"_blank\" rel=\"nofollow noopener\">Klub Ekstraklasy zacz\u0105\u0142 transferow\u0105 ofensyw\u0119. Gracz wprost z Ligi Mistrz\u00f3w<\/a>&nbsp;&nbsp;Sport.pl<\/li>\n<\/ol>\n","protected":false},"excerpt":{"rendered":"Kamil Grabara reaguje na wielki transfer Widzewa \u0141\u00f3d\u017a. Dosadnie&nbsp;&nbsp;Przegl\u0105d Sportowy Onet To nie \u017cart. Tyle b\u0119dzie zarabia\u0107 nowa&hellip;\n","protected":false},"author":2,"featured_media":158063,"comment_status":"","ping_status":"","sticky":false,"template":"","format":"standard","meta":{"footnotes":""},"categories":[24],"tags":[274,8109,67,10950,42,38,40,39,41,136,128,47,127,135,126,3469],"class_list":{"0":"post-158062","1":"post","2":"type-post","3":"status-publish","4":"format-standard","5":"has-post-thumbnail","7":"category-sport","8":"tag-ekstraklasa","9":"tag-fc_kopenhaga","10":"tag-intextvideo_splayer","11":"tag-kamil_grabara","12":"tag-pl","13":"tag-poland","14":"tag-polish","15":"tag-polska","16":"tag-polski","17":"tag-ps_detal_new","18":"tag-psv2","19":"tag-screening_general","20":"tag-sport","21":"tag-sport_sport","22":"tag-sports","23":"tag-widzew_lodz"},"share_on_mastodon":{"url":"https:\/\/pubeurope.com\/@pl\/115740994773907557","error":""},"_links":{"self":[{"href":"https:\/\/www.europesays.com\/pl\/wp-json\/wp\/v2\/posts\/158062","targetHints":{"allow":["GET"]}}],"collection":[{"href":"https:\/\/www.europesays.com\/pl\/wp-json\/wp\/v2\/posts"}],"about":[{"href":"https:\/\/www.europesays.com\/pl\/wp-json\/wp\/v2\/types\/post"}],"author":[{"embeddable":true,"href":"https:\/\/www.europesays.com\/pl\/wp-json\/wp\/v2\/users\/2"}],"replies":[{"embeddable":true,"href":"https:\/\/www.europesays.com\/pl\/wp-json\/wp\/v2\/comments?post=158062"}],"version-history":[{"count":0,"href":"https:\/\/www.europesays.com\/pl\/wp-json\/wp\/v2\/posts\/158062\/revisions"}],"wp:featuredmedia":[{"embeddable":true,"href":"https:\/\/www.europesays.com\/pl\/wp-json\/wp\/v2\/media\/158063"}],"wp:attachment":[{"href":"https:\/\/www.europesays.com\/pl\/wp-json\/wp\/v2\/media?parent=158062"}],"wp:term":[{"taxonomy":"category","embeddable":true,"href":"https:\/\/www.europesays.com\/pl\/wp-json\/wp\/v2\/categories?post=158062"},{"taxonomy":"post_tag","embeddable":true,"href":"https:\/\/www.europesays.com\/pl\/wp-json\/wp\/v2\/tags?post=158062"}],"curies":[{"name":"wp","href":"https:\/\/api.w.org\/{rel}","templated":true}]}}