{"id":158078,"date":"2025-12-18T14:23:13","date_gmt":"2025-12-18T14:23:13","guid":{"rendered":"https:\/\/www.europesays.com\/pl\/158078\/"},"modified":"2025-12-18T14:23:13","modified_gmt":"2025-12-18T14:23:13","slug":"na-nagrobku-magdy-umer-bedzie-widnialo-inne-imie-podano-szczegoly-2","status":"publish","type":"post","link":"https:\/\/www.europesays.com\/pl\/158078\/","title":{"rendered":"Na nagrobku Magdy Umer b\u0119dzie widnia\u0142o inne imi\u0119. Podano szczeg\u00f3\u0142y"},"content":{"rendered":"<p class=\"ods-c-paragraph \">Ceremonia po\u017cegnalna <a href=\"https:\/\/plejada.pl\/temat\/magda-umer\" id=\"1d2fbc4a-f1ac-49f9-bccd-0713ec895149\" rel=\"nofollow noopener\" target=\"_blank\">Magdy Umer<\/a> rozpocznie si\u0119 w sali po\u017cegna\u0144 na Cmentarzu Pow\u0105zki Wojskowe w Warszawie. Nast\u0119pnie trumna z cia\u0142em artystki zostanie przewieziona na pobliski Cmentarz Ewangelicko-Reformowany, gdzie spoczywa jej m\u0105\u017c, Andrzej Przeradzki. Taki przebieg uroczysto\u015bci zosta\u0142 potwierdzony &#8222;Faktowi&#8221; przez kancelari\u0119 Cmentarza Pow\u0105zki Wojskowe, kt\u00f3ra przekaza\u0142a, \u017ce pogrzeb nie odb\u0119dzie si\u0119 na Pow\u0105zkach Wojskowych, lecz w miejscu, kt\u00f3re wybra\u0142a sama Umer.<\/p>\n<p>Dalszy ci\u0105g artyku\u0142u pod materia\u0142em wideo<\/p>\n<p> Gdzie zostanie pochowana Magda Umer? <\/p>\n<p> Jakie imi\u0119 pojawi si\u0119 na nagrobku Magdy Umer? <\/p>\n<p> Kiedy odb\u0119dzie si\u0119 ceremonia po\u017cegnalna Magdy Umer? <\/p>\n<p> Jaki by\u0142 stan zdrowia Magdy Umer przed jej \u015bmierci\u0105? <\/p>\n<p>  Magda Umer zostanie pochowana pod innym imieniem. Znane s\u0105 szczeg\u00f3\u0142y   <\/p>\n<p class=\"ods-c-paragraph \">Wed\u0142ug informacji serwisu &#8222;Grobonet&#8221; na nagrobku nie pojawi si\u0119 imi\u0119, kt\u00f3rym pos\u0142ugiwa\u0142a si\u0119 przez lata dzia\u0142alno\u015bci artystycznej. Artystka zostanie pochowana jako Ma\u0142gorzata Umer-Przeradzka. To w\u0142a\u015bnie pod tym imieniem spocznie w rodzinnym grobie, zgodnie z jej wol\u0105.<\/p>\n<p class=\"ods-c-paragraph \">Franciszek Przeradzki, syn Magdy Umer, opowiada\u0142 o ostatnich miesi\u0105cach \u017cycia matki. W lipcu lekarze wykryli u niej guza, kt\u00f3ry po kilku tygodniach okaza\u0142 si\u0119 z\u0142o\u015bliwym nowotworem. We wrze\u015bniu przeprowadzono operacj\u0119, kt\u00f3ra dawa\u0142a nadziej\u0119 na popraw\u0119 stanu zdrowia. Umer wr\u00f3ci\u0142a na kr\u00f3tko do domu w pa\u017adzierniku, jednak w listopadzie pojawi\u0142y si\u0119 powik\u0142ania, a nast\u0119pnie dosz\u0142o do krwotoku.<\/p>\n<p class=\"ods-c-paragraph \">Artystka zmar\u0142a 12 grudnia w otoczeniu najbli\u017cszych. Dok\u0142adna godzina oraz szczeg\u00f3\u0142owy przebieg ceremonii pogrzebowej nie zosta\u0142y podane do publicznej wiadomo\u015bci.<\/p>\n<p><img decoding=\"async\" src=\"https:\/\/www.europesays.com\/pl\/wp-content\/uploads\/2025\/12\/f8Lk9lBaHR0cHM6Ly9vY2RuLmV1L3B1bHNjbXMvTURBXy9lMzNlMmY5Y2Y5NGI2N2Y1ZDk0YTk3YzQzNGE2NWM3NC5qcGeRlQLNA.jpeg\" height=\"529\" width=\"940\" alt=\"Magda Umer w 2024 r.\" loading=\"lazy\" class=\"ods-c-image__img ods-c-image__img--vertical\"\/><\/p>\n<p>Magda Umer w 2024 r.Szymon Pulcyn \/ PAP<\/p>\n<p class=\"ods-c-paragraph \">Dzi\u0119kujemy, \u017ce przeczyta\u0142a\u015b\/e\u015b nasz artyku\u0142 do ko\u0144ca. W serwisie Plejada.pl ka\u017cdego dnia piszemy o najwa\u017cniejszych wydarzeniach show-biznesowych. B\u0105d\u017a na bie\u017c\u0105co! <a rel=\"nofollow noopener\" href=\"https:\/\/profile.google.com\/cp\/Cg0vZy8xMWJ6X19wdHBx\" id=\"879c7569-791b-4376-8a6f-4fb2e6bce05d\" target=\"_blank\">Obserwuj<\/a> Plejad\u0119 w Wiadomo\u015bciach Google. Odwied\u017a nas tak\u017ce na <a rel=\"nofollow noopener\" href=\"https:\/\/www.facebook.com\/plejadapl\" id=\"6beb3f81-408b-42f2-b88d-a8275862d0ec\" target=\"_blank\">Facebooku<\/a>, <a rel=\"nofollow noopener\" href=\"https:\/\/www.instagram.com\/plejadapl\/\" id=\"bcfec5d6-0f75-4a17-bff5-8ed9d0156743\" target=\"_blank\">Instagramie<\/a>, <a rel=\"nofollow noopener\" href=\"https:\/\/www.youtube.com\/c\/plejada\" id=\"b4f093eb-bcd5-47e4-8835-005215b36b6e\" target=\"_blank\">YouTube<\/a> oraz <a rel=\"nofollow noopener\" href=\"https:\/\/www.tiktok.com\/@plejada_pl\" id=\"5cf0529c-760c-4ef7-a465-63a7cc004848\" target=\"_blank\">TikToku<\/a>.<\/p>\n<p class=\"ods-c-paragraph \">Chcesz podzieli\u0107 si\u0119 ciekawym newsem lub zaproponowa\u0107 temat? Skontaktuj si\u0119 z nami, pisz\u0105c e-maila na adres: <a rel=\"nofollow noopener\" href=\"https:\/\/plejada.pl\/newsy\/na-nagrobku-magdy-umer-bedzie-widnialo-inne-imie-podano-szczegoly\/mailto:plejada@redakcjaonet.pl\" id=\"04dfc79b-1042-4f27-88a1-acb16e1373f0\" target=\"_blank\">plejada@redakcjaonet.pl<\/a>.<\/p>\n<p><script async src=\"\/\/www.instagram.com\/embed.js\"><\/script><script async src=\"\/\/www.tiktok.com\/embed.js\"><\/script><\/p>\n","protected":false},"excerpt":{"rendered":"Ceremonia po\u017cegnalna Magdy Umer rozpocznie si\u0119 w sali po\u017cegna\u0144 na Cmentarzu Pow\u0105zki Wojskowe w Warszawie. Nast\u0119pnie trumna z&hellip;\n","protected":false},"author":2,"featured_media":158079,"comment_status":"","ping_status":"","sticky":false,"template":"","format":"standard","meta":{"footnotes":""},"categories":[22],"tags":[122,29723,48,125,46,42,393,38,40,39,41,123,47],"class_list":{"0":"post-158078","1":"post","2":"type-post","3":"status-publish","4":"format-standard","5":"has-post-thumbnail","7":"category-rozrywka","8":"tag-entertainment","9":"tag-magda_umer","10":"tag-nat_styl","11":"tag-newsy","12":"tag-omp","13":"tag-pl","14":"tag-pogrzeb","15":"tag-poland","16":"tag-polish","17":"tag-polska","18":"tag-polski","19":"tag-rozrywka","20":"tag-screening_general"},"share_on_mastodon":{"url":"https:\/\/pubeurope.com\/@pl\/115741026339953522","error":""},"_links":{"self":[{"href":"https:\/\/www.europesays.com\/pl\/wp-json\/wp\/v2\/posts\/158078","targetHints":{"allow":["GET"]}}],"collection":[{"href":"https:\/\/www.europesays.com\/pl\/wp-json\/wp\/v2\/posts"}],"about":[{"href":"https:\/\/www.europesays.com\/pl\/wp-json\/wp\/v2\/types\/post"}],"author":[{"embeddable":true,"href":"https:\/\/www.europesays.com\/pl\/wp-json\/wp\/v2\/users\/2"}],"replies":[{"embeddable":true,"href":"https:\/\/www.europesays.com\/pl\/wp-json\/wp\/v2\/comments?post=158078"}],"version-history":[{"count":0,"href":"https:\/\/www.europesays.com\/pl\/wp-json\/wp\/v2\/posts\/158078\/revisions"}],"wp:featuredmedia":[{"embeddable":true,"href":"https:\/\/www.europesays.com\/pl\/wp-json\/wp\/v2\/media\/158079"}],"wp:attachment":[{"href":"https:\/\/www.europesays.com\/pl\/wp-json\/wp\/v2\/media?parent=158078"}],"wp:term":[{"taxonomy":"category","embeddable":true,"href":"https:\/\/www.europesays.com\/pl\/wp-json\/wp\/v2\/categories?post=158078"},{"taxonomy":"post_tag","embeddable":true,"href":"https:\/\/www.europesays.com\/pl\/wp-json\/wp\/v2\/tags?post=158078"}],"curies":[{"name":"wp","href":"https:\/\/api.w.org\/{rel}","templated":true}]}}