{"id":158082,"date":"2025-12-18T14:25:09","date_gmt":"2025-12-18T14:25:09","guid":{"rendered":"https:\/\/www.europesays.com\/pl\/158082\/"},"modified":"2025-12-18T14:25:09","modified_gmt":"2025-12-18T14:25:09","slug":"na-paczkomacie-zawisla-kartka-kurier-ma-prosbe-do-uzytkownikow-zdjecie","status":"publish","type":"post","link":"https:\/\/www.europesays.com\/pl\/158082\/","title":{"rendered":"Na paczkomacie zawis\u0142a kartka. Kurier ma pro\u015bb\u0119 do u\u017cytkownik\u00f3w [ZDJ\u0118CIE]"},"content":{"rendered":"<p class=\"Paragraph_desktopParagraph__U31Gm\">Jak co roku w okresie przed\u015bwi\u0105tecznym w sieci wraca temat kurier\u00f3w i oczekiwa\u0144 wobec nich. Jedni narzekaj\u0105, \u017ce nie da\u0142 zna\u0107, \u017ce przyjedzie, drudzy, \u017ce przyjecha\u0142 w z\u0142ym terminie, a jeszcze inni, \u017ce zostawi\u0142 paczk\u0119 w innym punkcie, ni\u017c oczekiwali.<\/p>\n<p class=\"VideoPlayerText_videoPlayerText__iDwyz\">Dalszy ci\u0105g materia\u0142u pod wideo<\/p>\n<ul class=\"OchatFollowUps_wrapper__1ry7X\">\n<li class=\"OchatFollowUps_item__Dhyly OchatFollowUps_itemDesktop__R6aBv\">Jaka by\u0142a tre\u015b\u0107 kartki pozostawionej przez kuriera?<\/li>\n<li class=\"OchatFollowUps_item__Dhyly OchatFollowUps_itemDesktop__R6aBv\">Co si\u0119 dzieje z paczkami, gdy brakuje miejsca w paczkomacie?<\/li>\n<li class=\"OchatFollowUps_item__Dhyly OchatFollowUps_itemDesktop__R6aBv\">Jak d\u0142ugo paczka b\u0119dzie magazynowana w innym miejscu?<\/li>\n<li class=\"OchatFollowUps_item__Dhyly OchatFollowUps_itemDesktop__R6aBv\">Jak daleko mo\u017ce by\u0107 nowy punkt odbioru paczki od pierwotnego?<\/li>\n<\/ul>\n<p>Kurier zostawi\u0142 wiadomo\u015b\u0107 dla klient\u00f3w <\/p>\n<p class=\"Paragraph_desktopParagraph__U31Gm\">Faktycznie ostatnia z kwestii cz\u0119sto si\u0119 zdarza, szczeg\u00f3lnie w listopadzie i grudniu przesy\u0142ek jest wi\u0119cej ni\u017c zwykle. Wynika to z licznych promocji z okazji Black Friday oraz zbli\u017caj\u0105cych si\u0119 \u015bwi\u0105t Bo\u017cego Narodzenia. Paczkomaty s\u0105 przepe\u0142nione, a dostawcy szukaj\u0105 rozwi\u0105za\u0144 i najbli\u017cszych punkt\u00f3w, w kt\u00f3rych mog\u0105 zostawi\u0107 przesy\u0142ki do czasu, kiedy nie zwolni\u0105 si\u0119 te, kt\u00f3re klienci wybierali w trakcie sk\u0142adania zam\u00f3wienia.<\/p>\n<p class=\"Paragraph_desktopParagraph__U31Gm\">W zwi\u0105zku z tym jeden z kurier\u00f3w postanowi\u0142 zwr\u00f3ci\u0107 si\u0119 do odbieraj\u0105cych paczki. U\u017cytkowniczka TikToka pokaza\u0142a na nagraniu, jak\u0105 kartk\u0119 znalaz\u0142a przy skrytkach w Paczkomacie InPost.<\/p>\n<p class=\"Paragraph_desktopParagraph__U31Gm\">&#8222;W okresie przed\u015bwi\u0105tecznym prosz\u0119 o jak najszybszy odbi\u00f3r paczek. Pozdrawiam, kurier&#8221; \u2014 mo\u017cna przeczyta\u0107 na kartce.<\/p>\n<p class=\"Paragraph_desktopParagraph__U31Gm\">Kobieta kr\u00f3tko podsumowa\u0142a, \u017ce to &#8222;dobry apel&#8221; i warto &#8222;pom\u00f3c kurierom&#8221;.<\/p>\n<p>Co dzieje si\u0119 z paczkami, dla kt\u00f3rych brakuje miejsc w paczkomacie? <\/p>\n<p class=\"Paragraph_desktopParagraph__U31Gm\">Firma InPost na swojej stronie internetowej wyja\u015bni\u0142a, co dzieje si\u0119 z paczkami, dla kt\u00f3rych brakuje miejsca. S\u0105 one tymczasowo magazynowane w pobliskim dost\u0119pnym automacie Paczkomat lub PaczkoPunkcie.<\/p>\n<p class=\"Paragraph_desktopParagraph__U31Gm\">&#8222;Pozostanie tam przez 1 pe\u0142ny dzie\u0144 kalendarzowy \u2014 je\u015bli jej nie odbierzesz, wr\u00f3ci do pierwotnie wybranego urz\u0105dzenia&#8221; \u2014 mo\u017cna przeczyta\u0107.<\/p>\n<p class=\"Paragraph_desktopParagraph__U31Gm\">Firma dodaje, \u017ce maksymalna odleg\u0142o\u015b\u0107 pomi\u0119dzy pierwotnie wybranym automatem Paczkomat i automatem, do kt\u00f3rego przesy\u0142ka jest przeniesiona, wynosi 2 km liczone w linii prostej.<\/p>\n","protected":false},"excerpt":{"rendered":"Jak co roku w okresie przed\u015bwi\u0105tecznym w sieci wraca temat kurier\u00f3w i oczekiwa\u0144 wobec nich. Jedni narzekaj\u0105, \u017ce&hellip;\n","protected":false},"author":2,"featured_media":158083,"comment_status":"","ping_status":"","sticky":false,"template":"","format":"standard","meta":{"footnotes":""},"categories":[16],"tags":[113,112,5154,67,7608,53,52,68,51,5156,55,42,38,40,39,41,47,196,65,50],"class_list":{"0":"post-158082","1":"post","2":"type-post","3":"status-publish","4":"format-standard","5":"has-post-thumbnail","7":"category-biznes","8":"tag-biznes","9":"tag-business","10":"tag-inpost","11":"tag-intextvideo_splayer","12":"tag-kurier","13":"tag-new_header","14":"tag-onet3","15":"tag-onet3d","16":"tag-onet3d_2i","17":"tag-paczkomat","18":"tag-phx","19":"tag-pl","20":"tag-poland","21":"tag-polish","22":"tag-polska","23":"tag-polski","24":"tag-screening_general","25":"tag-styl_zycia","26":"tag-update_me","27":"tag-v2021"},"share_on_mastodon":{"url":"https:\/\/pubeurope.com\/@pl\/115741034205051296","error":""},"_links":{"self":[{"href":"https:\/\/www.europesays.com\/pl\/wp-json\/wp\/v2\/posts\/158082","targetHints":{"allow":["GET"]}}],"collection":[{"href":"https:\/\/www.europesays.com\/pl\/wp-json\/wp\/v2\/posts"}],"about":[{"href":"https:\/\/www.europesays.com\/pl\/wp-json\/wp\/v2\/types\/post"}],"author":[{"embeddable":true,"href":"https:\/\/www.europesays.com\/pl\/wp-json\/wp\/v2\/users\/2"}],"replies":[{"embeddable":true,"href":"https:\/\/www.europesays.com\/pl\/wp-json\/wp\/v2\/comments?post=158082"}],"version-history":[{"count":0,"href":"https:\/\/www.europesays.com\/pl\/wp-json\/wp\/v2\/posts\/158082\/revisions"}],"wp:featuredmedia":[{"embeddable":true,"href":"https:\/\/www.europesays.com\/pl\/wp-json\/wp\/v2\/media\/158083"}],"wp:attachment":[{"href":"https:\/\/www.europesays.com\/pl\/wp-json\/wp\/v2\/media?parent=158082"}],"wp:term":[{"taxonomy":"category","embeddable":true,"href":"https:\/\/www.europesays.com\/pl\/wp-json\/wp\/v2\/categories?post=158082"},{"taxonomy":"post_tag","embeddable":true,"href":"https:\/\/www.europesays.com\/pl\/wp-json\/wp\/v2\/tags?post=158082"}],"curies":[{"name":"wp","href":"https:\/\/api.w.org\/{rel}","templated":true}]}}