{"id":158088,"date":"2025-12-18T14:28:08","date_gmt":"2025-12-18T14:28:08","guid":{"rendered":"https:\/\/www.europesays.com\/pl\/158088\/"},"modified":"2025-12-18T14:28:08","modified_gmt":"2025-12-18T14:28:08","slug":"trybunal-konstytucyjny-reaguje-na-niekorzystny-wyrok-tsue-nie-ma-wplywu","status":"publish","type":"post","link":"https:\/\/www.europesays.com\/pl\/158088\/","title":{"rendered":"Trybuna\u0142 Konstytucyjny reaguje na niekorzystny wyrok TSUE. &#8222;Nie ma wp\u0142ywu&#8221;"},"content":{"rendered":"<p class=\"Paragraph_desktopParagraph__U31Gm\"><a href=\"https:\/\/wiadomosci.onet.pl\/kraj\/tsue-wydal-wyrok-w-sprawie-tk-narusza-podstawowe-zasady-prawa-ue\/ss1wdld\" id=\"aecea620-2f10-4320-99ee-5846029464bd\" rel=\"nofollow noopener\" target=\"_blank\">TSUE orzek\u0142, \u017ce TK naruszy\u0142 prawo Unii, nie respektuj\u0105c wyrok\u00f3w TSUE, a ponadto TK nie spe\u0142nia wymog\u00f3w niezawis\u0142ego i bezstronnego s\u0105du<\/a>, ustanowionego uprzednio ustaw\u0105, z powodu nieprawid\u0142owo\u015bci w powo\u0142aniu trzech jego cz\u0142onk\u00f3w oraz prezesa. Skarga Komisji Europejskiej w sprawie, w kt\u00f3rej TUSE orzeka\u0142 w czwartek, skierowana by\u0142a w 2023 r., chodzi wi\u0119c o powo\u0142anie \u00f3wczesnej prezes TK Julii Przy\u0142\u0119bskiej na t\u0119 funkcj\u0119.<\/p>\n<p class=\"VideoPlayerText_videoPlayerText__iDwyz\">Dalszy ci\u0105g materia\u0142u pod wideo<\/p>\n<ul class=\"OchatFollowUps_wrapper__1ry7X\">\n<li class=\"OchatFollowUps_item__Dhyly OchatFollowUps_itemDesktop__R6aBv\">Jak Trybuna\u0142 Konstytucyjny zareagowa\u0142 na wyrok TSUE?<\/li>\n<li class=\"OchatFollowUps_item__Dhyly OchatFollowUps_itemDesktop__R6aBv\">Co m\u00f3wi komunikat Trybuna\u0142u Konstytucyjnego?<\/li>\n<li class=\"OchatFollowUps_item__Dhyly OchatFollowUps_itemDesktop__R6aBv\">Kiedy Komisja Europejska wnios\u0142a skarg\u0119 do TSUE?<\/li>\n<li class=\"OchatFollowUps_item__Dhyly OchatFollowUps_itemDesktop__R6aBv\">Jakie by\u0142y powody skargi Komisji Europejskiej?<\/li>\n<\/ul>\n<p>Oto reakcja Trybuna\u0142u Konstytucyjnego na decyzj\u0119 TSUE <\/p>\n<p class=\"Paragraph_desktopParagraph__U31Gm\">&#8222;Decyzja TSUE nie ma \u017cadnego wp\u0142ywu na funkcjonowanie konstytucyjnych organ\u00f3w Rzeczypospolitej Polskiej. Zapad\u0142a ona ca\u0142kowicie poza kompetencjami tego organu. Do TSUE nie nale\u017cy ocena polskiej Konstytucji ani polskiego TK&#8221; \u2014 g\u0142osi o\u015bwiadczenie opublikowane w czwartek na stronie internetowej TK.<\/p>\n<p class=\"Paragraph_desktopParagraph__U31Gm\">Jak dodano, &#8222;najwy\u017cszym prawem w Rzeczypospolitej Polskiej jest Konstytucja, a nie decyzje zagranicznych organ\u00f3w \u2014 Polska nie zrzek\u0142a si\u0119 tego, wst\u0119puj\u0105c do UE, nie przekaza\u0142a unijnym organom kompetencji dotycz\u0105cych w\u0142adzy s\u0105downiczej i wymiaru sprawiedliwo\u015bci&#8221;.<\/p>\n<p class=\"Paragraph_desktopParagraph__U31Gm\">&#8222;Potwierdza to niezmienne orzecznictwo TK, pocz\u0105wszy od wyroku z 11 maja 2005 r., w sk\u0142adzie pod przewodnictwem prof. Marka Safjana, w kt\u00f3rym stwierdzono: \u00bbKonstytucja RP pozostaje \u2014 z racji swej szczeg\u00f3lnej mocy \u2014 \u00abprawem najwy\u017cszym Rzeczypospolitej Polskiej\u00bb w stosunku do wszystkich wi\u0105\u017c\u0105cych Rzeczpospolit\u0105 Polsk\u0105 um\u00f3w mi\u0119dzynarodowych, do kt\u00f3rych zaliczaj\u0105 si\u0119 tak\u017ce umowy stanowi\u0105ce podstaw\u0119 przekazania kompetencji \u00abw niekt\u00f3rych sprawach\u00bb. Pierwsze\u0144stwo prawa unijnego (art. 91 ust. 3) dotyczy tylko ustaw, nie Konstytucji&#8221; \u2014 g\u0142osi o\u015bwiadczenie TK.<\/p>\n<p>Sprawa polskiego Trybuna\u0142u Konstytucyjnego przed TSUE <\/p>\n<p class=\"Paragraph_desktopParagraph__U31Gm\">Skarg\u0119, w sprawie kt\u00f3rej orzeka\u0142 w czwartek TSUE, skierowa\u0142a w 2023 r. Komisja Europejska po wydaniu przez TK dw\u00f3ch wyrok\u00f3w podwa\u017caj\u0105cych pierwsze\u0144stwo prawa unijnego przed prawem krajowym we Wsp\u00f3lnocie. Do skargi Komisji do\u0142\u0105czy\u0142y Belgia i Holandia.<\/p>\n<p class=\"Paragraph_desktopParagraph__U31Gm\">W skardze KE domaga\u0142a si\u0119 te\u017c stwierdzenia, \u017ce TK nie spe\u0142nia wymog\u00f3w niezawis\u0142ego i bezstronnego s\u0105du ustanowionego uprzednio na mocy ustawy, w zwi\u0105zku z nieprawid\u0142owo\u015bciami w procedurach powo\u0142ania trzech s\u0119dzi\u00f3w w grudniu 2015 r. oraz w procedurze powo\u0142ania Julii Przy\u0142\u0119bskiej na prezesa TK w grudniu 2016 r.<\/p>\n<p class=\"Paragraph_desktopParagraph__U31Gm\">Wyroki podwa\u017caj\u0105ce prymat prawa unijnego polski trybuna\u0142 wyda\u0142 14 lipca i 7 pa\u017adziernika 2021 r. By\u0142o to nast\u0119pstwem zmian w polskim s\u0105downictwie, przeprowadzonych przez \u00f3wczesny rz\u0105d Prawa i Sprawiedliwo\u015bci i kwestionowanych przez KE, a potem TSUE.<\/p>\n<p class=\"Paragraph_desktopParagraph__U31Gm\">Wyrok z 14 lipca 2021 r. odnosi\u0142 si\u0119 do stosowania przez TSUE \u015brodk\u00f3w tymczasowych dotycz\u0105cych polskiego s\u0105downictwa. TK uzna\u0142 za niezgodny z konstytucj\u0105 zapis w unijnym traktacie, na podstawie kt\u00f3rego TSUE nakaza\u0142 w ramach zabezpieczenia zawieszenie dzia\u0142ania Izby Dyscyplinarnej S\u0105du Najwy\u017cszego do czasu wydania ostatecznego wyroku przez trybuna\u0142 w Luksemburgu. P\u00f3\u017aniej TSUE na\u0142o\u017cy\u0142 na Polsk\u0119 kary dzienne za niezastosowanie si\u0119 do tego nakazu.<\/p>\n<p class=\"Paragraph_desktopParagraph__U31Gm\">Wyrok z 7 pa\u017adziernika 2021 r. odpowiada\u0142 na pytanie \u00f3wczesnego premiera Mateusza Morawieckiego, kt\u00f3ry chcia\u0142 kompleksowego rozstrzygni\u0119cia kwestii kolizji norm prawa europejskiego z polsk\u0105 konstytucj\u0105. TK stwierdzi\u0142, \u017ce przepisy europejskie uprawniaj\u0105ce s\u0105dy krajowe do pomijania przepis\u00f3w konstytucji lub orzekania na podstawie uchylonych norm s\u0105 niezgodne z Konstytucj\u0105 RP. &#8222;Unijne traktaty \u2014 jako akty prawa mi\u0119dzynarodowego \u2014 maj\u0105 pierwsze\u0144stwo przed prawem krajowym rangi ustawowej, nie mog\u0105 jednak wyprzedza\u0107 konstytucji&#8221; \u2014 uzna\u0142 TK.<\/p>\n<p class=\"Paragraph_desktopParagraph__U31Gm\">W czwartkowym wyroku Trybuna\u0142 Sprawiedliwo\u015bci UE w pe\u0142ni uwzgl\u0119dni\u0142 skarg\u0119 Komisji Europejskiej.<\/p>\n<p class=\"Paragraph_desktopParagraph__U31Gm\">TSUE podkre\u015bli\u0142, \u017ce Polska nie mo\u017ce powo\u0142ywa\u0107 si\u0119 na swoj\u0105 to\u017csamo\u015b\u0107 konstytucyjn\u0105, aby uchyli\u0107 si\u0119 od respektowania wsp\u00f3lnych warto\u015bci zapisanych w art. 2 Traktatu o UE, takich jak pa\u0144stwo prawne, skuteczna ochrona s\u0105dowa i niezale\u017cno\u015b\u0107 wymiaru sprawiedliwo\u015bci, bowiem warto\u015bci te &#8222;stanowi\u0105 podstaw\u0119 samej to\u017csamo\u015bci Unii, do kt\u00f3rej Polska przyst\u0105pi\u0142a dobrowolnie&#8221;.<\/p>\n","protected":false},"excerpt":{"rendered":"TSUE orzek\u0142, \u017ce TK naruszy\u0142 prawo Unii, nie respektuj\u0105c wyrok\u00f3w TSUE, a ponadto TK nie spe\u0142nia wymog\u00f3w niezawis\u0142ego&hellip;\n","protected":false},"author":2,"featured_media":158089,"comment_status":"","ping_status":"","sticky":false,"template":"","format":"standard","meta":{"footnotes":""},"categories":[5],"tags":[32,33,36,37,27,67,31387,2178,34,35,28,31,53,25,52,68,51,55,42,38,40,39,2847,41,47,29,30,4057,22728,61,65,50,26],"class_list":{"0":"post-158088","1":"post","2":"type-post","3":"status-publish","4":"format-standard","5":"has-post-thumbnail","7":"category-naglowki","8":"tag-breaking-news","9":"tag-breakingnews","10":"tag-featured-news","11":"tag-featurednews","12":"tag-headlines","13":"tag-intextvideo_splayer","14":"tag-julia_przylebska_prezes_tk","15":"tag-komisja_europejska","16":"tag-latest-news","17":"tag-latestnews","18":"tag-naglowki","19":"tag-najwazniejsze-artykuly","20":"tag-new_header","21":"tag-news","22":"tag-onet3","23":"tag-onet3d","24":"tag-onet3d_2i","25":"tag-phx","26":"tag-pl","27":"tag-poland","28":"tag-polish","29":"tag-polska","30":"tag-polska_polak_polka_polacy_polki","31":"tag-polski","32":"tag-screening_general","33":"tag-top-stories","34":"tag-topstories","35":"tag-trybunal_konstytucyjny","36":"tag-tsue_trybunal_sprawiedliwosci_unii_europejskiej","37":"tag-ue_unia_europejska_komisja_rada_komisarze","38":"tag-update_me","39":"tag-v2021","40":"tag-wiadomosci"},"share_on_mastodon":{"url":"","error":"Validation failed: Text character limit of 500 exceeded"},"_links":{"self":[{"href":"https:\/\/www.europesays.com\/pl\/wp-json\/wp\/v2\/posts\/158088","targetHints":{"allow":["GET"]}}],"collection":[{"href":"https:\/\/www.europesays.com\/pl\/wp-json\/wp\/v2\/posts"}],"about":[{"href":"https:\/\/www.europesays.com\/pl\/wp-json\/wp\/v2\/types\/post"}],"author":[{"embeddable":true,"href":"https:\/\/www.europesays.com\/pl\/wp-json\/wp\/v2\/users\/2"}],"replies":[{"embeddable":true,"href":"https:\/\/www.europesays.com\/pl\/wp-json\/wp\/v2\/comments?post=158088"}],"version-history":[{"count":0,"href":"https:\/\/www.europesays.com\/pl\/wp-json\/wp\/v2\/posts\/158088\/revisions"}],"wp:featuredmedia":[{"embeddable":true,"href":"https:\/\/www.europesays.com\/pl\/wp-json\/wp\/v2\/media\/158089"}],"wp:attachment":[{"href":"https:\/\/www.europesays.com\/pl\/wp-json\/wp\/v2\/media?parent=158088"}],"wp:term":[{"taxonomy":"category","embeddable":true,"href":"https:\/\/www.europesays.com\/pl\/wp-json\/wp\/v2\/categories?post=158088"},{"taxonomy":"post_tag","embeddable":true,"href":"https:\/\/www.europesays.com\/pl\/wp-json\/wp\/v2\/tags?post=158088"}],"curies":[{"name":"wp","href":"https:\/\/api.w.org\/{rel}","templated":true}]}}