{"id":158090,"date":"2025-12-18T14:29:14","date_gmt":"2025-12-18T14:29:14","guid":{"rendered":"https:\/\/www.europesays.com\/pl\/158090\/"},"modified":"2025-12-18T14:29:14","modified_gmt":"2025-12-18T14:29:14","slug":"byla-prezes-akwawitu-skazana-ma-oddac-3-miliony-i-isc-do-wiezienia","status":"publish","type":"post","link":"https:\/\/www.europesays.com\/pl\/158090\/","title":{"rendered":"By\u0142a prezes Akwawitu skazana. Ma odda\u0107 3 miliony i i\u015b\u0107 do wi\u0119zienia"},"content":{"rendered":"\n<td valign=\"top\" colspan=\"2\">\n<tr>\n<td style=\"line-height: 22px !important;\"><img decoding=\"async\" src=\"https:\/\/www.europesays.com\/pl\/wp-content\/uploads\/2025\/12\/20251218125253995-5.jpg\" style=\"opacity: 1; visibility: visible;\" \/><br \/> (Fot. Archiwum)<\/p>\n<p>  Przed S\u0105dem Okr\u0119gowym w Poznaniu zapad\u0142 wyrok w procesie by\u0142ej prezes CKiR Akwawit w Lesznie, oskar\u017conej o przyw\u0142aszczenie ponad 3 milion\u00f3w z\u0142otych na szkod\u0119 dw\u00f3ch sp\u00f3\u0142ek, w kt\u00f3rych pracowa\u0142a. S\u0105d uzna\u0142, \u017ce jest winna i skaza\u0142 j\u0105 na kar\u0119 prawie 2 lat wi\u0119zienia. Oskar\u017cona ma te\u017c zwr\u00f3ci\u0107 przyw\u0142aszczone pieni\u0105dze.          <\/p>\n<\/td>\n<\/tr>\n<p>   Dy\u017curny reporter: <img decoding=\"async\" style=\"padding: 0; margin: 0; width: 22px; position: relative; top: 2px; margin-left: 5px; margin-right: 5px;\" src=\"https:\/\/www.europesays.com\/pl\/wp-content\/uploads\/2025\/10\/telefonKontakt.png\" \/>667 70 70 60  Proces by\u0142ej prezes CKiR Akwawit toczy\u0142 si\u0119 od ubieg\u0142ego roku. Prokuratura Rejonowa w Lesznie oskar\u017cy\u0142a j\u0105 o przyw\u0142aszczenie mienia znacznej warto\u015bci. Poszkodowanymi by\u0142y sp\u00f3\u0142ka CKiR Akwawit nale\u017c\u0105ca do Danuty Gudzowaty i sp\u00f3\u0142ka NBNS, kt\u00f3rej w\u0142a\u015bcicielem jest leszczy\u0144ski przedsi\u0119biorca Leszek Janusz. Edyta K. by\u0142a prezesem sp\u00f3\u0142ki CKiR Akwawit od 2018 roku, to ona w imieniu Danuty Gudzowaty negocjowa\u0142a sprzeda\u017c p\u0142ywalni, kt\u00f3r\u0105 kupi\u0142 samorz\u0105d Leszna oraz sprzeda\u017c hotelu sp\u00f3\u0142ce Leszka Janusza. Ze stanowiskiem po\u017cegna\u0142a si\u0119 w lutym 2023 roku, po jakim\u015b czasie prokuratura wszcz\u0119\u0142a \u015bledztwo w sprawie przyw\u0142aszczenia mienia.       <\/p>\n<p>  \u015aledczy wyliczyli, \u017ce przyw\u0142aszczenie mienia sp\u00f3\u0142ki CKiR Akwawit dotyczy\u0142o kwoty ponad 2 915 000 z\u0142otych. -Oskar\u017cona dokona\u0142a szeregu przelew\u00f3w na konta nale\u017c\u0105ce do niej oraz innych os\u00f3b, a tak\u017ce szeregu wyp\u0142at got\u00f3wkowych &#8211; m\u00f3wi\u0142 po z\u0142o\u017ceniu aktu oskar\u017cenia Przemys\u0142aw Grze\u015bkowiak, Prokurator Rejonowy w Lesznie. Przypomnijmy, \u017ce nieczynna p\u0142ywalnia zosta\u0142a zakupiona przez miasto za 2,7 miliona z\u0142otych. Drugi zarzut dotyczy\u0142 przyw\u0142aszczenia pieni\u0119dzy nale\u017c\u0105cych do sp\u00f3\u0142ki NBNS. -To by\u0142y \u015brodki powierzone jej z tytu\u0142u zlecenia na mocy umowy kompleksowego zarz\u0105dzania nieruchomo\u015bci\u0105 przy ul. \u015bw. J\u00f3zefa, by\u0142y to r\u00f3wnie\u017c wyp\u0142aty got\u00f3wkowe i przyw\u0142aszczenie pieni\u0119dzy z utarg\u00f3w hotelu &#8211; m\u00f3wi\u0142 prokurator. W tym przypadku chodzi\u0142o o kwot\u0119 prawie 140 tysi\u0119cy z\u0142otych.  <\/p>\n<p>  Prokuratura Rejonowa w Lesznie poinformowa\u0142a nas o wyroku, kt\u00f3ry zapad\u0142 w tej sprawie przed S\u0105dem Okr\u0119gowym w Poznaniu. -S\u0105d uzna\u0142 oskar\u017con\u0105 za winn\u0105 pope\u0142nienia obu zarzut\u00f3w &#8211; powiedzia\u0142 Przemys\u0142aw Grze\u015bkowiak &#8211; \u0142\u0105czna kara to 1 rok i 10 miesi\u0119cy pozbawienia wolno\u015bci i 10 tysi\u0119cy z\u0142otych grzywny. Poza tym oskar\u017cona ma naprawi\u0107 szkod\u0119: zap\u0142aci\u0107 ponad 2 915 000 z\u0142otych sp\u00f3\u0142ce CKiR Akwawit i 140 000 z\u0142otych sp\u00f3\u0142ce NBNS. Wyrok nie jest prawomocny.  <\/p>\n<p>\u00a0<\/p>\n<tr>\n<td align=\"right\" style=\"padding-left: 5px; padding-right: 0px;\"> <a href=\"https:\/\/elka.pl\/content\/view\/128029\/80\/#dodajkomentarz\" rel=\"nofollow noopener\" target=\"_blank\"><img decoding=\"async\" border=\"0\" style=\"float: right; margin: 1px\" src=\"https:\/\/www.europesays.com\/pl\/wp-content\/uploads\/2025\/10\/dodajkomentarz.png\" \/><\/a><\/td>\n<td align=\"center\" style=\"padding-right: 0px;\"><\/td>\n<td align=\"right\" style=\"padding-left: 5px; padding-right: 0px;\"> <a href=\"https:\/\/elka.pl\/javascript:boxDodajZdjecie();\" rel=\"nofollow noopener\" target=\"_blank\"><img decoding=\"async\" border=\"0\" style=\"float: right; margin: 1px\" src=\"https:\/\/www.europesays.com\/pl\/wp-content\/uploads\/2025\/10\/dodajzdjecia.png\" \/><\/a><\/td>\n<td align=\"center\" style=\"padding-right: 0px;\"><\/td>\n<\/tr>\n<p><a name=\"akocomment2067137\" id=\"akocomment2067137\"><\/a><\/p>\n<tr class=\"sectiontableentry2\">\n<td valign=\"top\" style=\"padding: 6px 0\">1. Dodane przez Bulbutier, w dniu &#8211; 18-12-2025 12:49 <img decoding=\"async\" id=\"acvoteplus_896ee03ce022d036ac107614336605fe\" class=\"acvoteplus\" src=\"https:\/\/www.europesays.com\/pl\/wp-content\/uploads\/2025\/10\/thumbup.png\" border=\"0\" style=\"width: 20px; vertical-align: middle;\" \/>13 <img decoding=\"async\" id=\"acvoteminus_896ee03ce022d036ac107614336605fe\" class=\"acvoteminus\" src=\"https:\/\/www.europesays.com\/pl\/wp-content\/uploads\/2025\/10\/thumbdown.png\" border=\"0\" style=\"width: 20px; vertical-align: middle;\" \/>1<br \/>Te pieni\u0105dze jej si\u0119 po prostu nale\u017ca\u0142y.<\/td>\n<\/tr>\n<p><a name=\"akocomment2067146\" id=\"akocomment2067146\"><\/a><\/p>\n<tr class=\"sectiontableentry1\">\n<td valign=\"top\" style=\"padding: 6px 0\">2. Dodane przez PL, w dniu &#8211; 18-12-2025 13:01 <img decoding=\"async\" id=\"acvoteplus_b842632274c6c59416e5dcc3f80b7068\" class=\"acvoteplus\" src=\"https:\/\/www.europesays.com\/pl\/wp-content\/uploads\/2025\/10\/thumbup.png\" border=\"0\" style=\"width: 20px; vertical-align: middle;\" \/>8 <img decoding=\"async\" id=\"acvoteminus_b842632274c6c59416e5dcc3f80b7068\" class=\"acvoteminus\" src=\"https:\/\/www.europesays.com\/pl\/wp-content\/uploads\/2025\/10\/thumbdown.png\" border=\"0\" style=\"width: 20px; vertical-align: middle;\" \/>2<br \/>Panie Adamek, jak potoczy\u0142y si\u0119 losy ministra Kaczmarka po grabie\u017ccej prywatyzacji przedsiebiorstwa Akwawit?\u00a0<br \/>Co z tym \u015alakiem, doktorem \u015alakiem, kt\u00f3ry te\u017c jakby sta\u0142 si\u0119 w\u0142a\u015bcicielem Akwawitu?\u00a0<br \/>Prosz\u0119 nam przypomnie\u0107.\u00a0<br \/>Pan masz wiedz\u0119 i kontakty wi\u0119ksze od nas!\u00a0<br \/>Dzi\u0119kuj\u0119!<\/td>\n<\/tr>\n<p><a name=\"akocomment2067147\" id=\"akocomment2067147\"><\/a><\/p>\n<tr class=\"sectiontableentry2\">\n<td valign=\"top\" style=\"padding: 6px 0\">3. Dodane przez izy, w dniu &#8211; 18-12-2025 13:01 <img decoding=\"async\" id=\"acvoteplus_ea628ea520f41d83a7b072f263404f2c\" class=\"acvoteplus\" src=\"https:\/\/www.europesays.com\/pl\/wp-content\/uploads\/2025\/10\/thumbup.png\" border=\"0\" style=\"width: 20px; vertical-align: middle;\" \/>12 <img decoding=\"async\" id=\"acvoteminus_ea628ea520f41d83a7b072f263404f2c\" class=\"acvoteminus\" src=\"https:\/\/www.europesays.com\/pl\/wp-content\/uploads\/2025\/10\/thumbdown.png\" border=\"0\" style=\"width: 20px; vertical-align: middle;\" \/>10<br \/>a Giertycha za 70mln nikt nie wsadzi\u0142, baaa obecne KO nakaza\u0142o wyp\u0142aci\u0107 za to \u017ce go z\u0142apano zado\u015b\u0107uczynienie&#8230;<\/td>\n<\/tr>\n<p><a name=\"akocomment2067152\" id=\"akocomment2067152\"><\/a><\/p>\n<tr class=\"sectiontableentry1\">\n<td valign=\"top\" style=\"padding: 6px 0\">4. Dodane przez Ha., w dniu &#8211; 18-12-2025 13:16 <img decoding=\"async\" id=\"acvoteplus_0c2153e437ba17fdb36943e697bfb872\" class=\"acvoteplus\" src=\"https:\/\/www.europesays.com\/pl\/wp-content\/uploads\/2025\/10\/thumbup.png\" border=\"0\" style=\"width: 20px; vertical-align: middle;\" \/>7 <img decoding=\"async\" id=\"acvoteminus_0c2153e437ba17fdb36943e697bfb872\" class=\"acvoteminus\" src=\"https:\/\/www.europesays.com\/pl\/wp-content\/uploads\/2025\/10\/thumbdown.png\" border=\"0\" style=\"width: 20px; vertical-align: middle;\" \/>0<br \/>Szkoda, \u017ce pracownicy Cooperativy, kt\u00f3rzy ucierpieli na jej zarz\u0105dzaniu i stracili prac\u0119 musz\u0105 zadowoli\u0107 si\u0119 tylko tym, ale jest jaka\u015b sprawiedliwo\u015b\u0107.<\/td>\n<\/tr>\n<p>  reklama  <\/p>\n<p><a name=\"akocomment2067155\" id=\"akocomment2067155\"><\/a><\/p>\n<tr class=\"sectiontableentry2\">\n<td valign=\"top\" style=\"padding: 6px 0\">5. Dodane przez Honko, w dniu &#8211; 18-12-2025 13:20 <img decoding=\"async\" id=\"acvoteplus_26b54b0130074a8fe339bbc5154546d9\" class=\"acvoteplus\" src=\"https:\/\/www.europesays.com\/pl\/wp-content\/uploads\/2025\/10\/thumbup.png\" border=\"0\" style=\"width: 20px; vertical-align: middle;\" \/>11 <img decoding=\"async\" id=\"acvoteminus_26b54b0130074a8fe339bbc5154546d9\" class=\"acvoteminus\" src=\"https:\/\/www.europesays.com\/pl\/wp-content\/uploads\/2025\/10\/thumbdown.png\" border=\"0\" style=\"width: 20px; vertical-align: middle;\" \/>0<br \/>Ju\u017c widz\u0119 jak odda!! Chyba p\u0119kne ze \u015bmiechu!!<\/td>\n<\/tr>\n<p><a name=\"akocomment2067157\" id=\"akocomment2067157\"><\/a><a name=\"akocomment2067164\" id=\"akocomment2067164\"><\/a><\/p>\n<tr class=\"sectiontableentry2\">\n<td valign=\"top\" style=\"padding: 6px 0\">7. Dodane przez Mija, w dniu &#8211; 18-12-2025 13:35 <img decoding=\"async\" id=\"acvoteplus_881d146aabf25f83b46ac484c0ff9945\" class=\"acvoteplus\" src=\"https:\/\/www.europesays.com\/pl\/wp-content\/uploads\/2025\/10\/thumbup.png\" border=\"0\" style=\"width: 20px; vertical-align: middle;\" \/>4 <img decoding=\"async\" id=\"acvoteminus_881d146aabf25f83b46ac484c0ff9945\" class=\"acvoteminus\" src=\"https:\/\/www.europesays.com\/pl\/wp-content\/uploads\/2025\/10\/thumbdown.png\" border=\"0\" style=\"width: 20px; vertical-align: middle;\" \/>0<br \/>A taka uczciwa miala by\u0107 z Warszawy haaaa<\/td>\n<\/tr>\n<p><a name=\"akocomment2067170\" id=\"akocomment2067170\"><\/a><\/p>\n<tr class=\"sectiontableentry1\">\n<td valign=\"top\" style=\"padding: 6px 0\">8. Dodane przez Ben, w dniu &#8211; 18-12-2025 13:46 <img decoding=\"async\" id=\"acvoteplus_bf650ef1c376ec1a4a847d51788b94a1\" class=\"acvoteplus\" src=\"https:\/\/www.europesays.com\/pl\/wp-content\/uploads\/2025\/10\/thumbup.png\" border=\"0\" style=\"width: 20px; vertical-align: middle;\" \/>4 <img decoding=\"async\" id=\"acvoteminus_bf650ef1c376ec1a4a847d51788b94a1\" class=\"acvoteminus\" src=\"https:\/\/www.europesays.com\/pl\/wp-content\/uploads\/2025\/10\/thumbdown.png\" border=\"0\" style=\"width: 20px; vertical-align: middle;\" \/>0<br \/>Piniendzy ju\u017c nie ma i nie b\u0119dzie<\/td>\n<\/tr>\n<p><a name=\"akocomment2067174\" id=\"akocomment2067174\"><\/a><\/p>\n<tr class=\"sectiontableentry2\">\n<td valign=\"top\" style=\"padding: 6px 0\">9. Dodane przez M, w dniu &#8211; 18-12-2025 14:03 <img decoding=\"async\" id=\"acvoteplus_1cf54fa416b8c9d61fb9586afb658db4\" class=\"acvoteplus\" src=\"https:\/\/www.europesays.com\/pl\/wp-content\/uploads\/2025\/10\/thumbup.png\" border=\"0\" style=\"width: 20px; vertical-align: middle;\" \/>0 <img decoding=\"async\" id=\"acvoteminus_1cf54fa416b8c9d61fb9586afb658db4\" class=\"acvoteminus\" src=\"https:\/\/www.europesays.com\/pl\/wp-content\/uploads\/2025\/10\/thumbdown.png\" border=\"0\" style=\"width: 20px; vertical-align: middle;\" \/>0<br \/>No to polecia\u0142a w kulki&#8230;<\/td>\n<\/tr>\n<p><a name=\"akocomment2067178\" id=\"akocomment2067178\"><\/a><\/p>\n<tr class=\"sectiontableentry1\">\n<td valign=\"top\" style=\"padding: 6px 0\">10. Dodane przez Do 3 izy, w dniu &#8211; 18-12-2025 14:16 <img decoding=\"async\" id=\"acvoteplus_5f4455c2154820f383e1501a7f1bf340\" class=\"acvoteplus\" src=\"https:\/\/www.europesays.com\/pl\/wp-content\/uploads\/2025\/10\/thumbup.png\" border=\"0\" style=\"width: 20px; vertical-align: middle;\" \/>0 <img decoding=\"async\" id=\"acvoteminus_5f4455c2154820f383e1501a7f1bf340\" class=\"acvoteminus\" src=\"https:\/\/www.europesays.com\/pl\/wp-content\/uploads\/2025\/10\/thumbdown.png\" border=\"0\" style=\"width: 20px; vertical-align: middle;\" \/>0<br \/>Zacznij si\u0119 leczy\u0107 lub zmie\u0144 media. W ka\u017cdym razie Ziobro i paru innych Twoich idoli b\u0119dzie siedzie\u0107 za du\u017co wi\u0119ksze pieni\u0105dze.\u00a0<br \/>Jeste\u015b taki \/ taka g\u0142upia, \u017ce dajesz si\u0119 okrada\u0107 i jeszcze si\u0119 z tego cieszysz.\u00a0<br \/>Wiedz, \u017ce w normalnej Polsce skazuj\u0105 s\u0119dziowie, a w Polsce pisu skazywali nominaci pisowscy.<\/td>\n<\/tr>\n<p><a name=\"akocomment2067182\" id=\"akocomment2067182\"><\/a><\/p>\n<tr class=\"sectiontableentry2\">\n<td valign=\"top\" style=\"padding: 6px 0\">11. Dodane przez Ferdynand Kiepski i Jan Pospieszalski, czyli warto rozmawia\u0107, w dniu &#8211; 18-12-2025 14:20 <img decoding=\"async\" id=\"acvoteplus_6d86405c0779a21aed8e392a3317d011\" class=\"acvoteplus\" src=\"https:\/\/www.europesays.com\/pl\/wp-content\/uploads\/2025\/10\/thumbup.png\" border=\"0\" style=\"width: 20px; vertical-align: middle;\" \/>0 <img decoding=\"async\" id=\"acvoteminus_6d86405c0779a21aed8e392a3317d011\" class=\"acvoteminus\" src=\"https:\/\/www.europesays.com\/pl\/wp-content\/uploads\/2025\/10\/thumbdown.png\" border=\"0\" style=\"width: 20px; vertical-align: middle;\" \/>0<br \/>Warto o tych wyst\u0119pkach rozmawia\u0107 i trzeba o nich rozmawia\u0107. I oby by\u0142o z kim rozmawia\u0107 o tych wyst\u0119pkach i pieni\u0105dzach. Co ko\u0144czy dow\u00f3d. CKD<\/td>\n<\/tr>\n<p><a name=\"akocomment2067183\" id=\"akocomment2067183\"><\/a><\/p>\n<tr class=\"sectiontableentry1\">\n<td valign=\"top\" style=\"padding: 6px 0\">12. Dodane przez Joanna L-no&#8230;.to jest nieprawda.!, w dniu &#8211; 18-12-2025 14:23 <img decoding=\"async\" id=\"acvoteplus_c7bd24117d851cfc3bd754edb18dcdcc\" class=\"acvoteplus\" src=\"https:\/\/www.europesays.com\/pl\/wp-content\/uploads\/2025\/10\/thumbup.png\" border=\"0\" style=\"width: 20px; vertical-align: middle;\" \/>0 <img decoding=\"async\" id=\"acvoteminus_c7bd24117d851cfc3bd754edb18dcdcc\" class=\"acvoteminus\" src=\"https:\/\/www.europesays.com\/pl\/wp-content\/uploads\/2025\/10\/thumbdown.png\" border=\"0\" style=\"width: 20px; vertical-align: middle;\" \/>0<br \/>Ta Kobieta jeszcze utrzyma\u0142a &#8221; przy \u017cyciu* P\u0142ywalni\u0119 doXI\/2018 r oraz Hotel doII\/ 2022 r&#8230;- za utrzymanie budynk\u00f3w z pe\u0142nymi czynnymi instalacjami ..inaczej to oba w\/w Obiekty popad\u0142y by w fizyczna dewastacj\u0119..Za to trzeba Pani Prezes podzi\u0119kowa\u0107 &#8211; \u017ce bez Agencji Ochroniarskiej no.w Stanie Pandemii ( spi\u0105\u0107 w Hotelu,).Przygotowuj\u0105c Hotel do ponownego uruchomienia.( po zastoju pandemicznym)..- pad\u0142a zdrowotnie z wyczerpania , (by\u0142 Zesp\u00f3\u0142 Ratownictwa Medycznego).Na sprzeda<\/td>\n<\/tr>\n<p><a name=\"akocomment2067184\" id=\"akocomment2067184\"><\/a><\/p>\n<tr class=\"sectiontableentry2\">\n<td valign=\"top\" style=\"padding: 6px 0\">13. Dodane przez On, w dniu &#8211; 18-12-2025 14:30 <img decoding=\"async\" id=\"acvoteplus_773f672d645d21a58c32782ace59b09a\" class=\"acvoteplus\" src=\"https:\/\/www.europesays.com\/pl\/wp-content\/uploads\/2025\/10\/thumbup.png\" border=\"0\" style=\"width: 20px; vertical-align: middle;\" \/>0 <img decoding=\"async\" id=\"acvoteminus_773f672d645d21a58c32782ace59b09a\" class=\"acvoteminus\" src=\"https:\/\/www.europesays.com\/pl\/wp-content\/uploads\/2025\/10\/thumbdown.png\" border=\"0\" style=\"width: 20px; vertical-align: middle;\" \/>0<br \/>Teraz pani Dyrektor b\u0119dzie zarz\u0105dza\u0107 apartamentem M1.<\/td>\n<\/tr>\n<p><a name=\"akocomment2067190\" id=\"akocomment2067190\"><\/a><\/p>\n<tr class=\"sectiontableentry1\">\n<td valign=\"top\" style=\"padding: 6px 0\">14. Dodane przez marcel, w dniu &#8211; 18-12-2025 14:48 <img decoding=\"async\" id=\"acvoteplus_68f3230d1be621cf993960964f511a3e\" class=\"acvoteplus\" src=\"https:\/\/www.europesays.com\/pl\/wp-content\/uploads\/2025\/10\/thumbup.png\" border=\"0\" style=\"width: 20px; vertical-align: middle;\" \/>0 <img decoding=\"async\" id=\"acvoteminus_68f3230d1be621cf993960964f511a3e\" class=\"acvoteminus\" src=\"https:\/\/www.europesays.com\/pl\/wp-content\/uploads\/2025\/10\/thumbdown.png\" border=\"0\" style=\"width: 20px; vertical-align: middle;\" \/>0<br \/>piniendzy nie ma bo ca\u0142e rozdawnictwo pis jak powiedzia\u0142 morawiecki by\u0142o na kredy, kt\u00f3ry wnuki b\u0119d\u0105 sp\u0142aca\u0107<\/td>\n<\/tr>\n<p><a name=\"akocomment2067194\" id=\"akocomment2067194\"><\/a><\/p>\n<tr class=\"sectiontableentry2\">\n<td valign=\"top\" style=\"padding: 6px 0\">15. Dodane przez OBYWATEL, w dniu &#8211; 18-12-2025 14:58 <img decoding=\"async\" id=\"acvoteplus_214ceabfbd8952017b9e2cca305eed1e\" class=\"acvoteplus\" src=\"https:\/\/www.europesays.com\/pl\/wp-content\/uploads\/2025\/10\/thumbup.png\" border=\"0\" style=\"width: 20px; vertical-align: middle;\" \/>0 <img decoding=\"async\" id=\"acvoteminus_214ceabfbd8952017b9e2cca305eed1e\" class=\"acvoteminus\" src=\"https:\/\/www.europesays.com\/pl\/wp-content\/uploads\/2025\/10\/thumbdown.png\" border=\"0\" style=\"width: 20px; vertical-align: middle;\" \/>0<br \/>do kom 1. I s\u0105 zakopane w s\u0142oiku w lesie pod t\u0105 brzoz\u0105.<\/td>\n<\/tr>\n<p><a name=\"akocomment2067195\" id=\"akocomment2067195\"><\/a><\/p>\n<tr class=\"sectiontableentry1\">\n<td valign=\"top\" style=\"padding: 6px 0\">16. Dodane przez Podzi\u0119kowanie., w dniu &#8211; 18-12-2025 14:59 <img decoding=\"async\" id=\"acvoteplus_b54693e021ed7bbefb311acbe16f488c\" class=\"acvoteplus\" src=\"https:\/\/www.europesays.com\/pl\/wp-content\/uploads\/2025\/10\/thumbup.png\" border=\"0\" style=\"width: 20px; vertical-align: middle;\" \/>0 <img decoding=\"async\" id=\"acvoteminus_b54693e021ed7bbefb311acbe16f488c\" class=\"acvoteminus\" src=\"https:\/\/www.europesays.com\/pl\/wp-content\/uploads\/2025\/10\/thumbdown.png\" border=\"0\" style=\"width: 20px; vertical-align: middle;\" \/>0<br \/>Tej Pani &#8211; nale\u017cy si\u0119 podzi\u0119kowanie za fizyczne utrzymanie tego Kompleksu (P\u0142ywalnia ,+ Hotel) &#8211; w stanie dobrym technicznie w czasie ich wy\u0142\u0105czenia z eksploatacji&#8230;inaczej rozkradziono by tak jak si\u0119 dzieje z innym wy\u0142\u0105czonymi z eksploatacji budynkami ..Pani prezes maj\u0105c 2.maloletnie (w wieku SP) dzieci &#8211; mieszka\u0142a w Hotelu &#8222;<\/td>\n<\/tr>\n<p>  <a name=\"akocomment2067202\" id=\"akocomment2067202\"><\/a><\/p>\n<tr class=\"sectiontableentry2\">\n<td valign=\"top\" style=\"padding: 6px 0\">17. Dodane przez jak, w dniu &#8211; 18-12-2025 15:11 <img decoding=\"async\" id=\"acvoteplus_b4524d3d10b1a221913b1e742881f062\" class=\"acvoteplus\" src=\"https:\/\/www.europesays.com\/pl\/wp-content\/uploads\/2025\/10\/thumbup.png\" border=\"0\" style=\"width: 20px; vertical-align: middle;\" \/>1 <img decoding=\"async\" id=\"acvoteminus_b4524d3d10b1a221913b1e742881f062\" class=\"acvoteminus\" src=\"https:\/\/www.europesays.com\/pl\/wp-content\/uploads\/2025\/10\/thumbdown.png\" border=\"0\" style=\"width: 20px; vertical-align: middle;\" \/>0<br \/>bezwzgl\u0119dnie powinna dosta\u0107 5 lat odsiadki, chyba \u017ce ca\u0142a kas\u0119 odda wtedy mo\u017ce by\u0107 w zawiasach. Inaczej taka sprawiedliwo\u015b\u0107 to karykatura sprawiedliwo\u015bci.<\/td>\n<\/tr>\n<p><a name=\"dodajkomentarz\" id=\"dodajkomentarz\"><\/a><\/p>\n<tr><\/tr>\n<tr>\n<td colspan=\"2\">\n<ul>\n<li style=\"font-size: 10px; line-height: 10px;\">Redakcja portalu zastrzega sobie mo\u017cliwo\u015b\u0107 ingerencji lub niedopuszczenie do publikacji wypowiedzi, kt\u00f3re nie odnosz\u0105 si\u0119 do tematu artyku\u0142u, naruszaj\u0105 normy prawne, obyczajowe lub s\u0105 niezgodne z zasadami wsp\u00f3\u0142\u017cycia spo\u0142ecznego.<\/li>\n<li style=\"font-size: 10px; line-height: 10px;\">Wypowiedzi zawieraj\u0105ce wulgaryzmy nie b\u0119d\u0105 publikowane.<\/li>\n<li style=\"font-size: 10px; line-height: 10px;\">Komentarze promuj\u0105ce w\u0142asne np. strony, produkty itp. b\u0119d\u0105 usuwane.<\/li>\n<li style=\"font-size: 10px; line-height: 10px;\">Zabezpieczono reCAPTCHA i ma zastosowanie <a href=\"https:\/\/policies.google.com\/privacy\" target=\"_blank\" style=\"color: black;\" rel=\"nofollow noopener\">Polityka prywatno\u015bci<\/a> oraz <a href=\"https:\/\/policies.google.com\/terms\" target=\"_blank\" style=\"color: black;\" rel=\"nofollow noopener\">Warunki korzystania z us\u0142ug<\/a> Google.<\/li>\n<li style=\"font-size: 10px; line-height: 10px;\"><\/li>\n<\/ul>\n<p>\u00a0<\/p>\n<\/td>\n<\/tr>\n<p> reklama  <\/p>\n<p>        <\/p>\n<tr><\/tr>\n<tr>\n<td colspan=\"2\" align=\"left\">\n<ul>\n<li style=\"font-size: 11px; line-height: 10px; font-weight: bold;\"> Zdj\u0119cia dodawane przez u\u017cytkownika musz\u0105 dotyczy\u0107 tematu artyku\u0142u, nale\u017cy wpisa\u0107 tak\u017ce do nich komentarz aby uzasadni\u0107 ich publikacj\u0119. <\/li>\n<li style=\"font-size: 10px; line-height: 10px;\">Redakcja portalu zastrzega sobie mo\u017cliwo\u015b\u0107 ingerencji lub niedopuszczenie do publikacji zdj\u0119\u0107, kt\u00f3re nie odnosz\u0105 si\u0119 do tematu artyku\u0142u, naruszaj\u0105 normy prawne, obyczajowe lub s\u0105 niezgodne z zasadami wsp\u00f3\u0142\u017cycia spo\u0142ecznego.<\/li>\n<li style=\"font-size: 10px; line-height: 10px;\">Zdj\u0119cia z komentarzem zawieraj\u0105cym wulgaryzmy nie b\u0119d\u0105 publikowane.<\/li>\n<li style=\"font-size: 10px; line-height: 10px;\">Zdj\u0119cia i ich komentarze promuj\u0105ce w\u0142asne np. strony, produkty itp. b\u0119d\u0105 usuwane.<\/li>\n<li style=\"font-size: 10px; line-height: 10px;\"> <\/li>\n<\/ul>\n<p>\u00a0<\/p>\n<\/td>\n<\/tr>\n<tr>\n<td colspan=\"2\" align=\"right\" style=\"padding-right: 0px;\">  <\/td>\n<\/tr>\n<\/td>\n","protected":false},"excerpt":{"rendered":"(Fot. Archiwum) Przed S\u0105dem Okr\u0119gowym w Poznaniu zapad\u0142 wyrok w procesie by\u0142ej prezes CKiR Akwawit w Lesznie, oskar\u017conej&hellip;\n","protected":false},"author":2,"featured_media":158091,"comment_status":"","ping_status":"","sticky":false,"template":"","format":"standard","meta":{"footnotes":""},"categories":[24],"tags":[8004,6276,7999,7749,8001,475,8000,8005,7967,7997,42,38,40,39,41,7995,7998,8002,7996,882,127,126,8003],"class_list":{"0":"post-158090","1":"post","2":"type-post","3":"status-publish","4":"format-standard","5":"has-post-thumbnail","7":"category-sport","8":"tag-uel","9":"tag-dodatek","10":"tag-elka","11":"tag-gazeta","12":"tag-gosty","13":"tag-gra","14":"tag-kocian","15":"tag-leszczyski","16":"tag-leszno","17":"tag-lokalne","18":"tag-pl","19":"tag-poland","20":"tag-polish","21":"tag-polska","22":"tag-polski","23":"tag-portal-regionu","24":"tag-radio","25":"tag-rawicz","26":"tag-regionalne","27":"tag-speedway","28":"tag-sport","29":"tag-sports","30":"tag-wschowa"},"share_on_mastodon":{"url":"https:\/\/pubeurope.com\/@pl\/115741052091640550","error":""},"_links":{"self":[{"href":"https:\/\/www.europesays.com\/pl\/wp-json\/wp\/v2\/posts\/158090","targetHints":{"allow":["GET"]}}],"collection":[{"href":"https:\/\/www.europesays.com\/pl\/wp-json\/wp\/v2\/posts"}],"about":[{"href":"https:\/\/www.europesays.com\/pl\/wp-json\/wp\/v2\/types\/post"}],"author":[{"embeddable":true,"href":"https:\/\/www.europesays.com\/pl\/wp-json\/wp\/v2\/users\/2"}],"replies":[{"embeddable":true,"href":"https:\/\/www.europesays.com\/pl\/wp-json\/wp\/v2\/comments?post=158090"}],"version-history":[{"count":0,"href":"https:\/\/www.europesays.com\/pl\/wp-json\/wp\/v2\/posts\/158090\/revisions"}],"wp:featuredmedia":[{"embeddable":true,"href":"https:\/\/www.europesays.com\/pl\/wp-json\/wp\/v2\/media\/158091"}],"wp:attachment":[{"href":"https:\/\/www.europesays.com\/pl\/wp-json\/wp\/v2\/media?parent=158090"}],"wp:term":[{"taxonomy":"category","embeddable":true,"href":"https:\/\/www.europesays.com\/pl\/wp-json\/wp\/v2\/categories?post=158090"},{"taxonomy":"post_tag","embeddable":true,"href":"https:\/\/www.europesays.com\/pl\/wp-json\/wp\/v2\/tags?post=158090"}],"curies":[{"name":"wp","href":"https:\/\/api.w.org\/{rel}","templated":true}]}}