{"id":158094,"date":"2025-12-18T14:31:11","date_gmt":"2025-12-18T14:31:11","guid":{"rendered":"https:\/\/www.europesays.com\/pl\/158094\/"},"modified":"2025-12-18T14:31:11","modified_gmt":"2025-12-18T14:31:11","slug":"trzecie-dlc-do-wiedzmina-3-w-maju-2026-a-za-kilka-miesiecy-rozpocznie-sie-ofensywa-wiedzmina-4","status":"publish","type":"post","link":"https:\/\/www.europesays.com\/pl\/158094\/","title":{"rendered":"Trzecie DLC do Wied\u017amina 3 w maju 2026, a za kilka miesi\u0119cy rozpocznie si\u0119 ofensywa Wied\u017amina 4"},"content":{"rendered":"<p>Tak mo\u017cna ko\u0144czy\u0107 rok kalendarzowy. <a href=\"https:\/\/www.ppe.pl\/news\/392208\/wiedzmin-3-z-nowym-dodatkiem-to-jest-pewniak-mozemy-liczyc-na-zapowiedz-na-the-game-awards.html\" target=\"_blank\" rel=\"noopener nofollow\">Po raz trzeci s\u0142yszymy mocne doniesienia o trzecim<\/a>, fabularnym dodatku do przygody Geralta z Rivii.<\/p>\n<p>Tym razem jego autorem jest analityk Mateusz Chrzanowski z Noble Securities, kt\u00f3ry przyjrza\u0142 si\u0119 ca\u0142ej firmie CD Projekt. W swoim raporcie zak\u0142ada on, \u017ce DLC rozwijaj\u0105ce histori\u0119 Geralta oraz Ciri w Wied\u017aminie 3 pojawi si\u0119 na rynku w maju 2026 roku, a wi\u0119c na kolejn\u0105 rocznic\u0119 przygody z podtytu\u0142em Dziki Gon.<\/p>\n<p>    Dalsza cz\u0119\u015b\u0107 tekstu pod wideo<\/p>\n<p>Co wi\u0119cej, zak\u0142adana jest niezwykle dobra sprzeda\u017c tego\u017c dodatku:<\/p>\n<p>        <img loading=\"lazy\" decoding=\"async\" src=\"https:\/\/www.europesays.com\/pl\/wp-content\/uploads\/2025\/12\/1766043252_217_B32963402.414688363;dc_trk_aid=607216972;dc_trk_cid=228291445;ord=[timestamp];dc_lat=;dc_rdid=;tag_f.gif\" attributionsrc=\"\" border=\"0\" height=\"1\" width=\"1\" alt=\"Advertisement\"\/><\/p>\n<blockquote><p>&#13;<\/p>\n<p>Spodziewamy si\u0119, \u017ce w maju 2026 r. pojawi si\u0119 kolejny p\u0142atny dodatek (DLC) do Wied\u017amina 3. Zak\u0142adamy sprzeda\u017c 11 mln kopii po 30 USD w przysz\u0142ym roku. Bud\u017cet produkcyjny szacujemy na 52 mln z\u0142. Premiera powinna rozpocz\u0105\u0107 w\u0142a\u015bciw\u0105 kampani\u0119 marketingow\u0105 Wied\u017amina 4. czytamy w raporcie.\u00a0<\/p>\n<p>&#13;\n<\/p><\/blockquote>\n<p>Chrzanowski dodaje, \u017ce bud\u017cet na inne projekty zwi\u0105zane z CD Projekt b\u0119d\u0105 oscylowa\u0107 w granicy 28 mln:<\/p>\n<blockquote><p>&#13;<\/p>\n<p>Bud\u017cet pozosta\u0142ych nieujawnionych projekt\u00f3w, kt\u00f3re mog\u0105 zadebiutowa\u0107 w przysz\u0142ym roku szacujemy na 28 mln z\u0142, za\u015b potencjalne przysz\u0142oroczne przychody ze sprzeda\u017cy na 61 mln z\u0142.<\/p>\n<p>&#13;\n<\/p><\/blockquote>\n<p>Co ciekawsze, wraz z premier\u0105 trzeciego dodatku do Wied\u017amina 3 ruszy ofensywa zwi\u0105zana z Wied\u017aminem 4, pocz\u0105tkuj\u0105cym now\u0105 trylogi\u0119 o Ciri. Ma ona utrzyma\u0107 si\u0119 przez p\u00f3\u0142tora roku, bowiem premiera czwartej cz\u0119\u015bci serii planowana jest rzekomo na czwarty kwarta\u0142 2027 roku.<\/p>\n<blockquote><p>&#13;<\/p>\n<p>Wyd\u0142u\u017cenie oraz struktura bie\u017c\u0105cych nak\u0142ad\u00f3w na prace rozwojowe sk\u0142oni\u0142y nas do podwy\u017cszenia zak\u0142adanego bud\u017cetu gry do 1,4 mld z\u0142 (i drugie tyle na marketing). Bior\u0105c jednak pod uwag\u0119, \u017ce kolejne cz\u0119\u015bci b\u0119d\u0105 mocno bazowa\u0107 na technologii W4 \u0142\u0105czny bud\u017cet trylogii wzr\u00f3s\u0142 z 2,1 do 3,2 mld. Mo\u017cliwe s\u0105 te\u017c efekty synergii kampanii marketingowych, wynikaj\u0105ce z koncentracji premier (zarz\u0105d chce wyda\u0107 ca\u0142\u0105 now\u0105 trylogi\u0105 w ci\u0105gu 6 lat) oraz rozpoznawalno\u015bci marki, kt\u00f3re skutkowa\u0142yby ni\u017cszymi kosztami sprzeda\u017cy wzgl\u0119dem modelu opartego o wydatki na CP2077.<\/p>\n<p>&#13;\n<\/p><\/blockquote>\n<p>Opowiedziano te\u017c o Sirusie (sieciowym Wied\u017aminie), Canis Majoris (remake&#8217;u Wied\u017amina 1) oraz autorskim IP Hadar i tutaj ju\u017c nie jest a\u017c tak kolorowo&#8230;<\/p>\n<blockquote><p>&#13;<\/p>\n<p>Je\u017celi chodzi o post\u0119py w pozosta\u0142ych projektach to wci\u0105\u017c nie wida\u0107 \u017cadnego prze\u0142omu. Liczba deweloper\u00f3w pracuj\u0105cych nad Sirius\/Hadar na prze\u0142omie roku wzros\u0142a o 14\/11 os\u00f3b. Z kolei zesp\u00f3\u0142 Fool\u2019s Theory pracuj\u0105cy nad remake Wied\u017amina 1 zosta\u0142 przesuni\u0119ty do wsparcia W4, z kt\u00f3rego asset\u00f3w b\u0119dzie czerpa\u0142. W konsekwencji przesuwamy daty premiery Sirius i Canis Majoris (remake W1) o rok (2028). Obni\u017cyli\u015bmy te\u017c cen\u0119 obu gier po 10 USD oraz spodziewany bud\u017cet produkcyjny po 50 mln z\u0142. Hadar pozostaje w fazie pre-koncepcyjnej, dlatego bazuj\u0105c na czasie trwania prac koncepcyjnych w przypadku Orion przesuwamy debiut o 2 lata (2032)<\/p>\n<p>&#13;\n<\/p><\/blockquote>\n<p>Dla samego CD Projekt wa\u017cniejszy jest sequel Cyberpunk 2077, bowiem deweloper\u00f3w pracuj\u0105cych nad Orion ma by\u0107 dwa razy wi\u0119cej w przeci\u0105gu kolejnych dw\u00f3ch lat:<\/p>\n<blockquote><p>&#13;<\/p>\n<p>Ch\u0119\u0107 integracji trybu wieloosobowego w produkcji sk\u0142oni\u0142 nas do wyd\u0142u\u017cenia czasu produkcji ponad stan wynikaj\u0105cy z post\u0119p\u00f3w prac nad b\u0119d\u0105cym punktem odniesienia W4. W konsekwencji bud\u017cet ur\u00f3s\u0142 do 1,5 mld z\u0142, a premiery spodziewamy si\u0119 w 4Q30 (10-lecie C2077).<\/p>\n<p>&#13;\n<\/p><\/blockquote>\n<p>Pami\u0119tajmy, \u017ce jest to raport analityka, kt\u00f3ry mo\u017ce bazowa\u0107 na anonimowych \u017ar\u00f3d\u0142ach, ale r\u00f3wnie\u017c mog\u0105 to by\u0107 tak\u017ce lu\u017ane przemy\u015blenia samego autora.<\/p>\n","protected":false},"excerpt":{"rendered":"Tak mo\u017cna ko\u0144czy\u0107 rok kalendarzowy. Po raz trzeci s\u0142yszymy mocne doniesienia o trzecim, fabularnym dodatku do przygody Geralta&hellip;\n","protected":false},"author":2,"featured_media":158095,"comment_status":"","ping_status":"","sticky":false,"template":"","format":"standard","meta":{"footnotes":""},"categories":[20],"tags":[120,118,119,42,38,40,39,41,116,114,115,121,117],"class_list":{"0":"post-158094","1":"post","2":"type-post","3":"status-publish","4":"format-standard","5":"has-post-thumbnail","7":"category-nauka-i-technika","8":"tag-nauka","9":"tag-nauka-i-technika","10":"tag-naukatechnika","11":"tag-pl","12":"tag-poland","13":"tag-polish","14":"tag-polska","15":"tag-polski","16":"tag-science","17":"tag-science-and-technology","18":"tag-sciencetechnology","19":"tag-technika","20":"tag-technology"},"share_on_mastodon":{"url":"","error":""},"_links":{"self":[{"href":"https:\/\/www.europesays.com\/pl\/wp-json\/wp\/v2\/posts\/158094","targetHints":{"allow":["GET"]}}],"collection":[{"href":"https:\/\/www.europesays.com\/pl\/wp-json\/wp\/v2\/posts"}],"about":[{"href":"https:\/\/www.europesays.com\/pl\/wp-json\/wp\/v2\/types\/post"}],"author":[{"embeddable":true,"href":"https:\/\/www.europesays.com\/pl\/wp-json\/wp\/v2\/users\/2"}],"replies":[{"embeddable":true,"href":"https:\/\/www.europesays.com\/pl\/wp-json\/wp\/v2\/comments?post=158094"}],"version-history":[{"count":0,"href":"https:\/\/www.europesays.com\/pl\/wp-json\/wp\/v2\/posts\/158094\/revisions"}],"wp:featuredmedia":[{"embeddable":true,"href":"https:\/\/www.europesays.com\/pl\/wp-json\/wp\/v2\/media\/158095"}],"wp:attachment":[{"href":"https:\/\/www.europesays.com\/pl\/wp-json\/wp\/v2\/media?parent=158094"}],"wp:term":[{"taxonomy":"category","embeddable":true,"href":"https:\/\/www.europesays.com\/pl\/wp-json\/wp\/v2\/categories?post=158094"},{"taxonomy":"post_tag","embeddable":true,"href":"https:\/\/www.europesays.com\/pl\/wp-json\/wp\/v2\/tags?post=158094"}],"curies":[{"name":"wp","href":"https:\/\/api.w.org\/{rel}","templated":true}]}}