{"id":158108,"date":"2025-12-18T14:39:10","date_gmt":"2025-12-18T14:39:10","guid":{"rendered":"https:\/\/www.europesays.com\/pl\/158108\/"},"modified":"2025-12-18T14:39:10","modified_gmt":"2025-12-18T14:39:10","slug":"knf-zawiadamia-prokurature-w-sprawie-akcji-energi","status":"publish","type":"post","link":"https:\/\/www.europesays.com\/pl\/158108\/","title":{"rendered":"KNF zawiadamia prokuratur\u0119 w sprawie akcji Energi"},"content":{"rendered":"<p>            <a href=\"https:\/\/s-trojmiasto.pl\/zdj\/c\/n\/9\/4205\/1920x0\/4205568-Komisja-Nadzoru-Finansowego-zawiadomila-prokurature-w-sprawie-obrotu-akcjami-Energi.webp\" target=\"_blank\" data-slide-name=\"807628\" data-lightbox-target=\"photo full\" data-sub-html=\"&lt;h4&gt;Komisja Nadzoru Finansowego zawiadomi\u0142a prokuratur\u0119 w sprawie obrotu akcjami Energi.&lt;\/h4&gt;&lt;p&gt;123rf.com\/dmitry889&lt;\/p&gt;&#010;\" class=\"photoMarker__link\" data-filter-brightness=\"brightness--100\" rel=\"nofollow noopener\"><\/p>\n<p>    <img decoding=\"async\" style=\"height:500px; aspect-ratio: 1.5\/1; filter:brightness(1);\" alt=\"Komisja Nadzoru Finansowego zawiadomi\u0142a prokuratur\u0119 w sprawie obrotu akcjami Energi.\" src=\"https:\/\/www.europesays.com\/pl\/wp-content\/uploads\/2025\/12\/4205568-Komisja-Nadzoru-Finansowego-zawiadomila-prokurature-w-sprawie-obrotu-akcjami.webp.webp\" class=\"photoMarker__img \" data-slider=\"img\" fetchpriority=\"high\"\/><\/p>\n<p>            <\/a><\/p>\n<p class=\"lead\">Komisja Nadzoru Finansowego z\u0142o\u017cy\u0142a do prokuratury zawiadomienie o\u00a0uzasadnionym podejrzeniu pope\u0142nienia przest\u0119pstwa polegaj\u0105cego na wykorzystaniu informacji poufnej w\u00a0obrocie akcjami sp\u00f3\u0142ki Energa. Chodzi o\u00a0nabywanie akcji sp\u00f3\u0142ki w\u00a0okresie poprzedzaj\u0105cym publikacj\u0119 informacji poufnej opublikowanej przez Orlen po zamkni\u0119ciu sesji gie\u0142dowej.<\/p>\n<p><a href=\"https:\/\/www.trojmiasto.pl\/biznes\/Orlen-skupuje-akcje-Energi-Akcjonariusze-nie-chca-sprzedawac-n211757.html\" data-tklik=\"47691\" class=\"marker-news component newsMarker\" rel=\"nofollow noopener\" target=\"_blank\"><br \/>\n            <img decoding=\"async\" src=\"https:\/\/www.europesays.com\/pl\/wp-content\/uploads\/2025\/12\/4201494__kr.webp.webp\" alt=\"Orlen skupuje akcje Energi. B\u0119dzie przymusowy wykup akcji?\" class=\"lazy newsMarker__img\"\/><br \/>\n        Orlen skupuje akcje Energi. B\u0119dzie przymusowy wykup akcji?<br \/>\n<\/a><\/p>\n<ul class=\"tableOfContents\">\n<li class=\"tableOfContents__item\">\n            <a class=\"tableOfContents__link\" href=\"#subtitle_1\">Orlen skupuje akcje Energi. Chce mie\u0107 100 proc.<\/a>\n        <\/li>\n<li class=\"tableOfContents__item\">\n            <a class=\"tableOfContents__link\" href=\"#subtitle_2\">KNF bada transakcje i\u00a0blokuje rachunki <\/a>\n        <\/li>\n<\/ul>\n<p>Przypomnijmy, \u017ce pod koniec listopada 2025 r. <a data-tklik=\"417151\" target=\"_blank\" href=\"https:\/\/www.trojmiasto.pl\/biznes\/Orlen-skupuje-akcje-Energi-Sprobuje-wycofac-koncern-z-gieldy-n211136.html\" rel=\"nofollow noopener\">Orlen poinformowa\u0142, \u017ce chce zwi\u0119kszy\u0107 zaanga\u017cowanie w\u00a0sp\u00f3\u0142ce Energa<\/a> do 100 proc. Skierowa\u0142 do akcjonariuszy tej sp\u00f3\u0142ki zaproszenie do sk\u0142adania ofert sprzeda\u017cy akcji i\u00a0zaoferowa\u0142 18,87 z\u0142 za jedn\u0105 akcj\u0119.<br \/>\n    Orlen skupuje akcje Energi. Chce mie\u0107 100 proc.<\/p>\n<p>26 listopada Orlen zaprosi\u0142 do sprzeda\u017cy pozostaj\u0105cych poza jego kontrol\u0105 37,6 mln akcji Energi. Dodatkowo od 27 listopada 2025 r. Orlen m\u00f3g\u0142 nabywa\u0107 akcji Energi nie tylko w\u00a0ramach zaproszenia, ale r\u00f3wnie\u017c na rynku regulowanym i\u00a0poza nim &#8211; w\u00a0tym w\u00a0transakcjach pakietowych.<\/p>\n<p>Tego samego dnia koncern naby\u0142 1,68 mln akcji Energi w\u00a0transakcjach rynkowych oraz dodatkowe 79 tys. akcji 28 listopada. Orlen kupi\u0142 akcje po \u015bredniej cenie 18,86 z\u0142 za sztuk\u0119, p\u0142ac\u0105c \u0142\u0105cznie 31,6 mln z\u0142 za ca\u0142y pakiet.<\/p>\n<p>Ju\u017c 27 listopada &#8211; z\u00a0upowa\u017cnienia przewodnicz\u0105cego Komisji &#8211; wydano zarz\u0105dzenie o\u00a0wszcz\u0119ciu post\u0119powania wyja\u015bniaj\u0105cego w\u00a0celu ustalenia, czy istniej\u0105 podstawy do z\u0142o\u017cenia zawiadomienia o\u00a0podejrzeniu pope\u0142nienia przest\u0119pstw w\u00a0zakresie: wykorzystania informacji poufnych w\u00a0obrocie akcjami Energi oraz bezprawnego ujawnienia informacji poufnych dotycz\u0105cych akcji sp\u00f3\u0142ki.<\/p>\n<p>    KNF bada transakcje i\u00a0blokuje rachunki <\/p>\n<p>Post\u0119powanie doprowadzi\u0142o do skierowania zawiadomienia o\u00a0uzasadnionym podejrzeniu pope\u0142nienia przest\u0119pstwa polegaj\u0105cego na wykorzystaniu informacji poufnej w\u00a0obrocie akcjami Energi poprzez nabywanie akcji sp\u00f3\u0142ki w\u00a0okresie poprzedzaj\u0105cym publikacj\u0119 informacji poufnej, wbrew zakazowi.<\/p>\n<p>&#8211; Informacja poufna dotyczy\u0142a rozpocz\u0119cia dzia\u0142a\u0144 zmierzaj\u0105cych do zwi\u0119kszenia przez Orlen<br \/>SA zaanga\u017cowania w\u00a0sp\u00f3\u0142k\u0119 do 100 proc. kapita\u0142u zak\u0142adowego w\u00a0ramach zaproszenia<br \/>pozosta\u0142ych akcjonariuszy Sp\u00f3\u0142ki do sk\u0142adania ofert sprzeda\u017cy akcji Energa SA. Informacja ta<br \/>mia\u0142a silnie cenotw\u00f3rczy charakter &#8211; twierdzi Komisja Nadzoru Finansowego. <br \/>Zwr\u00f3cono si\u0119 te\u017c do firm inwestycyjnych z\u00a0\u017c\u0105daniami dokonania blokady rachunk\u00f3w papier\u00f3w warto\u015bciowych oraz rachunk\u00f3w pieni\u0119\u017cnych os\u00f3b, kt\u00f3rych transakcje wskazuj\u0105 na potencjalne wykorzystanie informacji poufnej.\n                <\/p>\n","protected":false},"excerpt":{"rendered":"Komisja Nadzoru Finansowego z\u0142o\u017cy\u0142a do prokuratury zawiadomienie o\u00a0uzasadnionym podejrzeniu pope\u0142nienia przest\u0119pstwa polegaj\u0105cego na wykorzystaniu informacji poufnej w\u00a0obrocie akcjami&hellip;\n","protected":false},"author":2,"featured_media":158109,"comment_status":"","ping_status":"","sticky":false,"template":"","format":"standard","meta":{"footnotes":""},"categories":[16],"tags":[31390,31392,31397,31391,210,9291,3331,113,112,9435,18528,5314,18491,31393,31394,5082,31400,13278,4420,31388,23424,23423,5318,2625,388,4041,1048,1064,18493,4043,6837,5302,1704,2623,31399,30642,18514,18515,18512,4040,27973,31398,14088,23427,23415,18513,4039,4867,6116,1765,21394,42,23432,23420,38,40,39,41,31396,1756,2626,383,20581,18494,31401,31395,31389,5315,23417,27974,1063,4042,23428,4038,23425,23422,23430,18523,23426,26,18492,23418,23421,23429,23431,23419,13891,18496,6236],"class_list":{"0":"post-158108","1":"post","2":"type-post","3":"status-publish","4":"format-standard","5":"has-post-thumbnail","7":"category-biznes","8":"tag-akcje-energi","9":"tag-akcje-nergi","10":"tag-akcjonariusze-pozywaja-energe","11":"tag-akjonariusze-energi","12":"tag-aktualnosci","13":"tag-analitycy","14":"tag-bank","15":"tag-biznes","16":"tag-business","17":"tag-ceny-energii","18":"tag-ceny-energii-elektrycznej","19":"tag-ceny-pradu","20":"tag-ceny-uslug-i-produktow","21":"tag-delisting-energi","22":"tag-drobni-akcjonariusze-energi","23":"tag-drozyzna","24":"tag-dywidenda-energa","25":"tag-enea","26":"tag-energa","27":"tag-energa-na-gieldzie","28":"tag-energa-obrot","29":"tag-energa-sa","30":"tag-energia-elektryczna","31":"tag-farmy-wiatrowe","32":"tag-finanse","33":"tag-firmy","34":"tag-gdansk","35":"tag-gdynia","36":"tag-glapinski","37":"tag-gospodarka-morska","38":"tag-gpw","39":"tag-grupa-energa","40":"tag-gus","41":"tag-inflacja","42":"tag-jan-trzcinski","43":"tag-knf","44":"tag-lokaty","45":"tag-lokaty-ban","46":"tag-lokaty-bankowe","47":"tag-ludzie-sukcesu","48":"tag-map","49":"tag-ministerstow-aktywow-panstwowych","50":"tag-nbp","51":"tag-odnawialne-zrodla-energii","52":"tag-oplata-mocowa","53":"tag-oprocentowanie-lokat","54":"tag-osoby-biznesu","55":"tag-oszczednosci","56":"tag-oszczedzanie","57":"tag-oze","58":"tag-pkn-orlen","59":"tag-pl","60":"tag-podwyzka-gazu","61":"tag-podwyzki-cen-pradu","62":"tag-poland","63":"tag-polish","64":"tag-polska","65":"tag-polski","66":"tag-pozew-przeciwko-enerdze","67":"tag-praca","68":"tag-prad","69":"tag-prawo","70":"tag-prawo-energetyczne","71":"tag-prezes-nbp","72":"tag-proc","73":"tag-proces-przeciwko-enerdze","74":"tag-przejecie-energi","75":"tag-rachunki-za-prad","76":"tag-rynek-energii-elektrycznej","77":"tag-skarb-panstwa","78":"tag-sopot","79":"tag-spolki-gieldowe","80":"tag-sprzedawca-z-urzedu","81":"tag-sylwetki","82":"tag-taryfa-dystrybucyjna","83":"tag-taryfa-energi","84":"tag-taryfa-za-prad","85":"tag-ure","86":"tag-urzad-regulacji-energetyki","87":"tag-wiadomosci","88":"tag-wyskie-ceny","89":"tag-wysokie-ceny-pradu","90":"tag-wysokie-rachunki","91":"tag-wysokienapiecie-pl","92":"tag-wyzsze-rachu","93":"tag-wyzsze-rachunki","94":"tag-wzrost-cen","95":"tag-wzrost-inflacji","96":"tag-zielona-energia"},"share_on_mastodon":{"url":"","error":"Validation failed: Text character limit of 500 exceeded"},"_links":{"self":[{"href":"https:\/\/www.europesays.com\/pl\/wp-json\/wp\/v2\/posts\/158108","targetHints":{"allow":["GET"]}}],"collection":[{"href":"https:\/\/www.europesays.com\/pl\/wp-json\/wp\/v2\/posts"}],"about":[{"href":"https:\/\/www.europesays.com\/pl\/wp-json\/wp\/v2\/types\/post"}],"author":[{"embeddable":true,"href":"https:\/\/www.europesays.com\/pl\/wp-json\/wp\/v2\/users\/2"}],"replies":[{"embeddable":true,"href":"https:\/\/www.europesays.com\/pl\/wp-json\/wp\/v2\/comments?post=158108"}],"version-history":[{"count":0,"href":"https:\/\/www.europesays.com\/pl\/wp-json\/wp\/v2\/posts\/158108\/revisions"}],"wp:featuredmedia":[{"embeddable":true,"href":"https:\/\/www.europesays.com\/pl\/wp-json\/wp\/v2\/media\/158109"}],"wp:attachment":[{"href":"https:\/\/www.europesays.com\/pl\/wp-json\/wp\/v2\/media?parent=158108"}],"wp:term":[{"taxonomy":"category","embeddable":true,"href":"https:\/\/www.europesays.com\/pl\/wp-json\/wp\/v2\/categories?post=158108"},{"taxonomy":"post_tag","embeddable":true,"href":"https:\/\/www.europesays.com\/pl\/wp-json\/wp\/v2\/tags?post=158108"}],"curies":[{"name":"wp","href":"https:\/\/api.w.org\/{rel}","templated":true}]}}