{"id":158112,"date":"2025-12-18T14:41:10","date_gmt":"2025-12-18T14:41:10","guid":{"rendered":"https:\/\/www.europesays.com\/pl\/158112\/"},"modified":"2025-12-18T14:41:10","modified_gmt":"2025-12-18T14:41:10","slug":"wypadek-na-podkarpaciu-nie-zyje-36-latka-z-ukrainy-onet","status":"publish","type":"post","link":"https:\/\/www.europesays.com\/pl\/158112\/","title":{"rendered":"Wypadek na Podkarpaciu. Nie \u017cyje 36-latka z Ukrainy &#8211; Onet"},"content":{"rendered":"<ol>\n<li><a href=\"https:\/\/news.google.com\/rss\/articles\/CBMiswFBVV95cUxOSTNxRGFDejVFSjFXV3VVcjZzTGlUU3YwR24xeDRmbDBiWFUyTWxSV1ZvTGNudElQRzN6MHNjVWVOQTNmUEZ3SHU4cVhjemQxamlXMUxRRDFPRzN5UzZwenl5TjhnQmhSRF8xdHI1eHFOS3cyVkRQa0lfTXNjSDN5Z29NNUJzckpwaGF0QTQ3UVNzNEZTZHlqYVlxcGtKeFE1bUF4NFh6WVRsN0hZZmZHMXhiYw?oc=5\" target=\"_blank\" rel=\"nofollow noopener\">Wypadek na Podkarpaciu. Nie \u017cyje 36-latka z Ukrainy<\/a>&nbsp;&nbsp;Onet<\/li>\n<li><a href=\"https:\/\/news.google.com\/rss\/articles\/CBMimgFBVV95cUxPMzcyejZyM1liWW1VZVJXeFlWVlE1RnpRekhBcWpGVkpmaGpFeGNiSmdORVZqSHFIWGR3MFRwc3ZpWkhmOFBGemVGU1RGMW1Sc3pHOGdGRHlOWHUyQkdWSk01eE9VaWZ3SUluMkF1YjdwcXF2SFVxam4yRGlWSzc0ZFB1ZXdlZlBFVGw5dm42ekp0NHhZQ0VvUmpB?oc=5\" target=\"_blank\" rel=\"nofollow noopener\">Tragiczny wypadek na DW 867. Nie \u017cyje 36-letnia pasa\u017cerka<\/a>&nbsp;&nbsp;Nowiny 24<\/li>\n<li><a href=\"https:\/\/news.google.com\/rss\/articles\/CBMimgFBVV95cUxOWFMyN3lmZmxrSkE3c0xXakJyV2hDa2cyX21fZUFReGdjQmhFVEE5RVhNNzBQd3hzQ3pUQTVtc1dwTlB4cGY0VDVQcUlZYkw2NG9MVVpJR00xd3hYMVF3WFIyVDgzc2dzNk91dmlPNGRtclZfejc0Ul9HTktTcTBmbmpPZmFZQ1FLaUJUWVUzRmx5QVJ4ejNoWjNB?oc=5\" target=\"_blank\" rel=\"nofollow noopener\">Tragiczny wypadek w Starym Siole. Pasa\u017cerka zgin\u0119\u0142a na miejscu \u2022 Wiadomo\u015bci<\/a>&nbsp;&nbsp;Polskie Radio Rzesz\u00f3w<\/li>\n<li><a href=\"https:\/\/news.google.com\/rss\/articles\/CBMisgFBVV95cUxPNTFaVWVTeGc2MVpYbDJEaFl5THpyQmliaDh3cGU3NE9fRk9Qc3ZCQXQ5QmVScDJBVC1wNnAxdERtb2FVdjFVRzJ0MzVDaGx0dzNOT0ZTQXBlaVU4c3VXSHZ1Ujc0OHJybjliaVZzWk5nWXVTVmY2c0tmOHdkVHg1NTNJT1lUaEZuekhINlM4bkZFVkh6X1NSakRLckljRTJlZ3I5R095dnVBSGpOQVJudmpB?oc=5\" target=\"_blank\" rel=\"nofollow noopener\">Tragiczny wypadek niedaleko Starego Sio\u0142a. Nie \u017cyje 36-letnia kobieta<\/a>&nbsp;&nbsp;ZLUBACZOWA.PL<\/li>\n<li><a href=\"https:\/\/news.google.com\/rss\/articles\/CBMiZEFVX3lxTFAtUWVQMlg5dnk1NEtyTFdXUmIzcmdmVEgySS1WVkhzVW9qcFJEZFh6a1BtN3ZQV2xmcFhDT3A2dl9ZTmdHajlVUnkzX252WVZMMmRKWDFnRllnVVQ5aU1YZnRjNGo?oc=5\" target=\"_blank\" rel=\"nofollow noopener\">\u015amiertelny wypadek w powiecie lubaczowskim. Zgin\u0119\u0142a 36-letnia kobieta<\/a>&nbsp;&nbsp;zycie.pl<\/li>\n<\/ol>\n","protected":false},"excerpt":{"rendered":"Wypadek na Podkarpaciu. Nie \u017cyje 36-latka z Ukrainy&nbsp;&nbsp;Onet Tragiczny wypadek na DW 867. Nie \u017cyje 36-letnia pasa\u017cerka&nbsp;&nbsp;Nowiny 24&hellip;\n","protected":false},"author":2,"featured_media":158113,"comment_status":"","ping_status":"","sticky":false,"template":"","format":"standard","meta":{"footnotes":""},"categories":[12],"tags":[1009,32,33,36,37,27,34,35,28,31,53,25,52,68,51,55,42,38,40,39,41,31402,47,24860,29,30,50,26],"class_list":{"0":"post-158112","1":"post","2":"type-post","3":"status-publish","4":"format-standard","5":"has-post-thumbnail","7":"category-polska","8":"tag-anejus","9":"tag-breaking-news","10":"tag-breakingnews","11":"tag-featured-news","12":"tag-featurednews","13":"tag-headlines","14":"tag-latest-news","15":"tag-latestnews","16":"tag-naglowki","17":"tag-najwazniejsze-artykuly","18":"tag-new_header","19":"tag-news","20":"tag-onet3","21":"tag-onet3d","22":"tag-onet3d_2i","23":"tag-phx","24":"tag-pl","25":"tag-poland","26":"tag-polish","27":"tag-polska","28":"tag-polski","29":"tag-rzeszow_bloczek_regionalny_wiadomosci","30":"tag-screening_general","31":"tag-supernowosci24","32":"tag-top-stories","33":"tag-topstories","34":"tag-v2021","35":"tag-wiadomosci"},"share_on_mastodon":{"url":"https:\/\/pubeurope.com\/@pl\/115741097334130552","error":""},"_links":{"self":[{"href":"https:\/\/www.europesays.com\/pl\/wp-json\/wp\/v2\/posts\/158112","targetHints":{"allow":["GET"]}}],"collection":[{"href":"https:\/\/www.europesays.com\/pl\/wp-json\/wp\/v2\/posts"}],"about":[{"href":"https:\/\/www.europesays.com\/pl\/wp-json\/wp\/v2\/types\/post"}],"author":[{"embeddable":true,"href":"https:\/\/www.europesays.com\/pl\/wp-json\/wp\/v2\/users\/2"}],"replies":[{"embeddable":true,"href":"https:\/\/www.europesays.com\/pl\/wp-json\/wp\/v2\/comments?post=158112"}],"version-history":[{"count":0,"href":"https:\/\/www.europesays.com\/pl\/wp-json\/wp\/v2\/posts\/158112\/revisions"}],"wp:featuredmedia":[{"embeddable":true,"href":"https:\/\/www.europesays.com\/pl\/wp-json\/wp\/v2\/media\/158113"}],"wp:attachment":[{"href":"https:\/\/www.europesays.com\/pl\/wp-json\/wp\/v2\/media?parent=158112"}],"wp:term":[{"taxonomy":"category","embeddable":true,"href":"https:\/\/www.europesays.com\/pl\/wp-json\/wp\/v2\/categories?post=158112"},{"taxonomy":"post_tag","embeddable":true,"href":"https:\/\/www.europesays.com\/pl\/wp-json\/wp\/v2\/tags?post=158112"}],"curies":[{"name":"wp","href":"https:\/\/api.w.org\/{rel}","templated":true}]}}