{"id":158150,"date":"2025-12-18T15:03:09","date_gmt":"2025-12-18T15:03:09","guid":{"rendered":"https:\/\/www.europesays.com\/pl\/158150\/"},"modified":"2025-12-18T15:03:09","modified_gmt":"2025-12-18T15:03:09","slug":"zbigniew-ziobro-stracil-paszporty-jego-obronca-ujawnia-plan-2","status":"publish","type":"post","link":"https:\/\/www.europesays.com\/pl\/158150\/","title":{"rendered":"Zbigniew Ziobro straci\u0142 paszporty. Jego obro\u0144ca ujawnia plan"},"content":{"rendered":"<ul class=\"UnorderedList_container__nmfSl\">\n<li class=\"UnorderedList_listElement__Py7xi\" data-id=\"ai-summary-link\">Du\u017co czytania, a ma\u0142o czasu? Sprawd\u017a\u00a0skr\u00f3t\u00a0artyku\u0142u<\/li>\n<\/ul>\n<p class=\"Paragraph_desktopParagraph__U31Gm\">Na podstawie wniosku prokuratury Zbigniew Ziobro straci\u0142 dwa paszporty \u2014 dyplomatyczny oraz prywatny. O uniewa\u017cnieniu drugiego z nich, decyzj\u0105 wojewody mazowieckiego Mariusza Frankowskiego, poinformowa\u0142 w poniedzia\u0142ek szef MSWiA Marcin Kierwi\u0144ski. Mecenas Bartosz Lewandowski, obro\u0144ca Ziobry, potwierdzi\u0142 w rozmowie z &#8222;Rzeczpospolit\u0105&#8221;, \u017ce decyzja wojewody zostanie zaskar\u017cona do Wojew\u00f3dzkiego S\u0105du Administracyjnego.<\/p>\n<p class=\"VideoPlayerText_videoPlayerText__iDwyz\">Dalszy ci\u0105g materia\u0142u pod wideo<\/p>\n<p class=\"Paragraph_desktopParagraph__U31Gm\">Lewandowski zaznaczy\u0142, \u017ce nie chce ujawnia\u0107 szczeg\u00f3\u0142\u00f3w argumentacji, kt\u00f3r\u0105 przedstawi s\u0105dowi. Doda\u0142, \u017ce o decyzji dowiedzieli si\u0119 z medi\u00f3w oraz wpisu ministra Kierwi\u0144skiego, a oficjalny dokument nie zosta\u0142 jeszcze dor\u0119czony.<\/p>\n<ul class=\"OchatFollowUps_wrapper__1ry7X\">\n<li class=\"OchatFollowUps_item__Dhyly OchatFollowUps_itemDesktop__R6aBv\">Dlaczego Zbigniew Ziobro straci\u0142 paszporty?<\/li>\n<li class=\"OchatFollowUps_item__Dhyly OchatFollowUps_itemDesktop__R6aBv\">Kto jest obro\u0144c\u0105 Zbigniewa Ziobry?<\/li>\n<li class=\"OchatFollowUps_item__Dhyly OchatFollowUps_itemDesktop__R6aBv\">Kiedy Zbigniew Ziobro zaskar\u017cy\u0142 decyzj\u0119 o uniewa\u017cnieniu paszport\u00f3w?<\/li>\n<li class=\"OchatFollowUps_item__Dhyly OchatFollowUps_itemDesktop__R6aBv\">Czy inni ministrowie z rz\u0105du PiS stracili paszporty dyplomatyczne?<\/li>\n<\/ul>\n<p class=\"Paragraph_desktopParagraph__U31Gm\">Kwestia uniewa\u017cnienia paszport\u00f3w przez MSZ i wojewod\u0119<\/p>\n<p class=\"Paragraph_desktopParagraph__U31Gm\">By\u0142y minister sprawiedliwo\u015bci by\u0107 mo\u017ce zaskar\u017cy r\u00f3wnie\u017c odebranie paszportu dyplomatycznego przez Ministerstwo Spraw Zagranicznych. Dokument ten zosta\u0142 uniewa\u017cniony 18 listopada przez szefa MSZ na wniosek prokuratury. Sprawa ta mo\u017ce mie\u0107 charakter precedensowy, poniewa\u017c przepisy umo\u017cliwiaj\u0105ce uniewa\u017cnienie paszportu nie precyzuj\u0105, w jakich okoliczno\u015bciach organy takie jak MSZ czy wojewoda mog\u0105 podj\u0105\u0107 tak\u0105 decyzj\u0119.<\/p>\n<p>Kto zachowa\u0142 paszport dyplomatyczny, a kto go straci\u0142? <\/p>\n<p class=\"Paragraph_desktopParagraph__U31Gm\">Jak przypomina &#8222;Rzeczpospolita&#8221;, paszport dyplomatyczny przys\u0142uguje osobom zajmuj\u0105cym wysokie stanowiska pa\u0144stwowe, takim jak prezydent, marsza\u0142kowie Sejmu i Senatu, ministrowie, pos\u0142owie, senatorowie, prokurator generalny, prezesi TK i S\u0105du Najwy\u017cszego oraz szef BBN. Przes\u0142ank\u0105 do uniewa\u017cnienia tego dokumentu mo\u017ce by\u0107 m.in. wniosek organu prowadz\u0105cego post\u0119powanie przygotowawcze lub wykonawcze w sprawie karnej, w tym dotycz\u0105cej przest\u0119pstwa skarbowego. Ustawa nie okre\u015bla jednak szczeg\u00f3\u0142owych warunk\u00f3w, kt\u00f3re musz\u0105 zosta\u0107 spe\u0142nione, by organ m\u00f3g\u0142 uniewa\u017cni\u0107 paszport.<\/p>\n<p class=\"Paragraph_desktopParagraph__U31Gm\">&#8222;Rzeczpospolita&#8221; zwr\u00f3ci\u0142a si\u0119 do MSZ z pytaniem, kt\u00f3rzy byli ministrowie i wiceministrowie rz\u0105d\u00f3w PiS z lat 2016-2023 nadal posiadaj\u0105 paszporty dyplomatyczne, a kt\u00f3rzy ju\u017c je utracili. W\u015br\u00f3d os\u00f3b, kt\u00f3re wci\u0105\u017c maj\u0105 ten dokument, s\u0105 obecni pos\u0142owie i europos\u0142owie, m.in. Beata Szyd\u0142o, Piotr Gli\u0144ski, Mateusz Morawiecki, Mariusz B\u0142aszczak oraz Anna Zalewska. Paszport dyplomatyczny zachowa\u0142 tak\u017ce Witold Waszczykowski, by\u0142y szef MSZ, mimo \u017ce nie pe\u0142ni ju\u017c funkcji publicznych.<\/p>\n<p class=\"Paragraph_desktopParagraph__U31Gm\">Z kolei po zako\u0144czeniu pe\u0142nienia funkcji ministerialnych paszporty dyplomatyczne zosta\u0142y anulowane m.in. El\u017cbiecie Rafalskiej, Krzysztofowi Jurgielowi, Konstantemu Radziwi\u0142\u0142owi, Dawidowi Jackiewiczowi, Adamowi Lipi\u0144skiemu oraz Beacie Kempie.<\/p>\n<p class=\"Paragraph_desktopParagraph__U31Gm\">Nie wszyscy ministrowie rz\u0105du PiS korzystali z tego przywileju. Anna Stre\u017cy\u0144ska, Marzena Ma\u0142ek, Marek Zag\u00f3rski czy Maciej W\u0105sik nie posiadali paszportu dyplomatycznego. <\/p>\n<p class=\"Paragraph_desktopParagraph__U31Gm\">Paszport dyplomatyczny mo\u017ce by\u0107 wydany tak\u017ce w szczeg\u00f3lnych sytuacjach, gdy wymaga tego ochrona interes\u00f3w Polski za granic\u0105. Przyk\u0142adem jest Witold Ba\u0144ka, prezydent \u015awiatowej Agencji Antydopingowej (WADA), kt\u00f3ry otrzyma\u0142 taki dokument. W takich przypadkach decyzj\u0119 podejmuje minister spraw zagranicznych.<\/p>\n","protected":false},"excerpt":{"rendered":"Du\u017co czytania, a ma\u0142o czasu? Sprawd\u017a\u00a0skr\u00f3t\u00a0artyku\u0142u Na podstawie wniosku prokuratury Zbigniew Ziobro straci\u0142 dwa paszporty \u2014 dyplomatyczny oraz&hellip;\n","protected":false},"author":2,"featured_media":158151,"comment_status":"","ping_status":"","sticky":false,"template":"","format":"standard","meta":{"footnotes":""},"categories":[5],"tags":[32,33,36,37,27,67,34,35,28,31,53,25,52,68,51,5867,55,42,38,40,39,41,47,29,30,65,50,1234,26,4070],"class_list":{"0":"post-158150","1":"post","2":"type-post","3":"status-publish","4":"format-standard","5":"has-post-thumbnail","7":"category-naglowki","8":"tag-breaking-news","9":"tag-breakingnews","10":"tag-featured-news","11":"tag-featurednews","12":"tag-headlines","13":"tag-intextvideo_splayer","14":"tag-latest-news","15":"tag-latestnews","16":"tag-naglowki","17":"tag-najwazniejsze-artykuly","18":"tag-new_header","19":"tag-news","20":"tag-onet3","21":"tag-onet3d","22":"tag-onet3d_2i","23":"tag-paszport_paszporty","24":"tag-phx","25":"tag-pl","26":"tag-poland","27":"tag-polish","28":"tag-polska","29":"tag-polski","30":"tag-screening_general","31":"tag-top-stories","32":"tag-topstories","33":"tag-update_me","34":"tag-v2021","35":"tag-wegry_wegier_wegierka_wegrzy","36":"tag-wiadomosci","37":"tag-zbigniew_ziobro_polityk"},"share_on_mastodon":{"url":"https:\/\/pubeurope.com\/@pl\/115741183461801652","error":""},"_links":{"self":[{"href":"https:\/\/www.europesays.com\/pl\/wp-json\/wp\/v2\/posts\/158150","targetHints":{"allow":["GET"]}}],"collection":[{"href":"https:\/\/www.europesays.com\/pl\/wp-json\/wp\/v2\/posts"}],"about":[{"href":"https:\/\/www.europesays.com\/pl\/wp-json\/wp\/v2\/types\/post"}],"author":[{"embeddable":true,"href":"https:\/\/www.europesays.com\/pl\/wp-json\/wp\/v2\/users\/2"}],"replies":[{"embeddable":true,"href":"https:\/\/www.europesays.com\/pl\/wp-json\/wp\/v2\/comments?post=158150"}],"version-history":[{"count":0,"href":"https:\/\/www.europesays.com\/pl\/wp-json\/wp\/v2\/posts\/158150\/revisions"}],"wp:featuredmedia":[{"embeddable":true,"href":"https:\/\/www.europesays.com\/pl\/wp-json\/wp\/v2\/media\/158151"}],"wp:attachment":[{"href":"https:\/\/www.europesays.com\/pl\/wp-json\/wp\/v2\/media?parent=158150"}],"wp:term":[{"taxonomy":"category","embeddable":true,"href":"https:\/\/www.europesays.com\/pl\/wp-json\/wp\/v2\/categories?post=158150"},{"taxonomy":"post_tag","embeddable":true,"href":"https:\/\/www.europesays.com\/pl\/wp-json\/wp\/v2\/tags?post=158150"}],"curies":[{"name":"wp","href":"https:\/\/api.w.org\/{rel}","templated":true}]}}