{"id":158210,"date":"2025-12-18T15:47:10","date_gmt":"2025-12-18T15:47:10","guid":{"rendered":"https:\/\/www.europesays.com\/pl\/158210\/"},"modified":"2025-12-18T15:47:10","modified_gmt":"2025-12-18T15:47:10","slug":"ksiaze-harry-wylecial-z-montecito-samotnie-to-podsyca-plotki-o-kryzysie","status":"publish","type":"post","link":"https:\/\/www.europesays.com\/pl\/158210\/","title":{"rendered":"Ksi\u0105\u017c\u0119 Harry wylecia\u0142 z Montecito samotnie. To podsyca plotki o kryzysie"},"content":{"rendered":"<p><a class=\"Slot_linkedImage__I6x1q\" target=\"_blank\" href=\"https:\/\/plejada.pl\/temat\/rodziny-krolewskie-rody-royalsi\/rgknq1p\" rel=\"noopener noreferrer nofollow\" data-allow-layer=\"true\"><img decoding=\"async\" class=\"Image_image__0tuHp Image_autoHeight__f2n87 \" height=\"93\" width=\"750\" src=\"https:\/\/www.europesays.com\/pl\/wp-content\/uploads\/2025\/12\/tS5k9kpTURBXy9mMTRkOTIyMDcwYjFjMGI2YzQyMTNkNDYwYWYwNTg3Ni5qcGeSlQLNAu4AwsOVAgDNAu7Cw94AA6EwAaExAaEzw.jpeg\" loading=\"lazy\" \/><\/a><\/p>\n<p class=\"Paragraph_desktopParagraph__U31Gm\"><a href=\"https:\/\/plejada.pl\/temat\/ksiaze-harry-henryk-ksiaze-sussexu\/4z43csc\" id=\"3338a732-124f-4222-8864-d4395de51a9d\" rel=\"nofollow noopener\" target=\"_blank\">Ksi\u0105\u017c\u0119 Harry<\/a> &#8222;wybra\u0142 si\u0119 do Aspen, gdzie cieszy\u0142 si\u0119 zimowym wypoczynkiem przed kolejnymi sportowymi wyzwaniami&#8221; \u2014 poinformowa\u0142 magazyn &#8222;Hello!&#8221;. M\u0142odszy syn <a href=\"https:\/\/plejada.pl\/temat\/krol-karol-iii-krol-brytyjski\/mvvl70q\" id=\"5d87c2a1-2c4c-40d2-ae9a-bf7f20adf195\" rel=\"nofollow noopener\" target=\"_blank\">kr\u00f3la Karola III<\/a> zosta\u0142 zauwa\u017cony podczas jazdy na nartach w popularnym kurorcie w Kolorado. Nie by\u0142 sam. Towarzyszy\u0142 mu Nacho Figueras, argenty\u0144ski zawodowy gracz polo.<\/p>\n<p class=\"Paragraph_desktopParagraph__U31Gm\">&#8222;Ksi\u0105\u017c\u0119 Harry sp\u0119dzi\u0142 z Nacho oko\u0142o czterech godzin na stokach. Je\u017adzili na nartach i wsp\u00f3lnie zjedli lunch w jednej z restauracji o\u015brodka. Harry wygl\u0105da\u0142 na zadowolonego. Na stokach towarzyszy\u0142a mu tak\u017ce grupa znajomych&#8221; \u2014 powiedzia\u0142o \u017ar\u00f3d\u0142o &#8222;Hello!&#8221;.<\/p>\n<p class=\"Paragraph_desktopParagraph__U31Gm\">Harry je\u017adzi na nartach od dzieci\u0144stwa. W 2024 r. mia\u0142 okazj\u0119 przetestowa\u0107 narty adaptacyjne podczas <a href=\"https:\/\/plejada.pl\/temat\/invictus-games\/tps34k9\" id=\"0dd6b635-a080-4541-915b-f1c768b8bd33\" rel=\"nofollow noopener\" target=\"_blank\">Invictus Games<\/a> w Whistler w Kanadzie.<\/p>\n<p class=\"Paragraph_desktopParagraph__U31Gm\">Wed\u0142ug brytyjskiego magazynu: <a href=\"https:\/\/plejada.pl\/temat\/ksiezna-meghan-ksiezna-sussex-meghan-markle\/52km2qm\" id=\"a88a1342-019b-4efb-8b49-6888b2dc23e6\" rel=\"nofollow noopener\" target=\"_blank\">Meghan Markle<\/a> oraz dzieci, <a href=\"https:\/\/plejada.pl\/temat\/archie-mountbatten-windsor\/0183zb1\" id=\"f7d0f892-ce40-4519-b807-606154854510\" rel=\"nofollow noopener\" target=\"_blank\">Archie<\/a> i <a href=\"https:\/\/plejada.pl\/temat\/lilibet-mountbatten-windsor\/ch6bds5\" id=\"499c1862-fb33-406c-a70b-6f8d779a465e\" rel=\"nofollow noopener\" target=\"_blank\">Lilibet<\/a>, nie do\u0142\u0105czyli do &#8222;prywatnej wyprawy narciarskiej Harry&#8217;ego&#8221;. Zostali w Montecito w Kalifornii.<\/p>\n<ul class=\"OchatFollowUps_wrapper__1ry7X\">\n<li class=\"OchatFollowUps_item__Dhyly OchatFollowUps_itemDesktop__R6aBv\">Dlaczego ksi\u0105\u017c\u0119 Harry wyjecha\u0142 do Aspen?<\/li>\n<li class=\"OchatFollowUps_item__Dhyly OchatFollowUps_itemDesktop__R6aBv\">Kto towarzyszy\u0142 ksi\u0119ciu Harry&#8217;emu w Aspen?<\/li>\n<li class=\"OchatFollowUps_item__Dhyly OchatFollowUps_itemDesktop__R6aBv\">Jak d\u0142ugo Harry sp\u0119dzi\u0142 na nartach?<\/li>\n<li class=\"OchatFollowUps_item__Dhyly OchatFollowUps_itemDesktop__R6aBv\">Czy Meghan Markle i dzieci pojecha\u0142y z Harrym do Aspen?<\/li>\n<\/ul>\n<p>Harry na turnieju snow polo <\/p>\n<p class=\"Paragraph_desktopParagraph__U31Gm\">Ksi\u0105\u017c\u0119 Harry i Nacho Figueras pojawili si\u0119 w Kolorado, aby wzi\u0105\u0107 udzia\u0142 w turnieju St. Regis World Snow Polo Championship (17-18 grudnia). Snow polo (polo na \u015bniegu) to odmiana klasycznego polo, dostosowana do zimowych warunk\u00f3w. Wed\u0142ug instagramowego konta Aspen Snow Polo: Harry zosta\u0142 zawodnikiem dru\u017cyny Aspen Valley, Nacho (oraz jego synowie Artemio i Hilario) \u2014 St. Regis.<\/p>\n<p class=\"Paragraph_desktopParagraph__U31Gm\">Media skrupulatnie przypomnia\u0142y, \u017ce ksi\u0105\u017c\u0119 Sussex i jego przyjaciel (nazywany &#8222;Davidem Beckhamem gry w polo&#8221;) wcze\u015bniej rywalizowali w Sentebale Polo Cup w Aspen Valley Polo Club w sierpniu 2022 r.<\/p>\n<p class=\"Paragraph_desktopParagraph__U31Gm\">W \u015brod\u0119 17 grudnia Meghan Markle zamie\u015bci\u0142a w mediach spo\u0142eczno\u015bciowych &#8222;zalotn\u0105 wiadomo\u015b\u0107 dla Harry&#8217;ego&#8221; (cytat za &#8222;Hello!&#8221;). Publikuj\u0105c zdj\u0119cie m\u0119\u017ca graj\u0105cego w polo na za\u015bnie\u017conym boisku w Kolorado, publicznie okaza\u0142a mu swoj\u0105 aprobat\u0119. Pod fotografi\u0105 Harry&#8217;ego napisa\u0142a: &#8222;O, cze\u015b\u0107&#8221;.<\/p>\n<p><img decoding=\"async\" class=\"Image_image__0tuHp Image_autoHeight__f2n87 \" height=\"587\" width=\"532\" src=\"https:\/\/www.europesays.com\/pl\/wp-content\/uploads\/2025\/12\/MEDk9kpTURBXy8wYzkwOGQ0OTI5NDExZjQ2YjY0ZTVlY2QyZjcwOWQ2MS5qcGeSlQLNA6wAwsOVAgDNAkvCw94AA6EwAaExAaEzw.jpeg\" alt=\"Ksi\u0105\u017c\u0119 Harry\" loading=\"lazy\" \/>@meghan \/ Instagram<\/p>\n<p>Ksi\u0105\u017c\u0119 Harry<\/p>\n<p class=\"Paragraph_desktopParagraph__U31Gm\">Dzi\u0119kujemy, \u017ce przeczyta\u0142a\u015b\/e\u015b nasz artyku\u0142 do ko\u0144ca. W serwisie Plejada.pl ka\u017cdego dnia piszemy o najwa\u017cniejszych wydarzeniach show-biznesowych. B\u0105d\u017a na bie\u017c\u0105co! <a rel=\"nofollow noopener\" href=\"https:\/\/profile.google.com\/cp\/Cg0vZy8xMWJ6X19wdHBx\" id=\"5b42ab11-bb5f-41fc-b1a0-5478ee9c5172\" target=\"_blank\">Obserwuj<\/a> Plejad\u0119 w Google. Odwied\u017a nas tak\u017ce na <a rel=\"nofollow noopener\" href=\"https:\/\/www.facebook.com\/plejadapl\" id=\"f1c8aef6-98e9-4d22-b344-64555322d3f3\" target=\"_blank\">Facebooku<\/a>, <a rel=\"nofollow noopener\" href=\"https:\/\/www.instagram.com\/plejadapl\/\" id=\"44bff9a2-12cd-406f-b4d6-b9616a7f29c0\" target=\"_blank\">Instagramie<\/a>, <a rel=\"nofollow noopener\" href=\"https:\/\/www.youtube.com\/c\/plejada\" id=\"b7dddb65-506a-4fa6-97b5-ab2e44419717\" target=\"_blank\">YouTubie<\/a> oraz <a rel=\"nofollow noopener\" href=\"https:\/\/www.tiktok.com\/@plejada_pl\" id=\"7120483b-d361-4e8b-9a72-3b70c9171fba\" target=\"_blank\">TikToku<\/a>.<\/p>\n<p class=\"Paragraph_desktopParagraph__U31Gm\">Chcesz podzieli\u0107 si\u0119 ciekawym newsem lub zaproponowa\u0107 temat? Skontaktuj si\u0119 z nami, pisz\u0105c maila na adres: <a href=\"https:\/\/www.onet.pl\/styl-zycia\/plejada\/ksiaze-harry-wylecial-z-montecito-samotnie-to-podsyca-plotki-o-kryzysie\/mailto:plejada@redakcjaonet.pl\" id=\"847537aa-63e2-426c-a97c-740247cda6ec\" rel=\"nofollow noopener\" target=\"_blank\">plejada@redakcjaon<\/a><a rel=\"nofollow noopener\" href=\"http:\/\/et.pl\" id=\"b4bf4a0c-3916-413b-957b-f0d0244398c8\" target=\"_blank\">et.pl<\/a>.<\/p>\n<p><script async src=\"\/\/www.instagram.com\/embed.js\"><\/script><script async src=\"\/\/www.tiktok.com\/embed.js\"><\/script><\/p>\n","protected":false},"excerpt":{"rendered":"Ksi\u0105\u017c\u0119 Harry &#8222;wybra\u0142 si\u0119 do Aspen, gdzie cieszy\u0142 si\u0119 zimowym wypoczynkiem przed kolejnymi sportowymi wyzwaniami&#8221; \u2014 poinformowa\u0142 magazyn&hellip;\n","protected":false},"author":2,"featured_media":158211,"comment_status":"","ping_status":"","sticky":false,"template":"","format":"standard","meta":{"footnotes":""},"categories":[22],"tags":[31424,122,67,3201,3202,12411,31423,53,52,68,51,55,42,38,40,39,41,459,123,47,196,65,50],"class_list":{"0":"post-158210","1":"post","2":"type-post","3":"status-publish","4":"format-standard","5":"has-post-thumbnail","7":"category-rozrywka","8":"tag-archie_mountbatten_windsor","9":"tag-entertainment","10":"tag-intextvideo_splayer","11":"tag-ksiaze_harry_henryk_ksiaze_sussexu","12":"tag-ksiezna_meghan_ksiezna_sussex_meghan_markle","13":"tag-lilibet_mountbatten_windsor","14":"tag-nacho_figueras","15":"tag-new_header","16":"tag-onet3","17":"tag-onet3d","18":"tag-onet3d_2i","19":"tag-phx","20":"tag-pl","21":"tag-poland","22":"tag-polish","23":"tag-polska","24":"tag-polski","25":"tag-rodziny_krolewskie_rody_royalsi","26":"tag-rozrywka","27":"tag-screening_general","28":"tag-styl_zycia","29":"tag-update_me","30":"tag-v2021"},"share_on_mastodon":{"url":"https:\/\/pubeurope.com\/@pl\/115741356782509503","error":""},"_links":{"self":[{"href":"https:\/\/www.europesays.com\/pl\/wp-json\/wp\/v2\/posts\/158210","targetHints":{"allow":["GET"]}}],"collection":[{"href":"https:\/\/www.europesays.com\/pl\/wp-json\/wp\/v2\/posts"}],"about":[{"href":"https:\/\/www.europesays.com\/pl\/wp-json\/wp\/v2\/types\/post"}],"author":[{"embeddable":true,"href":"https:\/\/www.europesays.com\/pl\/wp-json\/wp\/v2\/users\/2"}],"replies":[{"embeddable":true,"href":"https:\/\/www.europesays.com\/pl\/wp-json\/wp\/v2\/comments?post=158210"}],"version-history":[{"count":0,"href":"https:\/\/www.europesays.com\/pl\/wp-json\/wp\/v2\/posts\/158210\/revisions"}],"wp:featuredmedia":[{"embeddable":true,"href":"https:\/\/www.europesays.com\/pl\/wp-json\/wp\/v2\/media\/158211"}],"wp:attachment":[{"href":"https:\/\/www.europesays.com\/pl\/wp-json\/wp\/v2\/media?parent=158210"}],"wp:term":[{"taxonomy":"category","embeddable":true,"href":"https:\/\/www.europesays.com\/pl\/wp-json\/wp\/v2\/categories?post=158210"},{"taxonomy":"post_tag","embeddable":true,"href":"https:\/\/www.europesays.com\/pl\/wp-json\/wp\/v2\/tags?post=158210"}],"curies":[{"name":"wp","href":"https:\/\/api.w.org\/{rel}","templated":true}]}}