{"id":158230,"date":"2025-12-18T16:01:42","date_gmt":"2025-12-18T16:01:42","guid":{"rendered":"https:\/\/www.europesays.com\/pl\/158230\/"},"modified":"2025-12-18T16:01:42","modified_gmt":"2025-12-18T16:01:42","slug":"karol-strasburger-zostal-ojcem-po-70-tce-tego-obawia-sie-najbardziej","status":"publish","type":"post","link":"https:\/\/www.europesays.com\/pl\/158230\/","title":{"rendered":"Karol Strasburger zosta\u0142 ojcem po 70-tce. Tego obawia si\u0119 najbardziej"},"content":{"rendered":"<p class=\"Paragraph_desktopParagraph__U31Gm\">Karol Strasburger nie mia\u0142 dzieci z pierwszego ma\u0142\u017ce\u0144stwa. Ojcostwa do\u015bwiadczy\u0142 dopiero jako 72-latek, po \u015blubie z o 36 lat m\u0142odsz\u0105 Ma\u0142gorzat\u0105 Weremczuk. W rozmowie z &#8222;Dzie\u0144 dobry TVN&#8221; przyzna\u0142, \u017ce mimo wykonania wszystkich bada\u0144 i zapewnie\u0144 lekarzy, narodzinom dziecka towarzyszy\u0142 ogromny stres.<\/p>\n<p class=\"Paragraph_desktopParagraph__U31Gm\">\u2014 Zrobili\u015bmy wszelkie badania, wiedzieli\u015bmy, \u017ce dziecko jest zdrowe, ale mimo wszystko to jest straszna nerw\u00f3wka. Chodzi\u0142em jak lew w klatce po pokoju \u2014 wspomina\u0142.<\/p>\n<ul class=\"OchatFollowUps_wrapper__1ry7X\">\n<li class=\"OchatFollowUps_item__Dhyly OchatFollowUps_itemDesktop__R6aBv\">Ile lat mia\u0142 Karol Strasburger, gdy zosta\u0142 ojcem?<\/li>\n<li class=\"OchatFollowUps_item__Dhyly OchatFollowUps_itemDesktop__R6aBv\">Kiedy urodzi\u0142a si\u0119 c\u00f3rka Karola Strasburgera?<\/li>\n<li class=\"OchatFollowUps_item__Dhyly OchatFollowUps_itemDesktop__R6aBv\">Jakie obawy wyrazi\u0142 Strasburger zwi\u0105zku z p\u00f3\u017anym ojcostwem?<\/li>\n<li class=\"OchatFollowUps_item__Dhyly OchatFollowUps_itemDesktop__R6aBv\">Jakie badania wykonali Strasburgerowie przed narodzinami dziecka?<\/li>\n<\/ul>\n<p>&#8222;\u0141zy same polecia\u0142y&#8221;. Karol Strasburger wraca do chwili narodzin c\u00f3rki <\/p>\n<p class=\"Paragraph_desktopParagraph__U31Gm\">Moment pierwszego kontaktu z dzieckiem okaza\u0142 si\u0119 dla Karola Strasburgera wyj\u0105tkowo poruszaj\u0105cy. <\/p>\n<blockquote>\n<p class=\"Paragraph_desktopParagraph__U31Gm\">Skoczy\u0142em do tych drzwi, naprawd\u0119 pe\u0142en strachu. Pani, widz\u0105c m\u00f3j stan, powiedzia\u0142a: &#8222;Jest wszystko w najlepszym porz\u0105dku. Rozbieraj si\u0119, ch\u0142opie, i bierz dziecko na klat\u0119. Siadaj i kanguruj&#8221;<\/p>\n<\/blockquote>\n<p class=\"Paragraph_desktopParagraph__U31Gm\">\u2014 relacjonowa\u0142.<\/p>\n<blockquote>\n<p class=\"Paragraph_desktopParagraph__U31Gm\">Jak to dziecko po\u0142o\u017cyli mi na klatce i ono wyci\u0105gn\u0119\u0142o tak\u0105 malutk\u0105 \u0142apk\u0119 i mnie dotkn\u0119\u0142o, to \u0142zy same polecia\u0142y. Jak o tym m\u00f3wi\u0119, nadal si\u0119 wzruszam<\/p>\n<\/blockquote>\n<p class=\"Paragraph_desktopParagraph__U31Gm\">\u2014 doda\u0142.<\/p>\n<p><img decoding=\"async\" class=\"Image_image__0tuHp Image_autoHeight__f2n87 \" height=\"529\" width=\"940\" src=\"https:\/\/www.europesays.com\/pl\/wp-content\/uploads\/2025\/12\/Bv0k9kpTURBXy9hMDM2YzRlMDY0MWQyOTQyZjJjNTk5Y2U0Y2Q0ZTc1NC5wbmeSlQLNA6wAwsOVAgDNAkvCw94AA6EwAaExAaEzw.jpeg\" alt=\"Karol Strasburger w &quot;Dzie\u0144 dobry TVN&quot;\" loading=\"lazy\" \/>screen, Dzie\u0144 Dobry TVN, Player.pl \/ TVN<\/p>\n<p>Karol Strasburger w &#8222;Dzie\u0144 dobry TVN&#8221;<\/p>\n<p class=\"Paragraph_desktopParagraph__U31Gm\">Cho\u0107 wielu jego znajomych ostrzega\u0142o go przed trudami ojcostwa w starszym wieku, Strasburger podkre\u015bla, \u017ce nie \u017ca\u0142uje swojej decyzji ani przez chwil\u0119.<\/p>\n<blockquote>\n<p class=\"Paragraph_desktopParagraph__U31Gm\">Koledzy m\u00f3wili: &#8222;Nie miej dziecka, nie wytrzymasz nocy, pieluch, tego wszystkiego&#8221;. A ja regularnie \u0107wicz\u0119, chodz\u0119 na sal\u0119 gimnastyczn\u0105 i nadal to robi\u0119. Nie jestem tat\u0105, kt\u00f3ry ledwo wchodzi po schodach. Moja c\u00f3rka mi jeszcze nie ucieknie<\/p>\n<\/blockquote>\n<p class=\"Paragraph_desktopParagraph__U31Gm\">\u2014 \u017cartowa\u0142.<\/p>\n<p class=\"Paragraph_desktopParagraph__U31Gm\">Prowadz\u0105cy &#8222;Familiad\u0119&#8221; zaznaczy\u0142, \u017ce nie widzi w p\u00f3\u017anym ojcostwie wi\u0119kszych minus\u00f3w \u2014 poza jednym. \u2014 Jedynym minusem jest to, \u017ce mo\u017cemy nie zd\u0105\u017cy\u0107 prze\u017cy\u0107 wszystkiego. Dlatego trzeba dawa\u0107 dziecku wszystko, co najlepsze tu i teraz \u2014 m\u00f3wi\u0142.<\/p>\n<p class=\"Paragraph_desktopParagraph__U31Gm\">C\u00f3rka Karola Strasburgera, Laura, niedawno obchodzi\u0142a 6. urodziny. Dziewczynka przysz\u0142a na \u015bwiat w listopadzie 2019 r.<\/p>\n<p><img decoding=\"async\" class=\"Image_image__0tuHp Image_autoHeight__f2n87 \" height=\"529\" width=\"940\" src=\"https:\/\/www.europesays.com\/pl\/wp-content\/uploads\/2025\/12\/h0hk9kpTURBXy8xZTk5YmJkODhlZTEyYmZhMzA2NjZmMDFkOTg1NTFlZC5wbmeSlQLNA6wAwsOVAgDNAkvCw94AA6EwAaExAaEzw.jpeg\" alt=\"Karol Strasburger w &quot;Dzie\u0144 dobry TVN&quot;\" loading=\"lazy\" \/>screen, Dzie\u0144 Dobry TVN, Player.pl \/ TVN<\/p>\n<p>Karol Strasburger w &#8222;Dzie\u0144 dobry TVN&#8221;<\/p>\n<p class=\"Paragraph_desktopParagraph__U31Gm\">Dzi\u0119kujemy, \u017ce przeczyta\u0142a\u015b\/e\u015b nasz artyku\u0142 do ko\u0144ca. W serwisie Plejada.pl ka\u017cdego dnia piszemy o najwa\u017cniejszych wydarzeniach show-biznesowych. B\u0105d\u017a na bie\u017c\u0105co! <a rel=\"nofollow noopener\" href=\"https:\/\/news.google.com\/publications\/CAAiEF0PeAlb7W1llpV_mwV2rL4qFAgKIhBdD3gJW-1tZZaVf5sFdqy-?hl=pl&amp;gl=PL&amp;ceid=PL%3Apl\" id=\"1b67895c-3281-49d7-a2cb-c6fdce7edd34\" target=\"_blank\">Obserwuj<\/a> Plejad\u0119 w Wiadomo\u015bciach Google. Odwied\u017a nas tak\u017ce na <a rel=\"nofollow noopener\" href=\"https:\/\/www.facebook.com\/plejadapl\" id=\"c3a4fafe-9a22-401f-8e99-ead0b4f15fd5\" target=\"_blank\">Facebooku<\/a>, <a rel=\"nofollow noopener\" href=\"https:\/\/www.instagram.com\/plejadapl\/\" id=\"6b9797a7-6ab0-4a37-8046-c2edd67834c5\" target=\"_blank\">Instagramie<\/a>, <a rel=\"nofollow noopener\" href=\"https:\/\/www.youtube.com\/c\/plejada\" id=\"5d0e7038-355f-4f21-880b-12df2fe521e8\" target=\"_blank\">YouTubie<\/a> oraz <a rel=\"nofollow noopener\" href=\"https:\/\/www.tiktok.com\/@plejada_pl\" id=\"05d496b6-aa42-461e-9d26-2bd085ca8480\" target=\"_blank\">TikToku<\/a>.<\/p>\n<p class=\"Paragraph_desktopParagraph__U31Gm\">Chcesz podzieli\u0107 si\u0119 ciekawym newsem lub zaproponowa\u0107 temat? Skontaktuj si\u0119 z nami, pisz\u0105c e-maila na adres: <a href=\"https:\/\/www.onet.pl\/styl-zycia\/plejada\/karol-strasburger-zostal-ojcem-po-70-tce-tego-obawia-sie-najbardziej\/mailto:plejada@redakcjaonet.pl\" id=\"f773de01-bee9-4e96-956b-aa18f7ec5d52\" rel=\"nofollow noopener\" target=\"_blank\">plejada@redakcjaonet.pl<\/a>.<\/p>\n<p><script async src=\"\/\/www.instagram.com\/embed.js\"><\/script><script async src=\"\/\/www.tiktok.com\/embed.js\"><\/script><\/p>\n","protected":false},"excerpt":{"rendered":"Karol Strasburger nie mia\u0142 dzieci z pierwszego ma\u0142\u017ce\u0144stwa. Ojcostwa do\u015bwiadczy\u0142 dopiero jako 72-latek, po \u015blubie z o 36&hellip;\n","protected":false},"author":2,"featured_media":158231,"comment_status":"","ping_status":"","sticky":false,"template":"","format":"standard","meta":{"footnotes":""},"categories":[22],"tags":[122,67,5234,53,52,68,51,55,42,38,40,39,41,123,47,196,65,50],"class_list":{"0":"post-158230","1":"post","2":"type-post","3":"status-publish","4":"format-standard","5":"has-post-thumbnail","7":"category-rozrywka","8":"tag-entertainment","9":"tag-intextvideo_splayer","10":"tag-karol_strasburger","11":"tag-new_header","12":"tag-onet3","13":"tag-onet3d","14":"tag-onet3d_2i","15":"tag-phx","16":"tag-pl","17":"tag-poland","18":"tag-polish","19":"tag-polska","20":"tag-polski","21":"tag-rozrywka","22":"tag-screening_general","23":"tag-styl_zycia","24":"tag-update_me","25":"tag-v2021"},"share_on_mastodon":{"url":"https:\/\/pubeurope.com\/@pl\/115741412661356617","error":""},"_links":{"self":[{"href":"https:\/\/www.europesays.com\/pl\/wp-json\/wp\/v2\/posts\/158230","targetHints":{"allow":["GET"]}}],"collection":[{"href":"https:\/\/www.europesays.com\/pl\/wp-json\/wp\/v2\/posts"}],"about":[{"href":"https:\/\/www.europesays.com\/pl\/wp-json\/wp\/v2\/types\/post"}],"author":[{"embeddable":true,"href":"https:\/\/www.europesays.com\/pl\/wp-json\/wp\/v2\/users\/2"}],"replies":[{"embeddable":true,"href":"https:\/\/www.europesays.com\/pl\/wp-json\/wp\/v2\/comments?post=158230"}],"version-history":[{"count":0,"href":"https:\/\/www.europesays.com\/pl\/wp-json\/wp\/v2\/posts\/158230\/revisions"}],"wp:featuredmedia":[{"embeddable":true,"href":"https:\/\/www.europesays.com\/pl\/wp-json\/wp\/v2\/media\/158231"}],"wp:attachment":[{"href":"https:\/\/www.europesays.com\/pl\/wp-json\/wp\/v2\/media?parent=158230"}],"wp:term":[{"taxonomy":"category","embeddable":true,"href":"https:\/\/www.europesays.com\/pl\/wp-json\/wp\/v2\/categories?post=158230"},{"taxonomy":"post_tag","embeddable":true,"href":"https:\/\/www.europesays.com\/pl\/wp-json\/wp\/v2\/tags?post=158230"}],"curies":[{"name":"wp","href":"https:\/\/api.w.org\/{rel}","templated":true}]}}