{"id":158260,"date":"2025-12-18T16:28:10","date_gmt":"2025-12-18T16:28:10","guid":{"rendered":"https:\/\/www.europesays.com\/pl\/158260\/"},"modified":"2025-12-18T16:28:10","modified_gmt":"2025-12-18T16:28:10","slug":"chiny-maja-haka-na-zachod-odslaniamy-kulisy-rozmow-za-zamknietymi-drzwiami","status":"publish","type":"post","link":"https:\/\/www.europesays.com\/pl\/158260\/","title":{"rendered":"Chiny maj\u0105 haka na Zach\u00f3d. Ods\u0142aniamy kulisy rozm\u00f3w za zamkni\u0119tymi drzwiami"},"content":{"rendered":"<p>Kraje cz\u0142onkowskie UE s\u0105 coraz bardziej zaniepokojone odporno\u015bci\u0105 infrastruktury energetycznej Unii na fizyczne i cyfrowe ataki ze strony przeciwnik\u00f3w, takich jak Rosja. Jednak to Chiny s\u0105 postrzegane jako coraz wi\u0119ksze zagro\u017cenie. Kraje cz\u0142onkowskie szczeg\u00f3lnie niepokoi zale\u017cno\u015b\u0107 UE od chi\u0144skich turbin wiatrowych, paneli s\u0142onecznych i innych kluczowych technologii zwi\u0105zanych z energi\u0105 odnawialn\u0105.<\/p>\n<p>Tyle \u017ce transformacja energetyczna i ekologiczna to nie wszystko. Dw\u00f3ch urz\u0119dnik\u00f3w UE informuje anonimowo POLITICO, \u017ce NATO, ustami Szekerinskiej, zwraca jednoznacznie uwag\u0119 na dominuj\u0105c\u0105 rol\u0119 Chin w Europie w zakresie dostarczania materia\u0142\u00f3w i technologii, od kt\u00f3rych w du\u017cym stopniu zale\u017c\u0105 europejskie \u0142a\u0144cuchy logistyczne wojska. Co wi\u0119cej, zaledwie kilka tygodni wcze\u015bniej UE wezwa\u0142a sojusz transatlantycki do podj\u0119cia takich dzia\u0142a\u0144, dowiedzia\u0142o si\u0119 POLITICO.<\/p>\n<p>Spotkanie za zamkni\u0119tymi drzwiami odzwierciedla rosn\u0105cy niepok\u00f3j w stolicach pa\u0144stw cz\u0142onkowskich NATO coraz wi\u0119kszym uzale\u017cnianiem si\u0119 od Chin. Pekin mo\u017ce wykorzysta\u0107 swoj\u0105 przewag\u0119 w najmniej oczekiwanym momencie. I ju\u017c niewiele b\u0119dzie mo\u017cna zrobi\u0107.<\/p>\n<p class=\"Paragraph_desktopParagraph__U31Gm\">W pa\u017adzierniku br. europejscy urz\u0119dnicy wezwali do wprowadzenia ogranicze\u0144 w celu zmniejszenia udzia\u0142u Chin w rynku technologii wiatrowych i s\u0142onecznych, takich jak panele i falowniki. Ograniczenia te dotycz\u0105 takich firm jak gigant technologiczny Huawei, kt\u00f3ry jest dominuj\u0105cym producentem falownik\u00f3w do paneli s\u0142onecznych.<\/p>\n<p class=\"Paragraph_desktopParagraph__U31Gm\">Organy do spraw cyberbezpiecze\u0144stwa s\u0105 bliskie zako\u0144czenia prac nad nowym &#8222;zestawem narz\u0119dzi&#8221;, kt\u00f3rych celem jest zmniejszenie ryzyka zwi\u0105zanego z \u0142a\u0144cuchami dostaw technologii. Jednym z kluczowych sektor\u00f3w docelowych s\u0105 panele s\u0142oneczne. Na pocz\u0105tku grudnia br. UE wskaza\u0142a import chi\u0144skich falownik\u00f3w s\u0142onecznych jako jeden z kilku obszar\u00f3w zale\u017cno\u015bci o wysokim ryzyku.<\/p>\n<p class=\"Paragraph_desktopParagraph__U31Gm\">Wed\u0142ug dw\u00f3ch urz\u0119dnik\u00f3w UE Szekerinska z NATO m\u00f3wi\u0142a te\u017c o zale\u017cno\u015bci energetycznej Europy od Chin dotyczy r\u00f3wnie\u017c kluczowych surowc\u00f3w i baterii.<\/p>\n<blockquote>\n<p class=\"Paragraph_desktopParagraph__U31Gm\">Komisja Europejska podaje, \u017ce w 2024 r. Chiny odpowiada\u0142y za ok. 98 proc. importu paneli s\u0142onecznych do UE, 24 proc. importu biopaliw oraz coraz wi\u0119ksz\u0105 cz\u0119\u015b\u0107 importu turbin wiatrowych do Unii.<\/p>\n<\/blockquote>\n<p class=\"Paragraph_desktopParagraph__U31Gm\">Biuro prasowe NATO, poproszone o komentarz, skierowa\u0142o POLITICO do kr\u00f3tkiego streszczenia przem\u00f3wienia Radmi\u0142y Szekerinskiej opublikowanego w Internecie.<\/p>\n<p>Rosyjscy hakerzy z grupy Sandworm czaj\u0105 si\u0119 w ukryciu <\/p>\n<p class=\"Paragraph_desktopParagraph__U31Gm\">W poniedzia\u0142ek ministrowie energii spotkali si\u0119, aby om\u00f3wi\u0107 proponowany przez Komisj\u0119 pakiet dotycz\u0105cy sieci energetycznych, kt\u00f3ry ma r\u00f3wnie\u017c na celu wyeliminowanie zagro\u017ce\u0144 dla bezpiecze\u0144stwa infrastruktury energetycznej.<\/p>\n<blockquote>\n<p class=\"Paragraph_desktopParagraph__U31Gm\">Kraje europejskie, zw\u0142aszcza te znajduj\u0105ce si\u0119 na pierwszej linii frontu, naciskaj\u0105 na w\u0142\u0105czenie do pakietu \u015brodk\u00f3w maj\u0105cych na celu usuni\u0119cie najbardziej newralgicznych element\u00f3w sieci energetycznych i informatycznych. Tak twierdzi trzech dyplomat\u00f3w poinformowanych o trwaj\u0105cych rozmowach<\/p>\n<\/blockquote>\n<p class=\"Paragraph_desktopParagraph__U31Gm\">Jak wykaza\u0142y najnowsze badania opublikowane w tym tygodniu, zagro\u017cenia dla sieci energetycznych pochodz\u0105 ze wszystkich stron.<\/p>\n<p class=\"Paragraph_desktopParagraph__U31Gm\">Amazon ujawni\u0142 w poniedzia\u0142ek nowe szczeg\u00f3\u0142y dotycz\u0105ce &#8222;trwaj\u0105cej od lat kampanii sponsorowanej przez pa\u0144stwo rosyjskie&#8221; przeciwko infrastrukturze krytycznej. Chodzi zw\u0142aszcza o sektor energetyczny w Stanach Zjednoczonych, Europie i na Bliskim Wschodzie. Hakerzy atakowali przedsi\u0119biorstwa energetyczne, dostawc\u00f3w energii, firmy zajmuj\u0105ce si\u0119 cyberbezpiecze\u0144stwem w sektorze energetycznym i dostawc\u00f3w us\u0142ug telekomunikacyjnych.<\/p>\n<p class=\"Paragraph_desktopParagraph__U31Gm\">Amazon powi\u0105za\u0142 t\u0119 kampani\u0119 z <a href=\"https:\/\/wiadomosci.onet.pl\/politico\/elitarni-rosyjscy-hakerzy-atakuja-europejski-sektor-energetyczny-wraz-z-nadejsciem\/q95emye\" id=\"d65d2c78-c071-48a3-854b-4393d4161287\" rel=\"nofollow noopener\" target=\"_blank\">rosyjsk\u0105 grup\u0105 Sandworm<\/a>, kt\u00f3r\u0105 zachodnie s\u0142u\u017cby bezpiecze\u0144stwa powi\u0105za\u0142y z moskiewsk\u0105 s\u0142u\u017cb\u0105 wywiadu wojskowego GRU. Sandworm jest jedn\u0105 z najbardziej skrytych grup cyberprzest\u0119pczych Kremla i uwa\u017ca si\u0119, \u017ce stoi za atakiem z 2015 r., kt\u00f3ry spowodowa\u0142 awari\u0119 sieci energetycznej Ukrainy, oraz za kolejnym zak\u0142\u00f3ceniem ukrai\u0144skiej sieci energetycznej w 2023 r.<\/p>\n<p class=\"Paragraph_desktopParagraph__U31Gm\">W ostatnich latach europejska infrastruktura energetyczna r\u00f3wnie\u017c do\u015bwiadczy\u0142a wzrostu liczby atak\u00f3w &#8222;hybrydowych&#8221;, a tak\u017ce jawnych akt\u00f3w sabota\u017cu, w tym <a href=\"https:\/\/wiadomosci.onet.pl\/tylko-w-onecie\/ekspert-ataki-rosji-na-nasza-siec-energetyczna-sa-wiecej-niz-mozliwe\/54mdq2y\" id=\"e015ef91-11d1-4a4a-b525-f3d6fc1674f5\" rel=\"nofollow noopener\" target=\"_blank\">atak\u00f3w na gazoci\u0105g Balticconnector w 2023 r.<\/a> i <a href=\"https:\/\/wiadomosci.onet.pl\/swiat\/zerwanie-przesylu-energii-miedzy-finlandia-a-estonia-nowe-watki\/h8lqfpf\" id=\"51dfa2d9-9e69-424e-8110-1829bc9708b3\" rel=\"nofollow noopener\" target=\"_blank\">podmorski kabel energetyczny EstLink w 2024 r.<\/a><\/p>\n<blockquote>\n<p class=\"Paragraph_desktopParagraph__U31Gm\">Obrona takich obiekt\u00f3w u\u017cyteczno\u015bci publicznej mo\u017ce oznacza\u0107 zwi\u0119kszenie nadzoru, utworzenie rezerw na naprawy lub budow\u0119 fizycznych barier przeciw dronom<\/p>\n<\/blockquote>\n<p class=\"Paragraph_desktopParagraph__U31Gm\">\u2014 t\u0142umaczy jeden z dyplomat\u00f3w.<\/p>\n<p class=\"Paragraph_desktopParagraph__U31Gm\">W ramach przysz\u0142ego wieloletniego bud\u017cetu UE pakiet dotycz\u0105cy sieci energetycznych przewiduje zwi\u0119kszenie finansowania takich \u015brodk\u00f3w obronnych.<\/p>\n<p class=\"Paragraph_desktopParagraph__U31Gm\">Radmi\u0142a Szekerinska m\u00f3wi te\u017c o szczeg\u00f3lnej roli kraj\u00f3w UE, kt\u00f3re mog\u0105 wyra\u017anie zaznaczy\u0107 swoj\u0105 obecno\u015b\u0107, przeznaczaj\u0105c w najbli\u017cszych latach nowe \u015brodki finansowe na obron\u0119, wzmocnienie produkcji krajowej i zabezpieczenie \u0142a\u0144cuch\u00f3w logistycznych.<\/p>\n<p class=\"Paragraph_desktopParagraph__U31Gm\">Obejmuje to zwi\u0119kszenie krajowej produkcji paliwa niezb\u0119dnego do transportu wojskowego i samolot\u00f3w bojowych oraz poszukiwanie nowych technologii wytwarzania paliwa. Chodzi te\u017c o zapewnienie nowych, bardziej niezawodnych \u017ar\u00f3de\u0142 energii elektrycznej dla technologii takich jak radary i drony.<\/p>\n","protected":false},"excerpt":{"rendered":"Kraje cz\u0142onkowskie UE s\u0105 coraz bardziej zaniepokojone odporno\u015bci\u0105 infrastruktury energetycznej Unii na fizyczne i cyfrowe ataki ze strony&hellip;\n","protected":false},"author":2,"featured_media":158261,"comment_status":"","ping_status":"","sticky":false,"template":"","format":"standard","meta":{"footnotes":""},"categories":[14],"tags":[56,32,33,2761,60,25863,4769,66,27,67,34,35,28,31,1395,53,25,31425,52,68,51,55,40,41,62,47,80,29,30,31426,50,26,418,82,83,84,9048],"class_list":{"0":"post-158260","1":"post","2":"type-post","3":"status-publish","4":"format-standard","5":"has-post-thumbnail","7":"category-swiat","8":"tag-article_premium","9":"tag-breaking-news","10":"tag-breakingnews","11":"tag-bruksela","12":"tag-chiny_chinska_republika_ludowa","13":"tag-cyberbezpieczenstwo_yubico","14":"tag-fotowoltaika","15":"tag-give_me_perspective","16":"tag-headlines","17":"tag-intextvideo_splayer","18":"tag-latest-news","19":"tag-latestnews","20":"tag-naglowki","21":"tag-najwazniejsze-artykuly","22":"tag-nato_sojusz_polnocnoatlantycki","23":"tag-new_header","24":"tag-news","25":"tag-ogniwo_sloneczne","26":"tag-onet3","27":"tag-onet3d","28":"tag-onet3d_2i","29":"tag-phx","30":"tag-polish","31":"tag-polski","32":"tag-rosja_kraj_rosjanin_rosjanie_rosjanka_rosjanki","33":"tag-screening_general","34":"tag-swiat","35":"tag-top-stories","36":"tag-topstories","37":"tag-transformacja_energetyczna","38":"tag-v2021","39":"tag-wiadomosci","40":"tag-wladimir_putin_rosyjski_prezydent","41":"tag-world","42":"tag-world-news","43":"tag-worldnews","44":"tag-xi_jinping"},"share_on_mastodon":{"url":"","error":"Validation failed: Text character limit of 500 exceeded"},"_links":{"self":[{"href":"https:\/\/www.europesays.com\/pl\/wp-json\/wp\/v2\/posts\/158260","targetHints":{"allow":["GET"]}}],"collection":[{"href":"https:\/\/www.europesays.com\/pl\/wp-json\/wp\/v2\/posts"}],"about":[{"href":"https:\/\/www.europesays.com\/pl\/wp-json\/wp\/v2\/types\/post"}],"author":[{"embeddable":true,"href":"https:\/\/www.europesays.com\/pl\/wp-json\/wp\/v2\/users\/2"}],"replies":[{"embeddable":true,"href":"https:\/\/www.europesays.com\/pl\/wp-json\/wp\/v2\/comments?post=158260"}],"version-history":[{"count":0,"href":"https:\/\/www.europesays.com\/pl\/wp-json\/wp\/v2\/posts\/158260\/revisions"}],"wp:featuredmedia":[{"embeddable":true,"href":"https:\/\/www.europesays.com\/pl\/wp-json\/wp\/v2\/media\/158261"}],"wp:attachment":[{"href":"https:\/\/www.europesays.com\/pl\/wp-json\/wp\/v2\/media?parent=158260"}],"wp:term":[{"taxonomy":"category","embeddable":true,"href":"https:\/\/www.europesays.com\/pl\/wp-json\/wp\/v2\/categories?post=158260"},{"taxonomy":"post_tag","embeddable":true,"href":"https:\/\/www.europesays.com\/pl\/wp-json\/wp\/v2\/tags?post=158260"}],"curies":[{"name":"wp","href":"https:\/\/api.w.org\/{rel}","templated":true}]}}