{"id":158326,"date":"2025-12-18T17:14:25","date_gmt":"2025-12-18T17:14:25","guid":{"rendered":"https:\/\/www.europesays.com\/pl\/158326\/"},"modified":"2025-12-18T17:14:25","modified_gmt":"2025-12-18T17:14:25","slug":"magda-gessler-w-ogniu-krytyki-chodzi-o-jedno-z-dan-w-menu-u-fukiera","status":"publish","type":"post","link":"https:\/\/www.europesays.com\/pl\/158326\/","title":{"rendered":"Magda Gessler w ogniu krytyki. Chodzi o jedno z da\u0144 w menu &#8222;U Fukiera&#8221;"},"content":{"rendered":"<p class=\"ods-c-paragraph \">Wszyscy kojarz\u0105 <a href=\"https:\/\/plejada.pl\/temat\/magda-gessler-restauratorka\/6wn263q\" id=\"fbe0d885-a6a1-4834-8ed2-4d46af40223a\" rel=\"nofollow noopener\" target=\"_blank\">Magd\u0119 Gessler<\/a> z mi\u0142o\u015bci\u0105 do gotowania i programem &#8222;Kuchenne rewolucje&#8221;, kt\u00f3ry prowadzi ju\u017c od 15 lat, nie ka\u017cdy wie jednak, \u017ce gwiazda z wykszta\u0142cenia jest malark\u0105, a studia uko\u0144czy\u0142a na Kr\u00f3lewskiej Akademii Sztuk Pi\u0119knych \u015bw. Ferdynanda w Madrycie. Ze wzgl\u0119du na zobowi\u0105zania zawodowe ojca, kt\u00f3ry by\u0142 korespondentem Polskiej Agencji Prasowej, znana restauratorka w m\u0142odo\u015bci cz\u0119sto si\u0119 przeprowadza\u0142a, co pozwoli\u0142o jej pozna\u0107 kultur\u0119 i smaki wielu zak\u0105tk\u00f3w \u015bwiata. Jej mi\u0142o\u015b\u0107 do jedzenia zosta\u0142a doceniona m.in. przez kr\u00f3la Juana Carlosa I, a w latach 80. XX wieku Gessler zajmowa\u0142a si\u0119 przygotowywaniem da\u0144 na przyj\u0119cia dla hiszpa\u0144skich dygnitarzy i cz\u0142onk\u00f3w dworu kr\u00f3lewskiego.<\/p>\n<p>Dalszy ci\u0105g artyku\u0142u pod materia\u0142em wideo<\/p>\n<p> Co spowodowa\u0142o protest obro\u0144c\u00f3w praw zwierz\u0105t pod restauracj\u0105 Magdy Gessler? <\/p>\n<p> Jak\u0105 potraw\u0119 usuni\u0119to z menu 'U Fukiera&#8217;? <\/p>\n<p> Dlaczego nie dosz\u0142o do protestu pod restauracj\u0105? <\/p>\n<p> Jakie wykszta\u0142cenie ma Magda Gessler? <\/p>\n<p>  Pod restauracj\u0105 Magdy Gessler mia\u0142 si\u0119 odby\u0107 protest. Posz\u0142o o jedno z da\u0144<\/p>\n<p class=\"ods-c-paragraph \">15 grudnia pod warszawsk\u0105 restauracj\u0105 &#8222;U Fukiera&#8221; mia\u0142 odby\u0107 si\u0119 protest aktywist\u00f3w, kt\u00f3rzy walcz\u0105 o prawa zwierz\u0105t \u2014 wszystko w ramach specjalnego przedsi\u0119wzi\u0119cia, kt\u00f3re ma doprowadzi\u0107 do wycofania kontrowersyjnego foie gras ze wszystkich restauracji w Polsce, ze wzgl\u0119du na drastyczny spos\u00f3b produkcji tego przysmaku kuchni francuskiej.<\/p>\n<p class=\"ods-c-paragraph \">&#8222;Aktywistom Abolicjonistom&#8221; uda\u0142o si\u0119 ju\u017c doprowadzi\u0107 do usuni\u0119cia dania z kart menu kilku warszawskich punkt\u00f3w gastronomicznych, w tym &#8222;U Fukiera&#8221;. Dzi\u0119ki szybkiej decyzji Gessler, do protestu pod jej s\u0142ynn\u0105 restauracj\u0105 ostatecznie nie dosz\u0142o.<\/p>\n<p class=\"ods-c-paragraph \">Wiele pa\u0144stw, w tym Polska w latach 90. XX wieku, zaprzesta\u0142o produkcji foie gras \u2014 pasztet z kaczych i g\u0119sich w\u0105tr\u00f3bek, cho\u0107 kojarzony z luksusem, stanowi udr\u0119k\u0119 dla zwierz\u0105t, kt\u00f3re s\u0105 hodowane w tym celu.<\/p>\n<p class=\"ods-c-paragraph \">Foie gras wytwarza si\u0119 z powi\u0119kszonych w\u0105tr\u00f3b kaczek i g\u0119si, a aby to osi\u0105gn\u0105\u0107, zwierz\u0119ta s\u0105 karmione specjaln\u0105 pasz\u0105 przez d\u0142ug\u0105, metalow\u0105 rurk\u0119, kt\u00f3r\u0105 wpycha si\u0119 przez gard\u0142o. Wszystko po to, aby dosz\u0142o do nienaturalnego st\u0142uszczenia i nawet dziesi\u0119ciokrotnego powi\u0119kszenia w\u0105troby. Karmienie kaczek i g\u0119si w taki spos\u00f3b sprawia, \u017ce inne organy s\u0105 uciskane, a tak\u017ce mo\u017ce doj\u015b\u0107 do uszkodze\u0144 prze\u0142yku, co powoduje u ptak\u00f3w trudno\u015bci z oddychaniem. <\/p>\n<p class=\"ods-c-paragraph \">Komisja Europejska uzna\u0142a karmienie zwierz\u0105t w ten spos\u00f3b za szkodliwe, a w wielu pa\u0144stwach zakazano produkcji wykwintnego pasztetu \u2014 obecno\u015b\u0107 foie gras w Polsce wynika zatem z importu.<\/p>\n<p><img decoding=\"async\" src=\"https:\/\/www.europesays.com\/pl\/wp-content\/uploads\/2025\/12\/miuk9lBaHR0cHM6Ly9vY2RuLmV1L3B1bHNjbXMvTURBXy8xZmQwYmYwNDRjZmEyZDMwYWVkZTIyMjA0MDJmYTM5NS5qcGeRlQLNA.jpeg\" height=\"529\" width=\"940\" alt=\"Magda Gessler\" loading=\"lazy\" class=\"ods-c-image__img ods-c-image__img--vertical\"\/><\/p>\n<p>Magda GesslerPawe\u0142 Wrzecion \/ AKPA<\/p>\n<p> <img decoding=\"async\" src=\"https:\/\/www.europesays.com\/pl\/wp-content\/uploads\/2025\/09\/lgSk9lBaHR0cHM6Ly9vY2RuLmV1L3B1bHNjbXMvTURBXy9jZjdhODMzNWI2NTNiOTc5Y2VmYWVlYjQ5OTVmNzU2ZS5qcGeRlQLNB.jpeg\" height=\"628\" width=\"940\" alt=\"Magda Gessler\" loading=\"lazy\" class=\"ods-c-image__img ods-c-image__img--viewport-width\"\/><\/p>\n<p>Magda GesslerPiotr Andrzejczak \/ MW Media<\/p>\n<p> <img decoding=\"async\" src=\"https:\/\/www.europesays.com\/pl\/wp-content\/uploads\/2025\/12\/4mtk9lBaHR0cHM6Ly9vY2RuLmV1L3B1bHNjbXMvTURBXy9hYTgwZjc5ZGViOGQxNjhjODM2ZTgyZGNhMDdmMjk3ZC5qcGeRlQLNB.jpeg\" height=\"528\" width=\"940\" alt=\"Magda Gessler w&quot;Kuchennych rewolucjach&quot;\" loading=\"lazy\" class=\"ods-c-image__img ods-c-image__img--viewport-width\"\/><\/p>\n<p>Magda Gessler w&#8221;Kuchennych rewolucjach&#8221;&#8221;Kuchenne rewolucje&#8221; \/ TVN<\/p>\n<p> <img decoding=\"async\" src=\"https:\/\/www.europesays.com\/pl\/wp-content\/uploads\/2025\/12\/j_-k9lBaHR0cHM6Ly9vY2RuLmV1L3B1bHNjbXMvTURBXy8zODRhMGU2ZTE5Y2FiODg1YjZlMzAxNmZlMDcxZGI2YS5qcGeRlQLNB.jpeg\" height=\"628\" width=\"940\" alt=\"Magda Gessler\" loading=\"lazy\" class=\"ods-c-image__img ods-c-image__img--viewport-width\"\/><\/p>\n<p>Magda GesslerAndras Szilagyi \/ MW Media<\/p>\n<p class=\"ods-c-paragraph \">Dzi\u0119kujemy, \u017ce przeczyta\u0142a\u015b\/e\u015b nasz artyku\u0142 do ko\u0144ca. W serwisie Plejada.pl ka\u017cdego dnia piszemy o najwa\u017cniejszych wydarzeniach show-biznesowych. B\u0105d\u017a na bie\u017c\u0105co! <a rel=\"nofollow noopener\" href=\"https:\/\/profile.google.com\/cp\/Cg0vZy8xMWJ6X19wdHBx\" id=\"bdf164ca-e004-4d4c-94f6-8afc3819ee21\" target=\"_blank\">Obserwuj<\/a> Plejad\u0119 w Google. Odwied\u017a nas tak\u017ce na <a rel=\"nofollow noopener\" href=\"https:\/\/www.facebook.com\/plejadapl\" id=\"8eb5437a-ad33-4197-980e-94f092575182\" target=\"_blank\">Facebooku<\/a>, <a rel=\"nofollow noopener\" href=\"https:\/\/www.instagram.com\/plejadapl\/\" id=\"e86dd6f6-d6ab-4291-bd8c-404e6df48e99\" target=\"_blank\">Instagramie<\/a>, <a rel=\"nofollow noopener\" href=\"https:\/\/www.youtube.com\/c\/plejada\" id=\"fa8ebe14-f70a-4cd0-a280-e690c36f6d8d\" target=\"_blank\">YouTubie<\/a> oraz <a rel=\"nofollow noopener\" href=\"https:\/\/www.tiktok.com\/@plejada_pl\" id=\"c1269b3c-2637-4e90-89c0-f2973e36a11c\" target=\"_blank\">TikToku<\/a>.<\/p>\n<p class=\"ods-c-paragraph \">Chcesz podzieli\u0107 si\u0119 ciekawym newsem lub zaproponowa\u0107 temat? Skontaktuj si\u0119 z nami, pisz\u0105c maila na adres: <a rel=\"nofollow noopener\" href=\"https:\/\/plejada.pl\/newsy\/magda-gessler-w-ogniu-krytyki-chodzi-o-jedno-z-dan-w-menu-u-fukiera\/mailto:plejada@redakcjaonet.pl\" id=\"afb3437e-e27c-45df-999b-78271782372c\" target=\"_blank\">plejada@redakcjaon<\/a><a href=\"https:\/\/et.pl\" id=\"185e4cfb-4e6d-480a-9d1f-0d035b35bce4\" rel=\"nofollow noopener\" target=\"_blank\">et.pl<\/a>.<\/p>\n<p><script async src=\"\/\/www.instagram.com\/embed.js\"><\/script><script async src=\"\/\/www.tiktok.com\/embed.js\"><\/script><\/p>\n","protected":false},"excerpt":{"rendered":"Wszyscy kojarz\u0105 Magd\u0119 Gessler z mi\u0142o\u015bci\u0105 do gotowania i programem &#8222;Kuchenne rewolucje&#8221;, kt\u00f3ry prowadzi ju\u017c od 15 lat,&hellip;\n","protected":false},"author":2,"featured_media":158327,"comment_status":"","ping_status":"","sticky":false,"template":"","format":"standard","meta":{"footnotes":""},"categories":[22],"tags":[122,553,48,125,46,42,38,40,39,41,6506,123,47,24696],"class_list":{"0":"post-158326","1":"post","2":"type-post","3":"status-publish","4":"format-standard","5":"has-post-thumbnail","7":"category-rozrywka","8":"tag-entertainment","9":"tag-magda_gessler","10":"tag-nat_styl","11":"tag-newsy","12":"tag-omp","13":"tag-pl","14":"tag-poland","15":"tag-polish","16":"tag-polska","17":"tag-polski","18":"tag-prawa_zwierzat","19":"tag-rozrywka","20":"tag-screening_general","21":"tag-u_fukiera"},"share_on_mastodon":{"url":"https:\/\/pubeurope.com\/@pl\/115741698966585671","error":""},"_links":{"self":[{"href":"https:\/\/www.europesays.com\/pl\/wp-json\/wp\/v2\/posts\/158326","targetHints":{"allow":["GET"]}}],"collection":[{"href":"https:\/\/www.europesays.com\/pl\/wp-json\/wp\/v2\/posts"}],"about":[{"href":"https:\/\/www.europesays.com\/pl\/wp-json\/wp\/v2\/types\/post"}],"author":[{"embeddable":true,"href":"https:\/\/www.europesays.com\/pl\/wp-json\/wp\/v2\/users\/2"}],"replies":[{"embeddable":true,"href":"https:\/\/www.europesays.com\/pl\/wp-json\/wp\/v2\/comments?post=158326"}],"version-history":[{"count":0,"href":"https:\/\/www.europesays.com\/pl\/wp-json\/wp\/v2\/posts\/158326\/revisions"}],"wp:featuredmedia":[{"embeddable":true,"href":"https:\/\/www.europesays.com\/pl\/wp-json\/wp\/v2\/media\/158327"}],"wp:attachment":[{"href":"https:\/\/www.europesays.com\/pl\/wp-json\/wp\/v2\/media?parent=158326"}],"wp:term":[{"taxonomy":"category","embeddable":true,"href":"https:\/\/www.europesays.com\/pl\/wp-json\/wp\/v2\/categories?post=158326"},{"taxonomy":"post_tag","embeddable":true,"href":"https:\/\/www.europesays.com\/pl\/wp-json\/wp\/v2\/tags?post=158326"}],"curies":[{"name":"wp","href":"https:\/\/api.w.org\/{rel}","templated":true}]}}